{"id":12023,"date":"2022-10-20T13:47:57","date_gmt":"2022-10-20T13:47:57","guid":{"rendered":"https:\/\/quasarcomunicacion.com.ar\/web\/?p=12023"},"modified":"2022-10-20T13:47:57","modified_gmt":"2022-10-20T13:47:57","slug":"reabre-el-patio-dios-los-cria-en-pilar-centro","status":"publish","type":"post","link":"https:\/\/quasarcomunicacion.com.ar\/web\/reabre-el-patio-dios-los-cria-en-pilar-centro\/","title":{"rendered":"Reabre El Patio \u00abDios Los Cr\u00eda\u00bb en Pilar Centro\u00a0"},"content":{"rendered":"<p>Con tres fechas confirmadas, reabre sus puertas El Patio \u00abDios los Cr\u00eda\u00bb en Pilar centro, un espacio cultural y gastron\u00f3mico en el que no s\u00f3lo se podr\u00e1 disfrutar de comida casera elaborada por los propios due\u00f1os, sino tambi\u00e9n, de buena m\u00fasica en vivo. Las fechas confirmadas son este s\u00e1bado 22 de octubre, el 26 de noviembre y el 10 de diciembre.<!--more--><\/p>\n<p>S\u00f3lo es con reserva previa y capacidad para 20 comensales aproximadamente. Las reservas para ser parte de la experiencia de <strong>El Patio<\/strong> se pueden hacer comunic\u00e1ndose al +54 9 11 5502-6856 y para m\u00e1s informaci\u00f3n se puede ingresar al siguiente link: <a href=\"https:\/\/linktr.ee\/diosloscriapatio\">https:\/\/linktr.ee\/diosloscriapatio<\/a><\/p>\n<p><a href=\"https:\/\/quasarcomunicacion.com.ar\/web\/wp-content\/uploads\/2021\/09\/diosloscria1.gif\"><img class=\"alignnone\" src=\"https:\/\/quasarcomunicacion.com.ar\/web\/wp-content\/uploads\/2021\/09\/diosloscria1.gif\" \/><\/a><\/p>\n<p>La idea surgi\u00f3 el a\u00f1o pasado de la mano del m\u00fasico pilarense H\u00e9ctor Bacci, quien transform\u00f3 el patio de su casa en un lugar de encuentro por el cual pasaron m\u00fasicos, teatro y poes\u00eda.<\/p>\n<p>Como cont\u00f3 Bacci al abrir el a\u00f1o pasado, \u201cLa idea surge a partir de que hace rato que soy m\u00fasico y comparto siempre comida con m\u00fasica y hace un tiempito que estoy incursionando en el tema de la cocina en casa y la merma de trabajo a nivel musical me gener\u00f3 esta idea de poder ahondar tanto en m\u00fasica como en mi afici\u00f3n nueva que tiene que ver con la cocina\u201d.<\/p>\n<p><a href=\"https:\/\/quasarcomunicacion.com.ar\/web\/wp-content\/uploads\/2022\/01\/generaldiosloscria.gif\"><img class=\"alignnone\" src=\"https:\/\/quasarcomunicacion.com.ar\/web\/wp-content\/uploads\/2022\/01\/generaldiosloscria.gif\" \/><\/a><\/p>\n<p>La comida y la m\u00fasica que ofrece el espacio gastron\u00f3mico es una recreaci\u00f3n de las pe\u00f1as norte\u00f1as. \u201cLa idea de las pe\u00f1as norte\u00f1as tiene que ver con mis visitas a Jujuy, a Salta, donde se vive un encuentro de camarader\u00eda y de ambiente familiar\u201d, indica Bacci. Adem\u00e1s, afirma que la gente que \u00e9l invitar\u00eda al lugar son justamente aquellos que se sensibilicen con esta idea y que compartan esos ideales, que tienen que ver con la charla y buena compa\u00f1\u00eda.<\/p>\n<p>Con respecto a lo que se va a poder comer en <strong>Dios los Cr\u00eda Patio<\/strong> \u201ctiene que ver con comida de cacerola, ya sea guiso de lentejas, locro, pollo al disco, hay unas empanadas salte\u00f1as que aprend\u00ed a hacer en alguna de mis visitas al norte\u201d, afirma el m\u00fasico y due\u00f1o del espacio. La m\u00fasica es lo que acompa\u00f1a en todo momento al lugar y ser\u00e1 folklore y tango. \u201cLa propuesta es totalmente ac\u00fastica, no tiene amplificaci\u00f3n el\u00e9ctrica. Es una propuesta abierta donde hay una guitarra, hay gente que normalmente cultiva el folklore y se junta para poder guitarrear y compartir un buen rato\u201d, indica Bacci.<\/p>\n<p>El 25 de septiembre de 2021| fue la gran apertura.<\/p>\n<p>Los objetivos que tiene el nuevo espacio gastron\u00f3mico son \u201cpoder sostener el lugar y que se genere un buen ambiente en la zona y que puedan visitarlo\u201d, afirma Bacci.<\/p>\n<p><strong><em>Por otras im\u00e1genes, audios o entrevistas no dude en contactarse<\/em><\/strong><\/p>\n<p><strong><em> Contactos de Prensa<\/em><\/strong><\/p>\n<table width=\"100%\">\n<tbody>\n<tr>\n<td width=\"50%\"><strong> Candela Morena &#8211; Asistente de Cuentas<\/p>\n<p><\/strong> <b> Directo<\/b><strong>: <\/strong> 0230-4664772<br \/>\n<b> Skype:<\/b> quasarcomunicacion<br \/>\n<b> Instagram<\/b>: @quasarcomunicacion<br \/>\n<b> Twitter:<\/b> @quasarpilar<br \/>\n<b> Gr<\/b><b>upo y p\u00e1gina en Facebook: <\/b> www.facebook.com\/<a href=\"mailto:mfipata@gmail.com\">Quasar<\/a>Comunicacion<br \/>\n<b> Web:<\/b> <a href=\"http:\/\/www.quasarcomunicacion.com.ar\"> www.quasarcomunicacion.com.ar<\/a><\/p>\n<p><b> Mail<\/b><strong>:<\/strong> <a href=\"mailto:fernanda@quasarcomunicacion.com.ar\"> asistente<\/a><a href=\"mailto:fernanda@quasarcomunicacion.com.ar\">@quasarcomunicacion.com.ar<\/a><\/td>\n<td width=\"50%\"><strong> Lic. Mar\u00eda Fernanda Ipata &#8211; Directora<br \/>\n<\/strong> <b><br \/>\n<\/b> <b> M\u00f3vil:<\/b> 0230-15-4584535<br \/>\n<b> Whatsapp<\/b><b>:<\/b><a href=\"https:\/\/bit.ly\/2J4cUvm\"> 11 5312 6795<\/a><br \/>\n<a href=\"https:\/\/bit.ly\/2Sn1zLP\"> Enviar whatsapp aqu\u00ed<\/a><br \/>\n<b> Skype:<\/b> quasarcomunicacion<br \/>\n<b> LinkedIn<\/b><strong>:\u00a0 <\/strong> <strong> <a href=\"http:\/\/www.linkedin.com\/in\/mfipata\"> http:\/\/www.linkedin.com\/in\/mfipata<\/a><\/strong><br \/>\n<a href=\"https:\/\/www.linkedin.com\/company\/quasarcomunicacion\"> https:\/\/www.linkedin.com\/company\/quasarcomunicacion<\/a><br \/>\n<b> Instagram y Facebook:<\/b> @quasarcomunicacion <b><br \/>\nWeb:<\/b> <a href=\"http:\/\/www.quasarcomunicacion.com.ar\"> www.quasarcomunicacion.com.ar<\/a><br \/>\n<b> Mail<\/b><strong>:<\/strong><a href=\"mailto:fernanda@quasarcomunicacion.com.ar\"> fernanda@quasarcomunicacion.com.ar<\/a><br \/>\n<b> Canal de Telegram para acceder a comunicados:<\/b> <a href=\"https:\/\/t.me\/comunicadosQC\">https:\/\/t.me\/comunicadosQC<\/a><br \/>\n<a href=\"https:\/\/t.me\/quasarcomunicacion\"> <b>Telegram: <\/b> <b> https:\/\/t.me\/quasarcomunicacion<\/b><\/a><\/td>\n<\/tr>\n<\/tbody>\n<\/table>\n","protected":false},"excerpt":{"rendered":"<p>Con tres fechas confirmadas, reabre sus puertas El Patio \u00abDios los Cr\u00eda\u00bb en Pilar centro, un espacio cultural y gastron\u00f3mico [&hellip;]<\/p>\n","protected":false},"author":2,"featured_media":11318,"comment_status":"closed","ping_status":"closed","sticky":false,"template":"","format":"standard","meta":[],"categories":[2],"tags":[],"_links":{"self":[{"href":"https:\/\/quasarcomunicacion.com.ar\/web\/wp-json\/wp\/v2\/posts\/12023"}],"collection":[{"href":"https:\/\/quasarcomunicacion.com.ar\/web\/wp-json\/wp\/v2\/posts"}],"about":[{"href":"https:\/\/quasarcomunicacion.com.ar\/web\/wp-json\/wp\/v2\/types\/post"}],"author":[{"embeddable":true,"href":"https:\/\/quasarcomunicacion.com.ar\/web\/wp-json\/wp\/v2\/users\/2"}],"replies":[{"embeddable":true,"href":"https:\/\/quasarcomunicacion.com.ar\/web\/wp-json\/wp\/v2\/comments?post=12023"}],"version-history":[{"count":1,"href":"https:\/\/quasarcomunicacion.com.ar\/web\/wp-json\/wp\/v2\/posts\/12023\/revisions"}],"predecessor-version":[{"id":12024,"href":"https:\/\/quasarcomunicacion.com.ar\/web\/wp-json\/wp\/v2\/posts\/12023\/revisions\/12024"}],"wp:featuredmedia":[{"embeddable":true,"href":"https:\/\/quasarcomunicacion.com.ar\/web\/wp-json\/wp\/v2\/media\/11318"}],"wp:attachment":[{"href":"https:\/\/quasarcomunicacion.com.ar\/web\/wp-json\/wp\/v2\/media?parent=12023"}],"wp:term":[{"taxonomy":"category","embeddable":true,"href":"https:\/\/quasarcomunicacion.com.ar\/web\/wp-json\/wp\/v2\/categories?post=12023"},{"taxonomy":"post_tag","embeddable":true,"href":"https:\/\/quasarcomunicacion.com.ar\/web\/wp-json\/wp\/v2\/tags?post=12023"}],"curies":[{"name":"wp","href":"https:\/\/api.w.org\/{rel}","templated":true}]}}