{"id":11995,"date":"2022-09-28T13:52:59","date_gmt":"2022-09-28T13:52:59","guid":{"rendered":"https:\/\/quasarcomunicacion.com.ar\/web\/?p=11995"},"modified":"2022-09-28T13:52:59","modified_gmt":"2022-09-28T13:52:59","slug":"en-octubre-continua-el-festival-itinerante-de-guitarras-de-la-provincia-de-buenos-aires-organizado-por-dios-los-cria","status":"publish","type":"post","link":"https:\/\/quasarcomunicacion.com.ar\/web\/en-octubre-continua-el-festival-itinerante-de-guitarras-de-la-provincia-de-buenos-aires-organizado-por-dios-los-cria\/","title":{"rendered":"En octubre contin\u00faa el Festival Itinerante de Guitarras de la Provincia de Buenos Aires organizado por Dios los Cr\u00eda"},"content":{"rendered":"<p><strong>Dios los Cr\u00eda<\/strong> convoc\u00f3 a cuatro guitarristas oriundos de la Provincia de Buenos Aires para encabezar el <strong>I Festival Itinerante de Guitarras<\/strong>, una propuesta cultural con la finalidad de contribuir a la difusi\u00f3n de la m\u00fasica guitarrista, cl\u00e1sica y popular, sumando tambi\u00e9n nuevas composiciones, a las ya existentes.<\/p>\n<p>Informes y reservas al\u00a0 +54 9 11 5502-6856 o por las redes sociales de Dios los Cr\u00eda Patio (@diosloscriapatio).<!--more--><\/p>\n<p>De esta manera, el 1\u00b0 de octubre la las 21 hs y con entrada libre y gratuita ser\u00e1 el turno de la presentaci\u00f3n en el Teatro Municipal Angel Alonso de Pilar (Pedro Lagrave 725, Pilar centro) y el 7 de octubre a las 21 hs en Escobar en Espacio de Arte Kalimba (Don Bosco 841, con entrada al sobre.<\/p>\n<p><a href=\"https:\/\/quasarcomunicacion.com.ar\/web\/wp-content\/uploads\/2022\/09\/guitarrasgiles.jpg\"><img class=\"aligncenter\" src=\"https:\/\/quasarcomunicacion.com.ar\/web\/wp-content\/uploads\/2022\/09\/guitarrasgiles.jpg\" \/><\/a><\/p>\n<p>Cuatro ciudades comienzan a tejer lazos a trav\u00e9s de la guitarra, en esta primera edici\u00f3n de un festival \u00fanico, por sus caracter\u00edsticas, en diversas localidades bonaerenses. Dicho Festival ya tuvo su apertura en San Andr\u00e9s de Giles en el mes de Julio) y continuar\u00e1 en octubre en Escobar y Pilar donde los guitarristas interpretar\u00e1n obras de M\u00e1ximo Pujol, Marcelo Coronel, Roland Dyens y tambi\u00e9n de H\u00e9ctor Bacci y Marcelo Ferraris.<\/p>\n<p>Hector Bacci y Marcelo Ferraris, directores art\u00edsticos del festival, estar\u00e1n participando junto a las guitarristas Youree Choi y Laura Stefanile.<\/p>\n<p><strong>Dios los Cr\u00eda<\/strong> viene a ocupar un espacio olvidado por los grandes festivales, donde lo sobrio se constituye en el sustrato. El m\u00fasico y su instrumento, inmerso en un \u00e1mbito preparado para el disfrute de una sonoridad que parte de un madero y se estrecha con el alma del espectador.<\/p>\n<p><a href=\"https:\/\/quasarcomunicacion.com.ar\/web\/wp-content\/uploads\/2022\/07\/guitarras.gif\"><img class=\"aligncenter\" src=\"https:\/\/quasarcomunicacion.com.ar\/web\/wp-content\/uploads\/2022\/07\/guitarras.gif\" \/><\/a><\/p>\n<p><strong>Acerca de los artistas<\/strong><\/p>\n<p><strong>H\u00e9ctor Bacci: <\/strong> Guitarrista que transit\u00f3 por distintos estilos musicales que van desde el Flamenco al Tango.<br \/>\nRealiz\u00f3 giras por Brasil, Uruguay, Espa\u00f1a Francia y B\u00e9lgica.<br \/>\nActualmente integra varios grupos como guitarrista, voz y arreglador Alma mater de Dios los Cr\u00eda.<\/p>\n<p><strong>Marcelo Ferraris: <\/strong> Guitarrista, mandolinista, arreglador y compositor argentino. Se caracteriza por sus profundas melod\u00edas y sus lenguajes combinados. Navega entre lo cl\u00e1sico y lo contempor\u00e1neo con gran ductilidad conquistando sonoridades \u00fanicas a trav\u00e9s de sus interpretaciones y orquestaciones de desarrollan amplios recursos est\u00e9ticos. Con obras publicadas en Argentina, Per\u00fa, EEUU y Alemania en 2018 se vincula con el cine y el teatro.<\/p>\n<p><strong>Laura Stefanile:<\/strong> Guitarrista. Egres\u00f3 del Conservatorio Juan Jos\u00e9 Castro en 2003 como Profesora Superior de Guitarra, realizando luego varios de cursos de Perfeccionamiento. Ha tocado en diferentes agrupaciones y actualmente se dedica al repertorio de Guitarra Solista, especializ\u00e1ndose en la M\u00fasica Rioplatense y Latinoamericana. Ha participado en Festivales y Conciertos de guitarra abriendo el Festival Guitarras del mundo en el Centro Cultural Kirchner en 2021. Otros conciertos la han llevado a Bariloche \u201cFestival de M\u00fasica en los Lagos\u201d, San Martin de los Andes \u201cCentro Cultural Amancay, entre otros. En su anterior agrupaci\u00f3n de d\u00fao, ha ganado el Primer Premio en el Segundo Concurso Pomponio-Martinez Z\u00e1rate y ha tocado en el Sal\u00f3n Dorado del Teatro Col\u00f3n. Actualmente se encuentra brindando conciertos, grabando su segundo Disco Solista, y es Profesora en Conservatorios de la Provincia de Buenos Aires.<\/p>\n<p><strong>Youree Choi:<\/strong> Guitarrista y violinista de la ciudad de Escobar, Buenos Aires. Obtuvo el t\u00edtulo de profesora de Educaci\u00f3n musical en el a\u00f1o 2020. Se ha formado con maestros como Sebasti\u00e1n Pompilio, Daniela Rossi, Emiliano Quaranta ,V\u00edctor Villadangos, Quique Sinesi, Omar Cirulnilk. Actualmente se encuentra cursando el posgrado de especializaci\u00f3n en guitarra latinoamericana en Mar del Plata con maestros como Eduardo Isaac y Martin Fedyna. Se ha presentado como solista y participado en diferentes festivales nacionales e internacionales entre los cuales se destaca el festival Guitarras del mundo, el Ciclo de Conciertos de Guitarra Cl\u00e1sica, (Misiones; Argentina), Classical guitar Minds, asi como diferentes ciclos de solistas. Ha participado como guitarrista y violinista en la grabaci\u00f3n de diferentes discos de destacados artistas del tango y del folclore. Actualmente forma parte del cuarteto de guitarras \u201cJP Ferreyra\u201d.<\/p>\n<p><strong><em>Por otras im\u00e1genes, audios o entrevistas no dude en contactarse<\/em><\/strong><\/p>\n<p><strong><em> Contactos de Prensa<\/em><\/strong><\/p>\n<table width=\"100%\">\n<tbody>\n<tr>\n<td width=\"50%\"><strong> Candela Villanueva &#8211; Ejecutiva de Cuentas<\/p>\n<p><\/strong> <b> Directo<\/b><strong>: <\/strong> 0230-4664772<br \/>\n<b> Skype:<\/b> quasarcomunicacion<br \/>\n<b> Instagram<\/b>: @quasarcomunicacion<br \/>\n<b> Twitter:<\/b> @quasarpilar<br \/>\n<b> Gr<\/b><b>upo y p\u00e1gina en Facebook: <\/b> www.facebook.com\/<a href=\"mailto:mfipata@gmail.com\">Quasar<\/a>Comunicacion<br \/>\n<b> Web:<\/b> <a href=\"http:\/\/www.quasarcomunicacion.com.ar\"> www.quasarcomunicacion.com.ar<\/a><\/p>\n<p><b> Mail<\/b><strong>:<\/strong> <a href=\"mailto:fernanda@quasarcomunicacion.com.ar\"> candela<\/a><a href=\"mailto:fernanda@quasarcomunicacion.com.ar\">@quasarcomunicacion.com.ar<\/a><\/td>\n<td width=\"50%\"><strong> Lic. Mar\u00eda Fernanda Ipata &#8211; Directora<br \/>\n<\/strong> <b><br \/>\n<\/b> <b> M\u00f3vil:<\/b> 0230-15-4584535<br \/>\n<b> Whatsapp<\/b><b>:<\/b><a href=\"https:\/\/bit.ly\/2J4cUvm\"> 11 5312 6795<\/a><br \/>\n<a href=\"https:\/\/bit.ly\/2Sn1zLP\"> Enviar whatsapp aqu\u00ed<\/a><br \/>\n<b> Skype:<\/b> quasarcomunicacion<br \/>\n<b> LinkedIn<\/b><strong>:\u00a0 <\/strong> <strong> <a href=\"http:\/\/www.linkedin.com\/in\/mfipata\"> http:\/\/www.linkedin.com\/in\/mfipata<\/a><\/strong><br \/>\n<a href=\"https:\/\/www.linkedin.com\/company\/quasarcomunicacion\"> https:\/\/www.linkedin.com\/company\/quasarcomunicacion<\/a><br \/>\n<b> Instagram y Facebook:<\/b> @quasarcomunicacion <b><br \/>\nWeb:<\/b> <a href=\"http:\/\/www.quasarcomunicacion.com.ar\"> www.quasarcomunicacion.com.ar<\/a><br \/>\n<b> Mail<\/b><strong>:<\/strong><a href=\"mailto:fernanda@quasarcomunicacion.com.ar\"> fernanda@quasarcomunicacion.com.ar<\/a><br \/>\n<b> Canal de Telegram para acceder a comunicados:<\/b> <a href=\"https:\/\/t.me\/comunicadosQC\"> https:\/\/t.me\/comunicadosQC<\/a><br \/>\n<a href=\"https:\/\/t.me\/quasarcomunicacion\"> <b>Telegram: <\/b> <b> https:\/\/t.me\/quasarcomunicacion<\/b><\/a><\/td>\n<\/tr>\n<\/tbody>\n<\/table>\n","protected":false},"excerpt":{"rendered":"<p>Dios los Cr\u00eda convoc\u00f3 a cuatro guitarristas oriundos de la Provincia de Buenos Aires para encabezar el I Festival Itinerante [&hellip;]<\/p>\n","protected":false},"author":2,"featured_media":11994,"comment_status":"closed","ping_status":"closed","sticky":false,"template":"","format":"standard","meta":[],"categories":[2],"tags":[],"_links":{"self":[{"href":"https:\/\/quasarcomunicacion.com.ar\/web\/wp-json\/wp\/v2\/posts\/11995"}],"collection":[{"href":"https:\/\/quasarcomunicacion.com.ar\/web\/wp-json\/wp\/v2\/posts"}],"about":[{"href":"https:\/\/quasarcomunicacion.com.ar\/web\/wp-json\/wp\/v2\/types\/post"}],"author":[{"embeddable":true,"href":"https:\/\/quasarcomunicacion.com.ar\/web\/wp-json\/wp\/v2\/users\/2"}],"replies":[{"embeddable":true,"href":"https:\/\/quasarcomunicacion.com.ar\/web\/wp-json\/wp\/v2\/comments?post=11995"}],"version-history":[{"count":1,"href":"https:\/\/quasarcomunicacion.com.ar\/web\/wp-json\/wp\/v2\/posts\/11995\/revisions"}],"predecessor-version":[{"id":11996,"href":"https:\/\/quasarcomunicacion.com.ar\/web\/wp-json\/wp\/v2\/posts\/11995\/revisions\/11996"}],"wp:featuredmedia":[{"embeddable":true,"href":"https:\/\/quasarcomunicacion.com.ar\/web\/wp-json\/wp\/v2\/media\/11994"}],"wp:attachment":[{"href":"https:\/\/quasarcomunicacion.com.ar\/web\/wp-json\/wp\/v2\/media?parent=11995"}],"wp:term":[{"taxonomy":"category","embeddable":true,"href":"https:\/\/quasarcomunicacion.com.ar\/web\/wp-json\/wp\/v2\/categories?post=11995"},{"taxonomy":"post_tag","embeddable":true,"href":"https:\/\/quasarcomunicacion.com.ar\/web\/wp-json\/wp\/v2\/tags?post=11995"}],"curies":[{"name":"wp","href":"https:\/\/api.w.org\/{rel}","templated":true}]}}