{"id":11991,"date":"2022-09-22T13:53:35","date_gmt":"2022-09-22T13:53:35","guid":{"rendered":"https:\/\/quasarcomunicacion.com.ar\/web\/?p=11991"},"modified":"2022-09-22T20:37:00","modified_gmt":"2022-09-22T20:37:00","slug":"proyecto-dane-nomino-a-eugenia-villamagna-a-los-globant-awards-women-that-build","status":"publish","type":"post","link":"https:\/\/quasarcomunicacion.com.ar\/web\/proyecto-dane-nomino-a-eugenia-villamagna-a-los-globant-awards-women-that-build\/","title":{"rendered":"Proyecto DANE nomin\u00f3 a Eugenia Villamagna a los Globant Awards: \u201cWomen that Build\u201d"},"content":{"rendered":"<p>Globant anunci\u00f3 la tercera edici\u00f3n de sus premios a la comunidad femenina del desarrollo tecnol\u00f3gico, los <strong>\u201cWomen that Build Awards\u201d<\/strong>, y en esta oportunidad desde <strong> Proyecto DANE<\/strong> nominaron dentro de la categor\u00eda de \u201cEstrella Naciente\u201d a la responsable de contenido de la entidad, <strong>Mar\u00eda Eugenia Villamagna. <\/strong><\/p>\n<p>Hasta el 23 de septiembre se la podr\u00e1 votar ingresando en este link <a href=\"http:\/\/womenawards.globant.com\/2022\/RisingStar\/MariaEugeniaVillamagna\"> http:\/\/womenawards.globant.com\/2022\/RisingStar\/MariaEugeniaVillamagna<\/a> <!--more--><\/p>\n<p>Estos premios de Globant fueron creados con el objetivo de apoyar el desarrollo de mujeres l\u00edderes y talentosas en la industria de la tecnolog\u00eda, promoviendo as\u00ed el desarrollo, la inclusi\u00f3n y d\u00e1ndoles reconocimiento a las mujeres que son fuente de inspiraci\u00f3n y visibilizaci\u00f3n del talento femenino en compa\u00f1\u00edas STEAM (Science, Technology, Engineering and Mathematics).<\/p>\n<p><a href=\"https:\/\/quasarcomunicacion.com.ar\/web\/wp-content\/uploads\/2022\/09\/villamagna.gif\"><img class=\"aligncenter\" src=\"https:\/\/quasarcomunicacion.com.ar\/web\/wp-content\/uploads\/2022\/09\/villamagna.gif\" \/><\/a><\/p>\n<p><em>\u201cLos premios est\u00e1n dise\u00f1ados para estimular la innovaci\u00f3n y colaboraci\u00f3n en la industria tecnol\u00f3gica mientras promueven la pluralidad y conectan a mujeres de diferentes partes del mundo\u201d, <\/em>se\u00f1alaron desde Globant con respecto a la tercera edici\u00f3n de la premiaci\u00f3n que otorgar\u00e1 reconocimientos a nivel global.<\/p>\n<p>Entre las nominadas de todo el mundo una de ellas es Mar\u00eda Eugenia Villamagna, argentina Licenciada en Psicopedagog\u00eda, y que forma parte del equipo de contenidos en <strong>Proyecto DANE<\/strong>, organizaci\u00f3n dedicada al desarrollo de aplicaciones para el aprendizaje, desarrollo de habilidades y desempe\u00f1o m\u00e1s aut\u00f3nomo de personas con discapacidad. Las mismas tienen un dise\u00f1o espec\u00edfico buscando que puedan ser utilizadas del modo m\u00e1s aut\u00f3nomo posible y se descargan de manera gratuita siendo accesibles para todos.<\/p>\n<p>Adem\u00e1s tiene un Posgrado en Trastornos del Aprendizaje del Hospital Italiano y Posgrado en Educaci\u00f3n Especial para Trastornos del Desarrollo de Flacso Argentina. Y fue finalista al Premio al Educador del A\u00f1o otorgado por el Polo Educativo Pilar en 2014.<\/p>\n<p><em>\u201cEntr\u00e9 al mundo de la tecnolog\u00eda educativa con la ambici\u00f3n de lograr la igualdad digital para todos los estudiantes\u201d<\/em>, se\u00f1al\u00f3 Villamagna, quien desde 1997 comenz\u00f3 a involucrarse con la tecnolog\u00eda a trav\u00e9s de diferentes propuestas de IBM, software y adaptaciones que ofrec\u00edan nuevas posibilidades a personas con limitaciones f\u00edsicas. Comenz\u00f3 al trabajar en Asociaci\u00f3n de Lucha Contra la Par\u00e1lisis Infantil (ALPI), donde colabor\u00f3 en la investigaci\u00f3n y an\u00e1lisis de software. Luego se uni\u00f3 a Proyecto DANE colaborando en el dise\u00f1o de aplicaciones para m\u00f3vil con un formato amigable enfocadas en desarrollar habilidades personales, inclusi\u00f3n y vida independiente para personas con discapacidades.<\/p>\n<p><a href=\"https:\/\/quasarcomunicacion.com.ar\/web\/wp-content\/uploads\/2022\/09\/villamagna1.gif\"><img class=\"aligncenter\" src=\"https:\/\/quasarcomunicacion.com.ar\/web\/wp-content\/uploads\/2022\/09\/villamagna1.gif\" \/><\/a><\/p>\n<p><em>\u201cProyecto DANE me ofrece la posibilidad de colaborar en la generaci\u00f3n de aplicaciones respetando las necesidades espec\u00edficas de personas con discapacidad y de las ayudas que necesitan para aprender, interactuar con otros y manejarse en la sociedad\u201d<\/em>, manifest\u00f3 sobre su rol a trav\u00e9s del cual particip\u00f3 en el desarrollo de m\u00e1s de 16 aplicaciones m\u00f3viles gratuitas con m\u00e1s de 150 mil descargas.<\/p>\n<p>En este sentido, Villamagna manifest\u00f3 que <em> \u201cdesde el equipo reflexionan y se cuestionan c\u00f3mo brindar igualdad de oportunidades teniendo en cuenta las caracter\u00edsticas propias de cada discapacidad para ayudar a las personas que puedan mejorar su calidad de vida\u201d. <\/em><\/p>\n<p><em>\u201cEstoy comprometida en cambiar el entorno de las personas con discapacidad a trav\u00e9s de la tecnolog\u00eda brindando mejores oportunidades para su desarrollo personal\u201d, <\/em>a\u00f1adi\u00f3 la profesional que tambi\u00e9n coordina el proceso de inclusi\u00f3n en los Colegios Los Robles y El Buen Ayre.<\/p>\n<p>Para concluir, con respecto a su nominaci\u00f3n, Villamagna agreg\u00f3: <em>\u201cEs una posibilidad de que tomemos consciencia de lo importante que es, cada uno desde su lugar, poder ser parte de la construcci\u00f3n de una sociedad m\u00e1s equitativa y a su vez brindar recursos para que, aquellas personas que necesitan m\u00e1s apoyo, puedan desenvolverse con mayor naturalidad y autonom\u00eda en la sociedad\u201d. <\/em><\/p>\n<p><strong>Globant Awards: \u201cWomen that Build\u201d <\/strong><\/p>\n<p>El 16 de agosto de 2022 Globant present\u00f3 la tercera edici\u00f3n de los \u201cWomen that Build Awards\u201d tocando la campana de apertura en la bolsa de Nueva York junto a representantes de la compa\u00f1\u00eda y las ganadoras de las ediciones anteriores, las cuales contaron con 4000 candidatas de 25 pa\u00edses diferentes, m\u00e1s 80 mil votos y 90 jurados internacionales.<\/p>\n<p><em>\u201cLa tecnolog\u00eda sol\u00eda ser una aspiraci\u00f3n para la transformaci\u00f3n digital, hoy es el entorno de cualquier trabajo. Buscamos promover y liderar juntos el cambio para las mujeres dentro de la industria de IT, generando un impacto que atraviese industrias, geograf\u00edas y culturas\u201d,<\/em> manifest\u00f3 la compa\u00f1\u00eda con respecto a los premios que organiza a\u00f1o tras a\u00f1o.<\/p>\n<p>En esta edici\u00f3n 2022 los premios cuentan con cinco categor\u00edas: Tech Entrepreneur, Digital Leader, Rising Star, Board Executive, y Techfluencer. Por cada categor\u00eda se premiar\u00e1 a una ganadora a nivel mundial en base a la decisi\u00f3n de un panel de jueces con integrantes de Argentina, Brasil, Chile, Colombia, India, M\u00e9xico y el Caribe, Per\u00fa y Ecuador, Espa\u00f1a, Reino Unido, Estados Unidos, Canad\u00e1 y Uruguay.<\/p>\n<p>Las ganadoras ser\u00e1n destacadas en la cartelera del Times Square en Nueva York y ser\u00e1n invitadas a un taller internacional con las ganadoras y finalistas de ediciones anteriores. A su vez, los premios Globant otorgar\u00e1n becas a programas de liderazgo realizados en destacadas universidades.<\/p>\n<p><em>\u201cEn Globant queremos reconocer a las mujeres que han forjado el camino hacia la tecnolog\u00eda y que est\u00e1n transformando nuestro mundo de manera positiva\u201d,<\/em> manifest\u00f3 con respecto a la premiaci\u00f3n Mart\u00edn Migoya, CEO y cofundador de Globant.<\/p>\n<p><strong>Acerca de Fundaci\u00f3n TINC<\/strong><\/p>\n<p>FUNDACI\u00d3N TINC \u2013 TECNOLOG\u00cdA POR LA INCLUSI\u00d3N SOCIAL, es una entidad de car\u00e1cter civil sin fines de lucro creada por profesionales del \u00e1rea de la tecnolog\u00eda, y la educaci\u00f3n, que articula el trabajo con universidades, ONGs, y empresas privadas, para desarrollar tecnolog\u00edas inclusivas.<br \/>\nEn TINC se promueven proyectos tecnol\u00f3gicos que ofrezcan una respuesta concreta a las necesidades de las personas con discapacidad, y otros sectores vulnerables; con el fin de mejorar su integraci\u00f3n social y calidad de vida. Realizan proyectos propios o articulando con otros actores. En la actualidad llevan adelante: Proyecto Nahual; Club de Chicas Programadoras y Proyecto DANE.<\/p>\n<p><a href=\"http:\/\/www.tinc.org.ar\">www.tinc.org.ar<\/a><\/p>\n<p><a href=\"https:\/\/quasarcomunicacion.com.ar\/web\/wp-content\/uploads\/2022\/09\/fundaciontinc.gif\"><img class=\"alignnone\" src=\"https:\/\/quasarcomunicacion.com.ar\/web\/wp-content\/uploads\/2022\/09\/fundaciontinc.gif\" \/><\/a><\/p>\n<p><strong>Acerca de Proyecto DANE<\/strong><\/p>\n<p>El Proyecto DANE es una iniciativa que nuclea a programadores, desarrolladores, profesionales de la educaci\u00f3n, psic\u00f3logos, terapistas ocupacionales y ONGs para desarrollar aplicaciones m\u00f3viles gratuitas destinadas a personas con discapacidad. Las aplicaciones del Proyecto DANE buscan entrenar habilidades acad\u00e9micas, funcionales, comunicacionales y tambi\u00e9n sociales y sensoriales. Desde su creaci\u00f3n han desarrollado m\u00e1s de 16 aplicaciones junto a ASDRA, Apadea y FUNDASOR. Actualmente forma parte de la Fundaci\u00f3n TINC Tecnolog\u00edas por la inclusi\u00f3n, que nuclea diferentes iniciativas relacionadas con la utilizaci\u00f3n de la tecnolog\u00eda con fines sociales.<\/p>\n<p><a href=\"http:\/\/www.proyectodane.org\">www.proyectodane.org<\/a><\/p>\n<p>M\u00e1s info <a href=\"https:\/\/www.youtube.com\/watch?v=mmRj2PVElIw\"> https:\/\/www.youtube.com\/watch?v=mmRj2PVElIw<\/a><\/p>\n<p><a href=\"https:\/\/quasarcomunicacion.com.ar\/web\/wp-content\/uploads\/2022\/09\/proyectodane.gif\"><img class=\"alignnone\" src=\"https:\/\/quasarcomunicacion.com.ar\/web\/wp-content\/uploads\/2022\/09\/proyectodane.gif\" \/><\/a><\/p>\n<p><strong><em>Por otras im\u00e1genes, audios o entrevistas no dude en contactarse<\/em><\/strong><\/p>\n<p><strong><em> Contactos de Prensa<\/em><\/strong><\/p>\n<table width=\"100%\">\n<tbody>\n<tr>\n<td width=\"50%\"><strong> Ayel\u00e9n Segovia &#8211; Asistente de Cuentas<\/strong><\/p>\n<p><b> Directo<\/b><strong>: <\/strong> 0230-4664772<br \/>\n<b> Skype:<\/b> quasarcomunicacion<br \/>\n<b> Instagram<\/b>: @quasarcomunicacion<br \/>\n<b> Twitter:<\/b> @quasarpilar<br \/>\n<b> Gr<\/b><b>upo y p\u00e1gina en Facebook: <\/b> www.facebook.com\/<a href=\"mailto:mfipata@gmail.com\">Quasar<\/a>Comunicacion<br \/>\n<b> Web:<\/b> <a href=\"http:\/\/www.quasarcomunicacion.com.ar\"> www.quasarcomunicacion.com.ar<\/a><\/p>\n<p><b> Mail<\/b><strong>:<\/strong> <a href=\"mailto:fernanda@quasarcomunicacion.com.ar\"> asistente<\/a><a href=\"mailto:fernanda@quasarcomunicacion.com.ar\">@quasarcomunicacion.com.ar<\/a><\/td>\n<td width=\"50%\"><strong> Lic. Mar\u00eda Fernanda Ipata &#8211; Directora<br \/>\n<\/strong> <b><br \/>\n<\/b> <b> M\u00f3vil:<\/b> 0230-15-4584535<br \/>\n<b> Whatsapp<\/b><b>:<\/b><a href=\"https:\/\/bit.ly\/2J4cUvm\"> 11 5312 6795<\/a><br \/>\n<a href=\"https:\/\/bit.ly\/2Sn1zLP\"> Enviar whatsapp aqu\u00ed<\/a><br \/>\n<b> Skype:<\/b> quasarcomunicacion<br \/>\n<b> LinkedIn<\/b><strong>:\u00a0 <\/strong> <strong> <a href=\"http:\/\/www.linkedin.com\/in\/mfipata\"> http:\/\/www.linkedin.com\/in\/mfipata<\/a><\/strong><br \/>\n<a href=\"https:\/\/www.linkedin.com\/company\/quasarcomunicacion\"> https:\/\/www.linkedin.com\/company\/quasarcomunicacion<\/a><br \/>\n<b> Instagram y Facebook:<\/b> @quasarcomunicacion <b><br \/>\nWeb:<\/b> <a href=\"http:\/\/www.quasarcomunicacion.com.ar\"> www.quasarcomunicacion.com.ar<\/a><br \/>\n<b> Mail<\/b><strong>:<\/strong><a href=\"mailto:fernanda@quasarcomunicacion.com.ar\"> fernanda@quasarcomunicacion.com.ar<\/a><br \/>\n<b> Telegram: https:\/\/t.me\/QuasarComunicacion<\/b><br \/>\n<b> Canal de Telegram para acceder a comunicados:<\/b> https:\/\/t.me\/comunicadosQC<\/td>\n<\/tr>\n<\/tbody>\n<\/table>\n","protected":false},"excerpt":{"rendered":"<p>Globant anunci\u00f3 la tercera edici\u00f3n de sus premios a la comunidad femenina del desarrollo tecnol\u00f3gico, los \u201cWomen that Build Awards\u201d, [&hellip;]<\/p>\n","protected":false},"author":2,"featured_media":11989,"comment_status":"closed","ping_status":"closed","sticky":false,"template":"","format":"standard","meta":[],"categories":[2],"tags":[],"_links":{"self":[{"href":"https:\/\/quasarcomunicacion.com.ar\/web\/wp-json\/wp\/v2\/posts\/11991"}],"collection":[{"href":"https:\/\/quasarcomunicacion.com.ar\/web\/wp-json\/wp\/v2\/posts"}],"about":[{"href":"https:\/\/quasarcomunicacion.com.ar\/web\/wp-json\/wp\/v2\/types\/post"}],"author":[{"embeddable":true,"href":"https:\/\/quasarcomunicacion.com.ar\/web\/wp-json\/wp\/v2\/users\/2"}],"replies":[{"embeddable":true,"href":"https:\/\/quasarcomunicacion.com.ar\/web\/wp-json\/wp\/v2\/comments?post=11991"}],"version-history":[{"count":2,"href":"https:\/\/quasarcomunicacion.com.ar\/web\/wp-json\/wp\/v2\/posts\/11991\/revisions"}],"predecessor-version":[{"id":11993,"href":"https:\/\/quasarcomunicacion.com.ar\/web\/wp-json\/wp\/v2\/posts\/11991\/revisions\/11993"}],"wp:featuredmedia":[{"embeddable":true,"href":"https:\/\/quasarcomunicacion.com.ar\/web\/wp-json\/wp\/v2\/media\/11989"}],"wp:attachment":[{"href":"https:\/\/quasarcomunicacion.com.ar\/web\/wp-json\/wp\/v2\/media?parent=11991"}],"wp:term":[{"taxonomy":"category","embeddable":true,"href":"https:\/\/quasarcomunicacion.com.ar\/web\/wp-json\/wp\/v2\/categories?post=11991"},{"taxonomy":"post_tag","embeddable":true,"href":"https:\/\/quasarcomunicacion.com.ar\/web\/wp-json\/wp\/v2\/tags?post=11991"}],"curies":[{"name":"wp","href":"https:\/\/api.w.org\/{rel}","templated":true}]}}