{"id":11967,"date":"2022-09-13T18:59:26","date_gmt":"2022-09-13T18:59:26","guid":{"rendered":"https:\/\/quasarcomunicacion.com.ar\/web\/?p=11967"},"modified":"2022-09-21T18:30:46","modified_gmt":"2022-09-21T18:30:46","slug":"cena-solidaria-de-la-fundacion-prossalud-en-pilar","status":"publish","type":"post","link":"https:\/\/quasarcomunicacion.com.ar\/web\/cena-solidaria-de-la-fundacion-prossalud-en-pilar\/","title":{"rendered":"Cena Solidaria de la Fundaci\u00f3n ProSalud en Pilar"},"content":{"rendered":"<p>El pr\u00f3ximo jueves 29 de septiembre a las 20 hs en El Dorado eventos la <strong>Fundaci\u00f3n Prosalud<\/strong>, brazo solidario del Hospital Universitario Austral, realiza su <strong>IX Cena Solidaria <\/strong>para recaudar fondos para la atenci\u00f3n de personas en situaci\u00f3n de vulnerabilidad. El evento contar\u00e1 con la conducci\u00f3n de Mariano Iudica y un show imperdible de Manuel Wirzt. Como siempre, estar\u00e1n presentes las Trillizas de Oro que son las madrinas. <!--more--><\/p>\n<p>Informes y reserva de entradas al +54 9 11 4577-4564 o por mail <a href=\"mailto:fundacionprosalud@cas.austral.edu.ar\">fundacionprosalud@cas.austral.edu.ar<\/a> El Dorado Eventos est\u00e1 ubicado en <span style=\"font-weight: 400;\"> Vasco Da Gama 122, Pilar.<\/span><\/p>\n<p><a href=\"https:\/\/quasarcomunicacion.com.ar\/web\/wp-content\/uploads\/2022\/09\/prosaludcena2.gif\"><img class=\"aligncenter\" src=\"https:\/\/quasarcomunicacion.com.ar\/web\/wp-content\/uploads\/2022\/09\/prosaludcena2.gif\" \/><\/a><\/p>\n<p>Desde hace 11 a\u00f1os organizan en el mes de septiembre una cena solidaria a beneficio de los pacientes de <strong>Fundaci\u00f3n ProSalud<\/strong>. Las anfitrionas son las madrinas de este evento, Laura, Emilia y Eugenia Fern\u00e1ndez Rousse, las Trillizas de Oro.<\/p>\n<p>Adem\u00e1s, reconocidos artistas colaboran en eventos anteriores sum\u00e1ndose a esta gran movida solidaria: C\u00e9sar Banana Pueyrred\u00f3n, Ram\u00f3n \u201cPalito\u201d Ortega, Sandra Mihanovich, Alejandro Lerner, Diego Torres, Kevin Johansen, y Maxi Trusso, entre otros, los acompa\u00f1aron a lo largo de estos a\u00f1os.<\/p>\n<p>La <strong>Fundacio\u0301n ProSalud <\/strong>nace de la mano y del corazo\u0301n de un grupo de personas que son\u0303aron con poner medicina de primer nivel al alcance de familias de la comunidad de Pilar que viven en situacio\u0301n de vulnerabilidad.<\/p>\n<p>Comenzo\u0301 su trabajo hace 22 an\u0303os facilitando que muchos nin\u0303os y adultos puedan realizar estudios, tratamientos y cirugi\u0301as que no pueden ser resueltos en el a\u0301mbito de la salud pu\u0301blica de la zona.<\/p>\n<p>Siguiendo los valores y la misio\u0301n del <strong>Hospital Universitario Austral<\/strong>, <strong>Fundacio\u0301n ProSalud <\/strong>su brazo solidario, abre su corazo\u0301n a la comunidad de Pilar promoviendo la cultura de la vida.<\/p>\n<p>Los casos que llegan a la Fundaci\u00f3n provienen de los Hospitales Municipales, centros de atenci\u00f3n primaria de salud de los barrios, postas sanitarias, otras ONGs que trabajan en la zona, hogares de ni\u00f1os y centros de rehabilitaci\u00f3n entre otros.<\/p>\n<p><a href=\"https:\/\/quasarcomunicacion.com.ar\/web\/wp-content\/uploads\/2022\/09\/prosaludcena1.gif\"><img class=\"aligncenter\" src=\"https:\/\/quasarcomunicacion.com.ar\/web\/wp-content\/uploads\/2022\/09\/prosaludcena1.gif\" \/><\/a><\/p>\n<p>El Consejo de Administraci\u00f3n de <strong>ProSalud<\/strong> eval\u00faa cada uno de los casos en base a la pr\u00e1ctica solicitada y al informe socioambiental elaborado por nuestra trabajadora social social.<\/p>\n<p>Los pacientes que se atienden en el <strong>Hospital Universitario Austral <\/strong>a trav\u00e9s de <strong>ProSalud <\/strong>presentan patolog\u00edas de mediana y alta complejidad que requieren pr\u00e1cticas programadas.<\/p>\n<p>Desde que el <strong>Hospital Austral<\/strong> abri\u00f3 sus puertas <strong>Fundaci\u00f3n ProSalud<\/strong> realiz\u00f3 m\u00e1s de 15 mil consultas especializadas y estudios: neurol\u00f3gicos, cardiol\u00f3gicos, laboratorios, polisomnograf\u00edas, resonancias magn\u00e9ticas, tomograf\u00edas y medicina nuclear entre otros.<\/p>\n<p>Tambi\u00e9n solventaron m\u00e1s de 480 cirug\u00edas e internaciones. Durante 2020 y 2021, en el contexto de pandemia por SARS COVID-19, <strong>Fundacio\u0301n ProSalud<\/strong> continuo\u0301 su labor a pesar de la situacio\u0301n.<\/p>\n<p><a href=\"https:\/\/quasarcomunicacion.com.ar\/web\/wp-content\/uploads\/2022\/09\/prosaludcena.gif\"><img class=\"aligncenter\" src=\"https:\/\/quasarcomunicacion.com.ar\/web\/wp-content\/uploads\/2022\/09\/prosaludcena.gif\" \/><\/a><\/p>\n<p>A\u00fan cuando la dificultad para recaudar fondos puso en riesgo su capacidad de repuesta, crecieron exponencialmente en otros \u00e1mbitos, orientando a las familias en la resolucio\u0301n de temas de diversa i\u0301ndole.<\/p>\n<p><strong>Fundaci\u00f3n ProSalud <\/strong>recauda fondos para el cumplimiento de sus objetivos mediante el<br \/>\ngeneroso aporte de particulares, empresas y otras organizaciones. Adem\u00e1s, realiza diversos eventos deportivos y culturales. Tambi\u00e9n se reciben donaciones mensuales por d\u00e9bito autom\u00e1tico.<\/p>\n<p>Todos los a\u00f1os organizan un circuito de golf solidario las mejores canchas de la zona.<\/p>\n<p>Cuentan con el apoyo de empresas de primer nivel y la generosa participaci\u00f3n de muchos jugadores que pasan un d\u00eda entre amigos sum\u00e1ndose a nuestra tarea solidaria.<\/p>\n<p><strong><em>Por otras im\u00e1genes, audios o entrevistas no dude en contactarse<\/em><\/strong><\/p>\n<p><strong><em> Contactos de Prensa<\/em><\/strong><\/p>\n<table width=\"100%\">\n<tbody>\n<tr>\n<td width=\"50%\"><strong> Candela Villanueva &#8211; Asistente de Cuentas<\/strong><\/p>\n<p><b> Directo<\/b><strong>: <\/strong> 0230-4664772<br \/>\n<b> Skype:<\/b> quasarcomunicacion<br \/>\n<b> Instagram<\/b>: @quasarcomunicacion<br \/>\n<b> Twitter:<\/b> @quasarpilar<br \/>\n<b> Gr<\/b><b>upo y p\u00e1gina en Facebook: <\/b> www.facebook.com\/<a href=\"mailto:mfipata@gmail.com\">Quasar<\/a>Comunicacion<br \/>\n<b> Web:<\/b> <a href=\"http:\/\/www.quasarcomunicacion.com.ar\"> www.quasarcomunicacion.com.ar<\/a><\/p>\n<p><b> Mail<\/b><strong>:<\/strong> <a href=\"mailto:fernanda@quasarcomunicacion.com.ar\"> candela<\/a><a href=\"mailto:fernanda@quasarcomunicacion.com.ar\">@quasarcomunicacion.com.ar<\/a><\/td>\n<td width=\"50%\"><strong> Lic. Mar\u00eda Fernanda Ipata &#8211; Directora<br \/>\n<\/strong> <b><br \/>\n<\/b> <b> M\u00f3vil:<\/b> 0230-15-4584535<br \/>\n<b> Whatsapp<\/b><b>:<\/b><a href=\"https:\/\/bit.ly\/2J4cUvm\"> 11 5312 6795<\/a><br \/>\n<a href=\"https:\/\/bit.ly\/2Sn1zLP\"> Enviar whatsapp aqu\u00ed<\/a><br \/>\n<b> Skype:<\/b> quasarcomunicacion<br \/>\n<b> LinkedIn<\/b><strong>:\u00a0 <\/strong> <strong> <a href=\"http:\/\/www.linkedin.com\/in\/mfipata\"> http:\/\/www.linkedin.com\/in\/mfipata<\/a><\/strong><br \/>\n<a href=\"https:\/\/www.linkedin.com\/company\/quasarcomunicacion\"> https:\/\/www.linkedin.com\/company\/quasarcomunicacion<\/a><br \/>\n<b> Instagram y Facebook:<\/b> @quasarcomunicacion <b><br \/>\nWeb:<\/b> <a href=\"http:\/\/www.quasarcomunicacion.com.ar\"> www.quasarcomunicacion.com.ar<\/a><br \/>\n<b> Mail<\/b><strong>:<\/strong><a href=\"mailto:fernanda@quasarcomunicacion.com.ar\"> fernanda@quasarcomunicacion.com.ar<\/a><br \/>\n<b> Telegram: https:\/\/t.me\/QuasarComunicacion<\/b><br \/>\n<b> Canal de Telegram para acceder a comunicados:<\/b> https:\/\/t.me\/comunicadosQC<\/td>\n<\/tr>\n<\/tbody>\n<\/table>\n","protected":false},"excerpt":{"rendered":"<p>El pr\u00f3ximo jueves 29 de septiembre a las 20 hs en El Dorado eventos la Fundaci\u00f3n Prosalud, brazo solidario del [&hellip;]<\/p>\n","protected":false},"author":2,"featured_media":11966,"comment_status":"closed","ping_status":"closed","sticky":false,"template":"","format":"standard","meta":[],"categories":[2],"tags":[],"_links":{"self":[{"href":"https:\/\/quasarcomunicacion.com.ar\/web\/wp-json\/wp\/v2\/posts\/11967"}],"collection":[{"href":"https:\/\/quasarcomunicacion.com.ar\/web\/wp-json\/wp\/v2\/posts"}],"about":[{"href":"https:\/\/quasarcomunicacion.com.ar\/web\/wp-json\/wp\/v2\/types\/post"}],"author":[{"embeddable":true,"href":"https:\/\/quasarcomunicacion.com.ar\/web\/wp-json\/wp\/v2\/users\/2"}],"replies":[{"embeddable":true,"href":"https:\/\/quasarcomunicacion.com.ar\/web\/wp-json\/wp\/v2\/comments?post=11967"}],"version-history":[{"count":2,"href":"https:\/\/quasarcomunicacion.com.ar\/web\/wp-json\/wp\/v2\/posts\/11967\/revisions"}],"predecessor-version":[{"id":11987,"href":"https:\/\/quasarcomunicacion.com.ar\/web\/wp-json\/wp\/v2\/posts\/11967\/revisions\/11987"}],"wp:featuredmedia":[{"embeddable":true,"href":"https:\/\/quasarcomunicacion.com.ar\/web\/wp-json\/wp\/v2\/media\/11966"}],"wp:attachment":[{"href":"https:\/\/quasarcomunicacion.com.ar\/web\/wp-json\/wp\/v2\/media?parent=11967"}],"wp:term":[{"taxonomy":"category","embeddable":true,"href":"https:\/\/quasarcomunicacion.com.ar\/web\/wp-json\/wp\/v2\/categories?post=11967"},{"taxonomy":"post_tag","embeddable":true,"href":"https:\/\/quasarcomunicacion.com.ar\/web\/wp-json\/wp\/v2\/tags?post=11967"}],"curies":[{"name":"wp","href":"https:\/\/api.w.org\/{rel}","templated":true}]}}