{"id":11961,"date":"2022-09-12T21:26:54","date_gmt":"2022-09-12T21:26:54","guid":{"rendered":"https:\/\/quasarcomunicacion.com.ar\/web\/?p=11961"},"modified":"2022-09-12T21:27:34","modified_gmt":"2022-09-12T21:27:34","slug":"la-universidad-siglo-21-dijo-presente-en-la-expo-educativa-2022-realizada-en-pilar","status":"publish","type":"post","link":"https:\/\/quasarcomunicacion.com.ar\/web\/la-universidad-siglo-21-dijo-presente-en-la-expo-educativa-2022-realizada-en-pilar\/","title":{"rendered":"La Universidad Siglo 21 dijo presente en la Expo Educativa 2022 realizada en Pilar"},"content":{"rendered":"<p>El pasado jueves 8 y viernes 9 de septiembre el <strong> Centro de Aprendizaje Universitario (CAU) <\/strong>de la <strong>Universidad Siglo 21<\/strong> ubicado en el Tortugas Open Mall (TOM) junto al pr\u00f3ximo a abrirse en Km 50 de Pilar estuvieron con un stand presentando su oferta educativa de la <strong>ExpoEducativa 2022<\/strong> que se realiz\u00f3 en el Microestadio Municipal de Pilar Ricardo Rusticucci por el que pasaron miles de alumnos de los \u00faltimos a\u00f1os del secundario.<!--more--><\/p>\n<p>\u00ab<em>Como Universidad Siglo 21 nos encontramos muy contentos de haber participado en la Expo Educativa Pilar 2022, siendo dos Jornadas intensas de di\u00e1logo e informaci\u00f3n con J\u00f3venes Pilarenses que buscan una alternativa de educaci\u00f3n superior que se adapte a sus tiempos, posibilidades y los acompa\u00f1e para que puedan <strong>trabajar y estudiar<\/strong>\u00ab,<\/em> dijo el Mgter. Guillermo Su\u00e1rez, Presidente de <strong>Identidad Argentina<\/strong> y Titular del Centro de Aprendizaje Universitario Tortugas Open Mall de la <strong>Universidad Siglo 21.<\/strong><\/p>\n<p><a href=\"https:\/\/quasarcomunicacion.com.ar\/web\/wp-content\/uploads\/2022\/09\/siglo21expo2.gif\"><img class=\"aligncenter\" src=\"https:\/\/quasarcomunicacion.com.ar\/web\/wp-content\/uploads\/2022\/09\/siglo21expo2.gif\" \/><\/a><\/p>\n<p>\u00ab<em>Cada uno de los interesados, todos j\u00f3venes del Siglo 21, que nos visitaron en nuestro Stand conviven con experiencias digitales las cuales forman parte de su cotidianidad. Por ello buscan nuestra Universidad basada su oferta educativa en la modalidad mediada por la Tecnolog\u00eda para proyectar sus estudios universitarios sin interrumpir otras actividades y especialmente lograr una inserci\u00f3n laboral\u00bb<\/em>, agreg\u00f3 Su\u00e1rez, experto en educaci\u00f3n mediada por tecnolog\u00eda. <em> \u00abEstudiar en Universidad Siglo 21 les permitir\u00e1 potenciar las habilidades y competencias del desarrollo digital que demandar\u00e1 el futuro del trabajo\u00bb<\/em>, complet\u00f3.<\/p>\n<p>Adem\u00e1s, la <strong>Universidad Siglo 21<\/strong> anunci\u00f3 la pr\u00f3xima apertura de un CAU en Pilar Walkk en diciembre pr\u00f3ximo, con aulas, un caf\u00e9 y espacio para el arte.<\/p>\n<p><a href=\"https:\/\/quasarcomunicacion.com.ar\/web\/wp-content\/uploads\/2022\/09\/siglo21expo1.gif\"><img class=\"aligncenter\" src=\"https:\/\/quasarcomunicacion.com.ar\/web\/wp-content\/uploads\/2022\/09\/siglo21expo1.gif\" \/><\/a><\/p>\n<p>Por \u00faltimo, Su\u00e1rez destaca que <em> \u00abtuvimos la oportunidad en esta Expo de lograr sinergias, charlas colaborativas, pensamientos cooperativos con diferentes instituciones del ecosistema educativo pilarense, como as\u00ed tambi\u00e9n con autoridades del Municipio destacando su compromiso por la formaci\u00f3n profesional y universitaria de los J\u00f3venes en la Ciudad. Nos sentimos muy orgullosos de formar parte de la oferta educativa en Pilar, por ello nuestro trabajo e importante inversi\u00f3n para la apertura de un nuevo Centro de Aprendizaje Universitario de Siglo 21 en la Ciudad en este 2022\u00bb<\/em>.<\/p>\n<p>La <strong> ExpoEducativa <\/strong>expuso la oferta educativa vigente del Distrito y la Feria de Ciencia y Tecnolog\u00eda con la incorporaci\u00f3n de un espacio destinado a las Artes dando paso a la Feria de Arte, Ciencia y Tecnolog\u00eda.<\/p>\n<p>Y se destinaron dos aulas para estrechar el v\u00ednculo entre Educaci\u00f3n y Trabajo en aulas acondicionadas para que m\u00e1s de 40 representantes de las firmas radicadas en Pilar puedan disertar en 15-20 minutos con los estudiantes acerca de sus planificaciones estrat\u00e9gicas u otros aspectos vinculados con la incorporaci\u00f3n de profesionales y t\u00e9cnicos.<\/p>\n<p>La <strong> Universidad Siglo 21<\/strong> es una instituci\u00f3n dedicada a la Educaci\u00f3n Superior, e inserta dentro de la comunidad, promoviendo una interrelaci\u00f3n constante y fluida con las empresas del medio, de manera de ofrecer respuestas acordes a las necesidades de las mismas.<\/p>\n<p><a href=\"https:\/\/quasarcomunicacion.com.ar\/web\/wp-content\/uploads\/2022\/09\/siglo21expo.gif\"><img class=\"aligncenter\" src=\"https:\/\/quasarcomunicacion.com.ar\/web\/wp-content\/uploads\/2022\/09\/siglo21expo.gif\" \/><\/a><\/p>\n<p>El primer CAU Mall ubicado en el Tortugas Open Mall cuenta con todas las comodidades como seguridad, estacionamiento, atenci\u00f3n de lunes a lunes de 9 a 21 hs, espacio de coworking equipado con la mejor tecnolog\u00eda y todos los servicios del shopping con importantes beneficios en sus locales para los alumnos.<\/p>\n<p>En el \u00faltimo tiempo han ampliado el laboratorio con m\u00e1s computadoras para el uso de los alumnos, m\u00e1s personal para la atenci\u00f3n apuntando al crecimiento y mejora en los servicios a sus alumnos.<\/p>\n<p>Actualmente el CAU TOM cuenta con m\u00e1s de 1000 alumnos, donde se dictan m\u00e1s de 55 carreras.<\/p>\n<p>M\u00e1s info <a href=\"http:\/\/siglo21tortugasmall.com.ar\/carreras\/\"> http:\/\/siglo21tortugasmall.com.ar\/carreras\/<\/a> o escribiendo a \u00a0Informes@siglo21tortugasmall.com.ar. El CAU TOM est\u00e1 ubicado en Tortugas Open Mall, Panamericana Km 36.5, Ramal Pilar Buenos Aires y brinda carreras en modalidad distribuida y home.<\/p>\n<p>De esta manera, con una duraci\u00f3n de 2 a 3 a\u00f1os se pueden cursar programas con\u00a0t\u00edtulos oficiales, habilitados por el\u00a0Ministerio de Educaci\u00f3n de la Naci\u00f3n.\u00a0La <strong>Universidad Siglo 21<\/strong> cuenta con autonom\u00eda luego de conseguir certificaci\u00f3n de CONEAU.<\/p>\n<p>Las Carreras de Pregrado que se pueden cursar en Modalidad Distribuida \/ Distribuida Home son las siguientes:<\/p>\n<ul style=\"font-weight: 400;\">\n<li>Tec. en Investigaci\u00f3n de la Escena del Crimen<\/li>\n<li>Tec. Universitaria en Redes Inform\u00e1ticas y Telecomunicaciones\u00a0&#8211;\u00a0\u00a1Nueva Carrera!<\/li>\n<li>Martillero, Corredor P\u00fablico y Corredor Inmobiliario<\/li>\n<li>Tec. en Higiene y Seguridad Laboral<\/li>\n<li>Tec. en Gesti\u00f3n y Responsabilidad Social<\/li>\n<li>Tec.\u00a0en Gesti\u00f3n y Auditor\u00edas Ambientales.<\/li>\n<li>Tec. en Gesti\u00f3n de Empresas Familiares<\/li>\n<li>Tec. en Administraci\u00f3n y Gesti\u00f3n Tributaria<\/li>\n<li>Tec. en Administraci\u00f3n P\u00fablica y Gesti\u00f3n de Pol\u00edticas P\u00fablicas.<\/li>\n<li>Tec. en Marketing Digital y Publicidad<\/li>\n<li>Tec. en Dise\u00f1o y Animaci\u00f3n Digital<\/li>\n<li>Tec. en Gesti\u00f3n de Recursos Tur\u00edsticos<\/li>\n<li>Tec. en Gesti\u00f3n del Clima en las Organizaciones<\/li>\n<li>Procurador\u00a0(3 a\u00f1os)<\/li>\n<li>T\u00e9cnico Universitario en Promoci\u00f3n comunitaria en ni\u00f1ez y adolescencia<\/li>\n<li>Tec. en Gesti\u00f3n Administrativa de Servicios de Salud<\/li>\n<li>Tec.\u00a0en Hidrocarburos y Geociencia<\/li>\n<li>Tec. en Direcci\u00f3n en Protocolo, Organizaci\u00f3n de Eventos y Relaciones P\u00fablicas<\/li>\n<li>Tec. en Relaciones Laborales<\/li>\n<li>Tec. en Gesti\u00f3n de la moda<\/li>\n<\/ul>\n<p>Por otro lado, tambi\u00e9n se pueden estudiar las siguientes carreras de grado con una duraci\u00f3n de 4 a 5 a\u00f1os y con t\u00edtulos oficiales, habilitados por el Ministerio de Educaci\u00f3n de la Naci\u00f3n.<\/p>\n<p>Las Carreras de Grado que se pueden cursar en Modalidad Distribuida \/ Distribuida Home en el <strong>CAU TOM<\/strong> son las siguientes:<\/p>\n<p>Abogac\u00eda<br \/>\nContador P\u00fablico<br \/>\nLic. en Administraci\u00f3n<br \/>\nLic. en Administraci\u00f3n Agraria<br \/>\nLic. en Administraci\u00f3n P\u00fablica<br \/>\nLic. en Comercializaci\u00f3n (Marketing)<br \/>\nLic. en Comercio Internacional<br \/>\nLic. En Criminolog\u00eda y Seguridad &#8211; \u00a1Nueva Carrera!<br \/>\nLic. En Log\u00edstica Global &#8211; \u00a1Nueva Carrera!<br \/>\nLic. en Dise\u00f1o y Animaci\u00f3n Digital<br \/>\nLic. en Gesti\u00f3n Ambiental<br \/>\nLic. en Gesti\u00f3n de Recursos Humanos<br \/>\nLic. en Gesti\u00f3n Tur\u00edstica<br \/>\nLic. en Higiene, Seguridad y Medio Ambiente del trabajo<br \/>\nLic. en Inform\u00e1tica<br \/>\nLic. en Periodismo<br \/>\nLic. en Publicidad- \u00a1Nueva Carrera!<br \/>\nLic. en Relaciones Internacionales<br \/>\nLic. en Relaciones P\u00fablicas e Institucionales<br \/>\nLicenciatura en Administraci\u00f3n Hotelera<br \/>\nLic. en Educaci\u00f3n (2 a\u00f1os) &#8211; Requisito tener t\u00edtulo de Profesor que acredite 1200 hs reloj<br \/>\nEscriban\u00eda (1 a\u00f1o) &#8211; Requisito tener t\u00edtulo de Abogado<\/p>\n<p>Adem\u00e1s, los alumnos podr\u00e1n acceder a toda la oferta de carreras de la Universidad gracias a las modalidades de Educaci\u00f3n Distribuida, con clases online y cursada presencial una vez por semana, y Educaci\u00f3n Distribuida Home, mediante clases completamente virtuales. En ambos casos, se trata de formatos flexibles y adaptables, con m\u00e9todos tecnol\u00f3gicos y pedag\u00f3gicos de vanguardia.<\/p>\n<p>Las diferentes modalidades de cursado de la Universidad Siglo 21 atienden a la diversidad de caracter\u00edsticas y circunstancias particulares de los estudiantes. Desde lo presencial a lo virtual, pasando por la posibilidad de integrar estos formatos, las modalidades Presencial, Presencial Home, Educaci\u00f3n Distribuida, Educaci\u00f3n Distribuida Home y Aprendizaje para la Vida y Posgrados virtuales cumplen la finalidad de ajustarse mejor a la realidad de los alumnos.<\/p>\n<p>En este sentido, la Universidad busca liderar la transformaci\u00f3n de los modelos pedag\u00f3gicos con base en las enormes oportunidades que las tecnolog\u00edas de la informaci\u00f3n brindan y que permanecen a\u00fan desaprovechadas en el campo educativo. Investigar y desarrollar la Educaci\u00f3n a Distancia es un modo de aportar a la inclusi\u00f3n social, la cual se concibe no s\u00f3lo como una necesidad de progreso individual, sino como un imperativo del pa\u00eds para su competitividad internacional.<\/p>\n<p>Basada en sus valores de Universidad laica, inclusiva, trascendente y democr\u00e1tica, Siglo 21 se define como una comunidad que forma, capacita y desarrolla ciudadanos comprometidos y l\u00edderes emprendedores. Esta b\u00fasqueda de valores en los estudiantes se traduce en un conjunto de materias transversales program\u00e1ticas en torno a la pr\u00e1ctica solidaria, el liderazgo y el desarrollo emprendedor.<\/p>\n<p>Para lograr este objetivo, organismos como la Secretar\u00eda de Investigaci\u00f3n, los Institutos Acad\u00e9micos, los Centros de Excelencia, figuras como el Mentor de Carrera, el Centro de Recursos para el Aprendizaje y la Investigaci\u00f3n (CRAI) o la Escuela de Negocios y Posgrado, se enfocan en tender un puente entre los estudiantes, el mundo productivo y las comunidades. Esto se hace concreto en actividades conjuntas con empresas y organizaciones amigas, convenios de colaboraci\u00f3n en extensi\u00f3n, pr\u00e1cticas profesionales y solidarias, desarrollo de planes formativos y capacitaciones junto con instituciones y empresas que buscan cubrir demandas reales y responsabilidades sociales.<\/p>\n<p>De esta manera, ayudar a las personas a mejorar sus opciones vitales a trav\u00e9s de la educaci\u00f3n, se traduce tambi\u00e9n en profesionales capaces de llevar su formaci\u00f3n, valores y capacidad de liderazgo a la consolidaci\u00f3n de una sociedad cada vez m\u00e1s democr\u00e1tica, solidaria, \u00e9tica y productiva.<\/p>\n<p><strong>Identidad Argentina<\/strong>, una empresa nacional fundada en los pilares de la innovaci\u00f3n y el conocimiento, es representante de la <strong>Universidad Siglo 21<\/strong> en el <strong>CAU TOM<\/strong> y <strong> Rosario<\/strong>.<\/p>\n<p><strong>Acerca de la Universidad Siglo 21<\/strong><\/p>\n<p>Es la instituci\u00f3n educativa de nivel superior privada m\u00e1s elegida por los argentinos, seg\u00fan datos oficiales del Anuario de Estad\u00edsticas Universitarias del Ministerio de Educaci\u00f3n de la Naci\u00f3n. Fue creada en 1995 por la familia Rabbat en la provincia de C\u00f3rdoba. Su rectora es la Mgter. Mar\u00eda Bel\u00e9n Mend\u00e9. Tiene sede en la ciudad de C\u00f3rdoba y presencia en las 23 provincias argentinas, la Ciudad Aut\u00f3noma de Buenos Aires y la Ant\u00e1rtida Argentina (Base Orcadas), a trav\u00e9s de m\u00e1s de 350 Centros de Aprendizaje Universitario (CAUs).<\/p>\n<p>En Universidad Siglo 21 estudian m\u00e1s de 65.000 alumnos y cuenta con m\u00e1s de 30.000 egresados. La propuesta educativa de la instituci\u00f3n est\u00e1 compuesta por m\u00e1s de 100 programas de pregrado, grado, posgrado y formaci\u00f3n continua a trav\u00e9s de metodolog\u00edas educativas de vanguardia atravesadas por la tecnolog\u00eda.<\/p>\n<p>Junto a Ilumno, red global de universidades de LATAM, Siglo 21 lidera en la regi\u00f3n los avances en la incorporaci\u00f3n de nuevas tecnolog\u00edas y recursos de innovaci\u00f3n did\u00e1ctica a los procesos de ense\u00f1anza-aprendizaje generando esquemas y modelos que se adaptan a las distintas caracter\u00edsticas y tiempos de las personas.<\/p>\n<p>El Modelo de Aprendizaje por Competencias (MAC) le permite a los alumnos adquirir competencias del saber, del ser y del hacer; dise\u00f1adas por el cuerpo acad\u00e9mico junto con l\u00edderes representantes del mundo productivo y social de la regi\u00f3n.<\/p>\n<p>Ofrece el primer MBA Virtual del pa\u00eds. Actualmente es la \u00fanica Universidad de la regi\u00f3n que cuenta con una alianza con la FCB Universitas para la generaci\u00f3n y dictado de programas educativos en distintas \u00e1reas claves de aplicaci\u00f3n tales como los servicios m\u00e9dicos, el rendimiento, la tecnolog\u00eda, los deportes de equipo y las ciencias sociales, entre otras.<\/p>\n<p>www.21.edu.ar<\/p>\n<p><strong>Acerca de Identidad Argentina<\/strong><\/p>\n<p>Identidad Argentina es una organizaci\u00f3n nacional, con presencia federal, dedicada a la Industria de la Innovaci\u00f3n y el Conocimiento, para el desarrollo, transformaci\u00f3n y crecimiento de las organizaciones privadas, p\u00fablicas y mixtas en Argentina, por medio de diversas alternativas de productos y servicios en el<br \/>\n\u00e1mbito de la Educaci\u00f3n, la Econom\u00eda y la Cultura trav\u00e9s de sus Unidades Estrat\u00e9gicas.<\/p>\n<p><em><u>\u00bfQui\u00e9nes somos?<\/u><\/em><\/p>\n<p>Fundada como una empresa nativa digital, el equipo de conducci\u00f3n y colaboradores, con experiencia y trayectoria en el \u00e1mbito educativo, acad\u00e9mico y profesional, se encuentra distribuido geogr\u00e1ficamente en el pa\u00eds. Asimismo, y creyendo en el esp\u00edritu colaborativo y sin\u00e9rgico de la Innovaci\u00f3n y el Conocimiento, para el desarrollo de las organizaciones y los ecosistemas locales donde se encuentran, distingue a <strong>Identidad Argentina<\/strong>:<\/p>\n<p><strong>Red de Partners y Expertos Estrat\u00e9gicos<\/strong>: Especialistas en las diversas \u00e1reas disciplinarias y profesionales, reconocidos nacional e internacionalmente.<\/p>\n<p><strong>Red de Nodos Estrat\u00e9gicos y L\u00edderes de Desarrollo Territorial en Argentina<\/strong>: Embajadores de la marca con experiencia y conocimiento local, esenciales para brindar un valor diferencial en todo el pa\u00eds.<\/p>\n<p><strong>Alianzas Estrat\u00e9gicas<\/strong>: son parte de organizaciones del sector, apostando a sinergia institucionales y la econom\u00eda colaborativa.<\/p>\n<p><u>Visi\u00f3n<\/u>: Ser usina de\u00a0soluciones integrales, inteligentes, para el Fortalecimiento Institucional y Desarrollo Territorial de las organizaciones en el Pa\u00eds, promoviendo su crecimiento sustentable, econ\u00f3mico e inclusivo.<\/p>\n<p><u>V<\/u><u>alores<\/u>: Federalismo, Innovaci\u00f3n, Institucionalidad.<\/p>\n<p>La propuesta de valor se apoya en los diversos servicios y productos que ofrecen a trav\u00e9s de:<\/p>\n<p><strong> Ecosistema Cultural<\/strong>: Con la misi\u00f3n de federalizar y democratizar el Arte, la Lectura, la Cultura y la Educaci\u00f3n en todo el pa\u00eds, ofrecen una variada propuesta cultural a trav\u00e9s de la Tienda Online <a href=\"http:\/\/www.ecosistemacultural.com\"> www.ecosistemacultural.com<\/a>, y la primera Tienda Sustentable, ubicada en C\u00f3rdoba Capital, La Docta, en una esquina Patrimonio Cultural, del emblem\u00e1tico Barrio Alberdi.<\/p>\n<p>Asimismo, y desde la Innovaci\u00f3n, esta unidad se dedica a la Promoci\u00f3n, Gesti\u00f3n y Producci\u00f3n Cultural, por medio de una atractiva y diversa agenda cultural online y presencial (desde la tienda sustentable) y proyectos como \u201cCaja de Tiempo\u201d, el club de lectura desarrollado junto a Por Qu\u00e9 Leer.<\/p>\n<p><strong>Academia Identidad Argentina<\/strong>: A trav\u00e9s de un propio Sistema Integral de Aprendizaje Virtual (InnovaVirtual), dise\u00f1an, producen y dictan m\u00e1s de 20 Programas de formaci\u00f3n profesional y desarrollo de competencias t\u00e9cnicas, vinculados a especializaciones y expertise de alta demanda en el mercado, basados en la Innovaci\u00f3n y el Conocimiento. Los mismos son 100% online, y est\u00e1n certificados por la <strong> C\u00e1mara Argentina para la Formaci\u00f3n Profesional y Capacitaci\u00f3n Laboral. <\/strong>Para finales de este a\u00f1o estiman superar los 30 cursos.<\/p>\n<p><strong><em>InnovaVirtual<\/em><\/strong> propone una manera innovadora, inteligente, din\u00e1mica y accesible de incorporar los conocimientos, habilidades y experiencias, desde cualquier lugar del pa\u00eds y la regi\u00f3n.<\/p>\n<p><strong>Innovaci\u00f3n en el Aprendizaje: <\/strong>Para acompa\u00f1ar las necesidades de formaci\u00f3n, capacitaci\u00f3n, desarrollo de competencias y habilidades, y actualizaci\u00f3n profesional y t\u00e9cnica de las organizaciones y sus equipos, dise\u00f1an Programas de formaci\u00f3n a medida, robustas y a trav\u00e9s de la Red de Profesores y Expertos estrat\u00e9gicos en tem\u00e1ticas de Innovaci\u00f3n y Conocimiento. El modelo de aprendizaje que proponen, se basa en el conocimiento y experiencia individual, colectiva e inspiracional.<\/p>\n<p><strong>Desarrollo Organizacional<\/strong>: Brindan Consultor\u00eda y Asesoramiento profesional a todo tipo de organizaciones, a trav\u00e9s de una vasta Red de Expertos en \u00e1reas disciplinarias afines a la transformaci\u00f3n cultural y digital, gesti\u00f3n del talento humano, equipos de alto desempe\u00f1o, ciberseguridad, auditor\u00eda de procesos y sistemas, gesti\u00f3n de franquicias, posicionamiento de marca, gobierno abierto, y otras \u00e1reas relativas al conocimiento e innovaci\u00f3n.<\/p>\n<p><strong>Datos de contacto:<\/strong><br \/>\n<strong>Facebook<\/strong>: Identidad-Argentina<br \/>\n<strong>Instagram<\/strong>: @identidad.argentina<br \/>\n<strong>Spotify<\/strong> Identidad Argentina<br \/>\n<strong>Linkedin<\/strong>: Identidad Argentina<br \/>\n<strong>Twitter<\/strong>: IdentidadArgen2<br \/>\n<strong>Whatsapp<\/strong>: +54 911 5596 9538<br \/>\n<strong>Web:<\/strong> <a href=\"http:\/\/identidadargentina.com.ar\/\"> http:\/\/identidadargentina.com.ar\/<\/a><\/p>\n<p><strong><em>Por otras im\u00e1genes, audios o entrevistas no dude en contactarse<\/em><\/strong><\/p>\n<p><strong><em> Contactos de Prensa<\/em><\/strong><\/p>\n<table width=\"100%\">\n<tbody>\n<tr>\n<td width=\"50%\"><strong> Candela Villanueva &#8211; Asistente de Cuentas<\/strong><\/p>\n<p><b> Directo<\/b><strong>: <\/strong> 0230-4664772<br \/>\n<b> Whatsapp<\/b><b>:<\/b><a href=\"https:\/\/bit.ly\/2J4cUvm\"> 11 5312 6795<\/a><br \/>\n<b> Skype:<\/b> quasarcomunicacion<br \/>\n<b> Instagram<\/b>: @quasarcomunicacion<br \/>\n<b> Twitter:<\/b> @quasarpilar<br \/>\n<b> Gr<\/b><b>upo y p\u00e1gina en Facebook: <\/b> www.facebook.com\/<a href=\"mailto:mfipata@gmail.com\">Quasar<\/a>Comunicacion<br \/>\n<b> Web:<\/b> <a href=\"http:\/\/www.quasarcomunicacion.com.ar\"> www.quasarcomunicacion.com.ar<\/a><\/p>\n<p><b> Mail<\/b><strong>:<\/strong> <a href=\"mailto:fernanda@quasarcomunicacion.com.ar\"> candela<\/a><a href=\"mailto:fernanda@quasarcomunicacion.com.ar\">@quasarcomunicacion.com.ar<\/a><\/td>\n<td width=\"50%\"><strong> Lic. Mar\u00eda Fernanda Ipata &#8211; Directora<br \/>\n<\/strong> <b><br \/>\n<\/b> <b> M\u00f3vil:<\/b> 0230-15-4584535<br \/>\n<b> Whatsapp<\/b><b>:<\/b><a href=\"https:\/\/bit.ly\/2J4cUvm\"> 11 5312 6795<\/a><br \/>\n<a href=\"https:\/\/bit.ly\/2Sn1zLP\"> Enviar whatsapp aqu\u00ed<\/a><br \/>\n<b> Skype:<\/b> quasarcomunicacion<br \/>\n<b> LinkedIn<\/b><strong>:\u00a0 <\/strong> <strong> <a href=\"http:\/\/www.linkedin.com\/in\/mfipata\"> http:\/\/www.linkedin.com\/in\/mfipata<\/a><\/strong><br \/>\n<a href=\"https:\/\/www.linkedin.com\/company\/quasarcomunicacion\"> https:\/\/www.linkedin.com\/company\/quasarcomunicacion<\/a><br \/>\n<b> Instagram y Facebook:<\/b> @quasarcomunicacion <b><br \/>\nWeb:<\/b> <a href=\"http:\/\/www.quasarcomunicacion.com.ar\"> www.quasarcomunicacion.com.ar<\/a><br \/>\n<b> Mail<\/b><strong>:<\/strong><a href=\"mailto:fernanda@quasarcomunicacion.com.ar\"> fernanda@quasarcomunicacion.com.ar<\/a><br \/>\n<b> Telegram: https:\/\/t.me\/QuasarComunicacion<\/b><br \/>\n<b> Canal de Telegram para acceder a comunicados:<\/b> https:\/\/t.me\/comunicadosQC<\/td>\n<\/tr>\n<\/tbody>\n<\/table>\n","protected":false},"excerpt":{"rendered":"<p>El pasado jueves 8 y viernes 9 de septiembre el Centro de Aprendizaje Universitario (CAU) de la Universidad Siglo 21 [&hellip;]<\/p>\n","protected":false},"author":2,"featured_media":11959,"comment_status":"closed","ping_status":"closed","sticky":false,"template":"","format":"standard","meta":[],"categories":[2],"tags":[],"_links":{"self":[{"href":"https:\/\/quasarcomunicacion.com.ar\/web\/wp-json\/wp\/v2\/posts\/11961"}],"collection":[{"href":"https:\/\/quasarcomunicacion.com.ar\/web\/wp-json\/wp\/v2\/posts"}],"about":[{"href":"https:\/\/quasarcomunicacion.com.ar\/web\/wp-json\/wp\/v2\/types\/post"}],"author":[{"embeddable":true,"href":"https:\/\/quasarcomunicacion.com.ar\/web\/wp-json\/wp\/v2\/users\/2"}],"replies":[{"embeddable":true,"href":"https:\/\/quasarcomunicacion.com.ar\/web\/wp-json\/wp\/v2\/comments?post=11961"}],"version-history":[{"count":2,"href":"https:\/\/quasarcomunicacion.com.ar\/web\/wp-json\/wp\/v2\/posts\/11961\/revisions"}],"predecessor-version":[{"id":11963,"href":"https:\/\/quasarcomunicacion.com.ar\/web\/wp-json\/wp\/v2\/posts\/11961\/revisions\/11963"}],"wp:featuredmedia":[{"embeddable":true,"href":"https:\/\/quasarcomunicacion.com.ar\/web\/wp-json\/wp\/v2\/media\/11959"}],"wp:attachment":[{"href":"https:\/\/quasarcomunicacion.com.ar\/web\/wp-json\/wp\/v2\/media?parent=11961"}],"wp:term":[{"taxonomy":"category","embeddable":true,"href":"https:\/\/quasarcomunicacion.com.ar\/web\/wp-json\/wp\/v2\/categories?post=11961"},{"taxonomy":"post_tag","embeddable":true,"href":"https:\/\/quasarcomunicacion.com.ar\/web\/wp-json\/wp\/v2\/tags?post=11961"}],"curies":[{"name":"wp","href":"https:\/\/api.w.org\/{rel}","templated":true}]}}