{"id":11930,"date":"2022-09-06T13:36:17","date_gmt":"2022-09-06T13:36:17","guid":{"rendered":"https:\/\/quasarcomunicacion.com.ar\/web\/?p=11930"},"modified":"2022-09-06T13:39:38","modified_gmt":"2022-09-06T13:39:38","slug":"julieta-rosso-y-soledad-cabrera-se-presentan-en-conciertos-del-centenario-en-la-biblioteca-bartolome-mitre","status":"publish","type":"post","link":"https:\/\/quasarcomunicacion.com.ar\/web\/julieta-rosso-y-soledad-cabrera-se-presentan-en-conciertos-del-centenario-en-la-biblioteca-bartolome-mitre\/","title":{"rendered":"Julieta Rosso y Soledad Cabrera se presentan en\u00a0 \u00abConciertos del Centenario\u00bb en la Biblioteca Bartolom\u00e9 Mitre"},"content":{"rendered":"<p>El pr\u00f3ximo s\u00e1bado 10 de septiembre a las 21 hs tendr\u00e1 lugar una nueva fecha del Ciclo de <strong>\u00abConciertos del Centenario\u00bb<\/strong> que organiza <strong>Dios los Cr\u00eda <\/strong>en ocasi\u00f3n de los primeros 100 a\u00f1os de la <strong>Biblioteca Bartolom\u00e9 Mitre<\/strong>. En esta ocasi\u00f3n se presentar\u00e1 Julieta Rosso y Soledad Cabrera con artistas invitados. Adem\u00e1s se compartir\u00e1n las lecturas de J\u00e9sica Galeano Jarcovsky y Andr\u00e9s Godoy Monti. El valor de la entrada para cada fecha es de $ 500 y pueden reservarse al +54 9 11 5502-6856 o por las redes sociales de <strong>Dios los Cr\u00eda Patio <\/strong>(@diosloscriapatio). La cita es en Belgrano 553, Pilar centro. <!--more--><\/p>\n<p>Julieta Rosso es cantante y profesora superior de canto. Formada en Argentina y en Italia, a lo largo de su carrera art\u00edstica trabaj\u00f3 intensamente como int\u00e9rprete colaborando con diversos artistas y grupos teatrales. Fundadora y directora esc\u00e9nica de la compa\u00f1\u00eda de \u00f3pera local Pilar L\u00edrica. Docente de m\u00fasica y formadora de cantantes a trav\u00e9s de su emprendimiento Vocal Studio Escuela de Canto.<\/p>\n<p><a href=\"https:\/\/quasarcomunicacion.com.ar\/web\/wp-content\/uploads\/2022\/09\/septiembrebiblio.gif\"><img class=\"aligncenter\" src=\"https:\/\/quasarcomunicacion.com.ar\/web\/wp-content\/uploads\/2022\/09\/septiembrebiblio.gif\" \/><\/a><\/p>\n<p>En esta ocasi\u00f3n se presenta como cantautora, compartiendo con el p\u00fablico algunas de sus canciones, entre ellas \u201cEl viaje\u201d, \u201cDespierta\u201d y \u201cYa es tiempo\u201d.<\/p>\n<p>Soledad Cabrera es cantante int\u00e9rprete de folclore Argentino hace 20 a\u00f1os, oriunda de Pilar es docente de M\u00fasica. Comenz\u00f3 sus primeros pasos art\u00edsticos a la edad de 15 a\u00f1os. En 2010 edit\u00f3 su Material discogr\u00e1fico titulado Natural, con cual recorri\u00f3 varios festivales importantes de la zona y otras provincias. Actualmente se encuentra desarrollando su carrera art\u00edstica.<\/p>\n<p>El ciclo que ya va por su sexta fecha pone en el escenario cada mes un espect\u00e1culo ac\u00fastico con la presencia de artistas locales y un autor local amigo de la Biblioteca para compartir sus textos con el auditorio.<\/p>\n<p>En agosto se presentaron Marcelo Ogloblin y Mariana Larroca con m\u00fasica de c\u00e1mara, quienes interpretaron obras de los siguientes compositores Faure, Gilardo Gilardi, Guastavino, Xavier Moltalvage, entre otros.<\/p>\n<p><a href=\"https:\/\/quasarcomunicacion.com.ar\/web\/wp-content\/uploads\/2022\/09\/biblioagosto.gif\"><img class=\"aligncenter\" src=\"https:\/\/quasarcomunicacion.com.ar\/web\/wp-content\/uploads\/2022\/09\/biblioagosto.gif\" \/><\/a><\/p>\n<p>Con anterioridad, el S\u00e1bado 9 de Abril inaugur\u00f3 el ciclo <strong>Dios los Cr\u00eda<\/strong> con la participaci\u00f3n de H\u00e9ctor Bacci (guitarra y voz), Marcelo Oglobin (piano), Nicol\u00e1s Larroca (guitarra), Aldo Ortiz (viol\u00edn) y Cristian Bacci (bombo). Interpretaron Memorias del R\u00edo, La Festivalera, Lunita de la Ma\u00f1ana, Bien Clarita y El Salamanquero, entre otras piezas de la autor\u00eda de H\u00e9ctor Bacci. En mayo fue el turno del Coro Rinascere, un coro polif\u00f3nico mixto con un repertorio ecl\u00e9ctico que incluy\u00f3 obras populares, sacras y acad\u00e9micas de distintos per\u00edodos, m\u00fasica popular argentina y americana.<\/p>\n<p>El pasado 11 de junio se present\u00f3 Cosa e\u00b4Mandinga interpretando tangos reconocidos y otros de la autor\u00eda de H\u00e9ctor bacci. En julio se present\u00f3 Lorena Cuba junto a los guitarristas Daniel Monz\u00f3n y H\u00e9ctor Bacci, con m\u00fasica litorale\u00f1a. Interpretaron, entre otros temas, Posade\u00f1a Linda, El Mens\u00fa, Puerto Tirol, Merceditas, Canci\u00f3n del Jangadero.<\/p>\n<p>Los encuentros continuar\u00e1n ell s\u00e1bado 8 de octubre con la presentaci\u00f3n de Carlos Nos con Coral 12 y en noviembre el m\u00fasico local H\u00e9ctor Bacci.<\/p>\n<p>Cada encuentro contar\u00e1 con un plus, se convocar\u00e1 a un autor pilarense para recitar sus escritos y se realizar\u00e1 una visita guiada por las obras donadas por Alejandro Carlos Maass y que embellecen las pareces de la Biblioteca para honrar las grandes donaciones que se conservan como joyas, lo mismo algunas esculturas que han donado a la instituci\u00f3n.<\/p>\n<p><strong><em>Por otras im\u00e1genes, audios o entrevistas no dude en contactarse<\/em><\/strong><\/p>\n<p><strong><em> Contactos de Prensa<\/em><\/strong><\/p>\n<table width=\"100%\">\n<tbody>\n<tr>\n<td width=\"50%\"><strong> Candela Villanueva &#8211; Ejecutiva de Cuentas<\/strong><\/p>\n<p><b> Directo<\/b><strong>: <\/strong> 0230-4664772<br \/>\n<b> Skype:<\/b> quasarcomunicacion<br \/>\n<b> Instagram<\/b>: @quasarcomunicacion<br \/>\n<b> Twitter:<\/b> @quasarpilar<br \/>\n<b> Gr<\/b><b>upo y p\u00e1gina en Facebook: <\/b> www.facebook.com\/<a href=\"mailto:mfipata@gmail.com\">Quasar<\/a>Comunicacion<br \/>\n<b> Web:<\/b> <a href=\"http:\/\/www.quasarcomunicacion.com.ar\"> www.quasarcomunicacion.com.ar<\/a><\/p>\n<p><b> Mail<\/b><strong>:<\/strong> <a href=\"mailto:fernanda@quasarcomunicacion.com.ar\"> candela<\/a><a href=\"mailto:fernanda@quasarcomunicacion.com.ar\">@quasarcomunicacion.com.ar<\/a><\/td>\n<td width=\"50%\"><strong> Lic. Mar\u00eda Fernanda Ipata &#8211; Directora<br \/>\n<\/strong> <b><br \/>\n<\/b> <b> M\u00f3vil:<\/b> 0230-15-4584535<br \/>\n<b> Whatsapp<\/b><b>:<\/b><a href=\"https:\/\/bit.ly\/2J4cUvm\"> 11 5312 6795<\/a><br \/>\n<a href=\"https:\/\/bit.ly\/2Sn1zLP\"> Enviar whatsapp aqu\u00ed<\/a><br \/>\n<b> Skype:<\/b> quasarcomunicacion<br \/>\n<b> LinkedIn<\/b><strong>:\u00a0 <\/strong> <strong> <a href=\"http:\/\/www.linkedin.com\/in\/mfipata\"> http:\/\/www.linkedin.com\/in\/mfipata<\/a><\/strong><br \/>\n<a href=\"https:\/\/www.linkedin.com\/company\/quasarcomunicacion\"> https:\/\/www.linkedin.com\/company\/quasarcomunicacion<\/a><br \/>\n<b> Instagram y Facebook:<\/b> @quasarcomunicacion <b><br \/>\nWeb:<\/b> <a href=\"http:\/\/www.quasarcomunicacion.com.ar\"> www.quasarcomunicacion.com.ar<\/a><br \/>\n<b> Mail<\/b><strong>:<\/strong><a href=\"mailto:fernanda@quasarcomunicacion.com.ar\"> fernanda@quasarcomunicacion.com.ar<\/a><br \/>\n<b> Canal de Telegram para acceder a comunicados:<\/b> <a href=\"https:\/\/t.me\/comunicadosQC\"> https:\/\/t.me\/comunicadosQC<\/a><br \/>\n<a href=\"https:\/\/t.me\/quasarcomunicacion\"> <b>Telegram: <\/b> <b> https:\/\/t.me\/quasarcomunicacion<\/b><\/a><\/td>\n<\/tr>\n<\/tbody>\n<\/table>\n","protected":false},"excerpt":{"rendered":"<p>El pr\u00f3ximo s\u00e1bado 10 de septiembre a las 21 hs tendr\u00e1 lugar una nueva fecha del Ciclo de \u00abConciertos del [&hellip;]<\/p>\n","protected":false},"author":2,"featured_media":11929,"comment_status":"closed","ping_status":"closed","sticky":false,"template":"","format":"standard","meta":[],"categories":[2],"tags":[],"_links":{"self":[{"href":"https:\/\/quasarcomunicacion.com.ar\/web\/wp-json\/wp\/v2\/posts\/11930"}],"collection":[{"href":"https:\/\/quasarcomunicacion.com.ar\/web\/wp-json\/wp\/v2\/posts"}],"about":[{"href":"https:\/\/quasarcomunicacion.com.ar\/web\/wp-json\/wp\/v2\/types\/post"}],"author":[{"embeddable":true,"href":"https:\/\/quasarcomunicacion.com.ar\/web\/wp-json\/wp\/v2\/users\/2"}],"replies":[{"embeddable":true,"href":"https:\/\/quasarcomunicacion.com.ar\/web\/wp-json\/wp\/v2\/comments?post=11930"}],"version-history":[{"count":2,"href":"https:\/\/quasarcomunicacion.com.ar\/web\/wp-json\/wp\/v2\/posts\/11930\/revisions"}],"predecessor-version":[{"id":11933,"href":"https:\/\/quasarcomunicacion.com.ar\/web\/wp-json\/wp\/v2\/posts\/11930\/revisions\/11933"}],"wp:featuredmedia":[{"embeddable":true,"href":"https:\/\/quasarcomunicacion.com.ar\/web\/wp-json\/wp\/v2\/media\/11929"}],"wp:attachment":[{"href":"https:\/\/quasarcomunicacion.com.ar\/web\/wp-json\/wp\/v2\/media?parent=11930"}],"wp:term":[{"taxonomy":"category","embeddable":true,"href":"https:\/\/quasarcomunicacion.com.ar\/web\/wp-json\/wp\/v2\/categories?post=11930"},{"taxonomy":"post_tag","embeddable":true,"href":"https:\/\/quasarcomunicacion.com.ar\/web\/wp-json\/wp\/v2\/tags?post=11930"}],"curies":[{"name":"wp","href":"https:\/\/api.w.org\/{rel}","templated":true}]}}