{"id":11907,"date":"2022-08-16T19:19:21","date_gmt":"2022-08-16T19:19:21","guid":{"rendered":"https:\/\/quasarcomunicacion.com.ar\/web\/?p=11907"},"modified":"2022-08-16T19:19:21","modified_gmt":"2022-08-16T19:19:21","slug":"la-camara-pyme-de-pilar-firmo-convenio-con-el-cecam-para-generar-sinergias-entre-las-entidades","status":"publish","type":"post","link":"https:\/\/quasarcomunicacion.com.ar\/web\/la-camara-pyme-de-pilar-firmo-convenio-con-el-cecam-para-generar-sinergias-entre-las-entidades\/","title":{"rendered":"La C\u00e1mara PyME de Pilar firm\u00f3 convenio con el CECAM para generar sinergias entre las entidades"},"content":{"rendered":"<p>Con la mira puesta en generar alianzas para potenciar el trabajo colaborativo entre las instituciones en el mes de mayo representantes de la <strong>C\u00e1mara de la Mediana y Peque\u00f1a Empresa de Pila<\/strong>r visitaron el <strong>CECAM<\/strong> (Centro de Educaci\u00f3n y Capacitaci\u00f3n de la Mujer), un espacio de formaci\u00f3n que promueve el desarrollo integral de la mujer. Ahora firmaron un convenio para impulsar acciones en conjunto.<!--more--><\/p>\n<p>El convenio espec\u00edfico colaboraci\u00f3n y cooperaci\u00f3n fue firmado por Claudia Suquele de Sampiere como presidente del ICIED, INSTITUTO DE CAPACITACI\u00d3N INTEGRAL EN ESTUDIOS DOM\u00c9STICOS (Asociaci\u00f3n sin fines de lucro a la que pertenece el Centro de Educaci\u00f3n y Capacitaci\u00f3n de la mujer -CECAM) y Silvio Ferraro, presidente de la C\u00e1mara PyME de Pilar.<\/p>\n<p><a href=\"https:\/\/quasarcomunicacion.com.ar\/web\/wp-content\/uploads\/2022\/08\/cecam1.gif\"><img class=\"aligncenter\" src=\"https:\/\/quasarcomunicacion.com.ar\/web\/wp-content\/uploads\/2022\/08\/cecam1.gif\" \/><\/a><\/p>\n<p>El <strong> CECAM<\/strong>, ubicado en Presidente Derqui, tiene como misi\u00f3n favorecer la\u00a0formaci\u00f3n integral de la mujer\u00a0d\u00e1ndole las posibilidades necesarias para que acceda al desarrollo que merece su dignidad de mujer,\u00a0siendo as\u00ed\u00a0agente de cambio en su familia y la sociedad.<\/p>\n<p>Sus objetivos se centran en desarrollar programas de educaci\u00f3n y capacitaci\u00f3n\u00a0dirigidos a incorporar a la mujer, especialmente la de los sectores m\u00e1s necesitados, en este\u00a0proceso de\u00a0desarrollo de la sociedad.<\/p>\n<p>Est\u00e1n ubicados en Mariano Acosta 2400 (y El Hornero), Derqui donde brindan talleres de Costura, Cocina, Maquillaje, Pasteler\u00eda, Inform\u00e1tica, Est\u00e9tica, Limpieza Institucional, entre otros.<\/p>\n<p>El Convenio permite a la <strong>C\u00e1mara PyME <\/strong>a trav\u00e9s de sus asociados a desarrollar actividades pr\u00e1cticas comprendidas en sus dependencias, adecuadas al plan de estudios del <strong> CECAM<\/strong> a fin de capacitar y brindar herramientas a sus alumnas en pos de generar nuevas sinergias entre las entidades.<\/p>\n<p>De acuerdo con esta premisa, ya se dio apoyo a las alumnas para que preparen y mejoren sus Cv\u00b4s y una socia dio clases sobre maquillaje y cuidados est\u00e9ticos a las asistentes.<\/p>\n<p><a href=\"https:\/\/quasarcomunicacion.com.ar\/web\/wp-content\/uploads\/2022\/08\/cecam.gif\"><img class=\"alignnone\" src=\"https:\/\/quasarcomunicacion.com.ar\/web\/wp-content\/uploads\/2022\/08\/cecam.gif\" \/><\/a><\/p>\n<p>Adem\u00e1s, en el marco de las acciones de Responsabilidad Social Empresaria que lleva adelante la <strong>C\u00e1mara Pyme de Pilar, <\/strong>se las invit\u00f3 a participar de la <strong>9\u00ba Ronda de Negocios Multisectorial \u201cUn PILAR de Oportunidades Productivas\u201d <\/strong> que se realizar\u00e1 el 15 de septiembre en el Howard Johnson Resort de Pilar para que puedan visibilizar su trabajo y sumar apoyo de las PyMEs y grandes empresas de la zona.<\/p>\n<p><strong>Acerca de la C\u00e1mara PyME de Pilar<\/strong><\/p>\n<p>Desde su creaci\u00f3n la <strong>C\u00e1mara PyME de Pilar<\/strong> foment\u00f3 convenios con otras Instituciones como AIME (Asociaci\u00f3n Iberoamericana de Mujeres Empresarias), la CEPIP (C\u00e1mara Empresaria del Parque Industrial Pilar), es socio institucional del Consejo Consultivo de la C\u00e1mara Argentina de Comercio (CAC, miembro de la Uni\u00f3n Industrial de la Provincia de Buenos Aires (UIPBA), la FIE\u00a0Argentina (Federaci\u00f3n Interamericana Empresarial) y la USAM (Universidad Nacional de San Mart\u00edn) donde la Entidad forma parte del Consejo de Ciencias Econ\u00f3micas en la persona de Marta Yezerski; en 2021 firm\u00f3 convenio con Pilar Emprende para potenciar emprendedores.<\/p>\n<p>En estas d\u00e9cadas integraron la comisi\u00f3n la Mujer y el Trabajo de la Uni\u00f3n Industrial Argentina (UIA), fueron panelistas por Argentina en el Congreso Iberoamericano de Mujeres Empresarias (CIME), llevaron adelante el programa televisivo multipremiado llamado Impacto Productivo, lanzaron ProUmPi (la Universidad P\u00fablica de Pilar), hicieron actividades junto a la Uni\u00f3n Industrial de Pilar, editaron la primera revista para Mujeres Empresarias de la regi\u00f3n, participaron del Foro de Mujeres del Mercosur, etc.<\/p>\n<p>Firmaron infinidad de convenios, por ejemplo con Pilar Emprende, con el Consejo Superior de la Universidad de Luj\u00e1n, con el Ministerio de Trabajo de la Provincia de Buenos Aires, con la Universidad del Salvador, con la Subsecretar\u00eda de Promoci\u00f3n y Desarrollo de Microempresas del Ministerio de Producci\u00f3n y el Empleo de la Provincia de Buenos Aires,\u00a0con Cecam (Centro de Educaci\u00f3n y Capacitaci\u00f3n de la Mujer),\u00a0 Medif\u00e9, entre otros.<\/p>\n<p>La <strong>C\u00e1mara Pyme de Pilar<\/strong> busca fortalecer, promover y desarrollar la tarea empresarial por medio de la capacitaci\u00f3n y la formaci\u00f3n de nuevos contactos actuando como n\u00facleo para el desarrollo de negocios. Su propuesta tiende a obtener un crecimiento conjunto, donde las experiencias vayan enriqueciendo las posibilidades de cada empresa, respondiendo as\u00ed a las necesidades cambiantes del mercado global.<\/p>\n<p>Los interesados en sumarse a la Entidad podr\u00e1 asociarse click aqu\u00ed <a href=\"https:\/\/cpymepilar.org.ar\/asociese\/\">https:\/\/cpymepilar.org.ar\/asociese\/<\/a><\/p>\n<p><strong><em>Por otras im\u00e1genes, audios o entrevistas no dude en contactarse<\/em><\/strong><\/p>\n<p><strong><em> Contactos de Prensa<\/em><\/strong><\/p>\n<table width=\"100%\">\n<tbody>\n<tr>\n<td width=\"50%\"><strong> Candela Villanueva &#8211; Asistente de Cuentas<\/p>\n<p><\/strong> <b> Directo<\/b><strong>: <\/strong> 0230-4664772<br \/>\n<b> Skype:<\/b> quasarcomunicacion<br \/>\n<b> Instagram<\/b>: @quasarcomunicacion<br \/>\n<b> Twitter:<\/b> @quasarpilar<br \/>\n<b> Gr<\/b><b>upo y p\u00e1gina en Facebook: <\/b> www.facebook.com\/<a href=\"mailto:mfipata@gmail.com\">Quasar<\/a>Comunicacion<br \/>\n<b> Web:<\/b> <a href=\"http:\/\/www.quasarcomunicacion.com.ar\"> www.quasarcomunicacion.com.ar<\/a><\/p>\n<p><b> Mail<\/b><strong>:<\/strong> <a href=\"mailto:fernanda@quasarcomunicacion.com.ar\"> candela<\/a><a href=\"mailto:fernanda@quasarcomunicacion.com.ar\">@quasarcomunicacion.com.ar<\/a><\/td>\n<td width=\"50%\"><strong> Lic. Mar\u00eda Fernanda Ipata &#8211; Directora<br \/>\n<\/strong> <b><br \/>\n<\/b> <b> M\u00f3vil:<\/b> 0230-15-4584535<br \/>\n<b> Whatsapp<\/b><b>:<\/b><a href=\"https:\/\/bit.ly\/2J4cUvm\"> 11 5312 6795<\/a><br \/>\n<a href=\"https:\/\/bit.ly\/2Sn1zLP\"> Enviar whatsapp aqu\u00ed<\/a><br \/>\n<b> Skype:<\/b> quasarcomunicacion<br \/>\n<b> LinkedIn<\/b><strong>:\u00a0 <\/strong> <strong> <a href=\"http:\/\/www.linkedin.com\/in\/mfipata\"> http:\/\/www.linkedin.com\/in\/mfipata<\/a><\/strong><br \/>\n<a href=\"https:\/\/www.linkedin.com\/company\/quasarcomunicacion\"> https:\/\/www.linkedin.com\/company\/quasarcomunicacion<\/a><br \/>\n<b> Instagram y Facebook:<\/b> @quasarcomunicacion <b><br \/>\nWeb:<\/b> <a href=\"http:\/\/www.quasarcomunicacion.com.ar\"> www.quasarcomunicacion.com.ar<\/a><br \/>\n<b> Mail<\/b><strong>:<\/strong><a href=\"mailto:fernanda@quasarcomunicacion.com.ar\"> fernanda@quasarcomunicacion.com.ar<\/a><br \/>\n<b> Telegram: https:\/\/t.me\/QuasarComunicacion<\/b><br \/>\n<b> Canal de Telegram para acceder a comunicados:<\/b> https:\/\/t.me\/comunicadosQC<\/td>\n<\/tr>\n<\/tbody>\n<\/table>\n","protected":false},"excerpt":{"rendered":"<p>Con la mira puesta en generar alianzas para potenciar el trabajo colaborativo entre las instituciones en el mes de mayo [&hellip;]<\/p>\n","protected":false},"author":2,"featured_media":11905,"comment_status":"closed","ping_status":"closed","sticky":false,"template":"","format":"standard","meta":[],"categories":[2],"tags":[],"_links":{"self":[{"href":"https:\/\/quasarcomunicacion.com.ar\/web\/wp-json\/wp\/v2\/posts\/11907"}],"collection":[{"href":"https:\/\/quasarcomunicacion.com.ar\/web\/wp-json\/wp\/v2\/posts"}],"about":[{"href":"https:\/\/quasarcomunicacion.com.ar\/web\/wp-json\/wp\/v2\/types\/post"}],"author":[{"embeddable":true,"href":"https:\/\/quasarcomunicacion.com.ar\/web\/wp-json\/wp\/v2\/users\/2"}],"replies":[{"embeddable":true,"href":"https:\/\/quasarcomunicacion.com.ar\/web\/wp-json\/wp\/v2\/comments?post=11907"}],"version-history":[{"count":1,"href":"https:\/\/quasarcomunicacion.com.ar\/web\/wp-json\/wp\/v2\/posts\/11907\/revisions"}],"predecessor-version":[{"id":11908,"href":"https:\/\/quasarcomunicacion.com.ar\/web\/wp-json\/wp\/v2\/posts\/11907\/revisions\/11908"}],"wp:featuredmedia":[{"embeddable":true,"href":"https:\/\/quasarcomunicacion.com.ar\/web\/wp-json\/wp\/v2\/media\/11905"}],"wp:attachment":[{"href":"https:\/\/quasarcomunicacion.com.ar\/web\/wp-json\/wp\/v2\/media?parent=11907"}],"wp:term":[{"taxonomy":"category","embeddable":true,"href":"https:\/\/quasarcomunicacion.com.ar\/web\/wp-json\/wp\/v2\/categories?post=11907"},{"taxonomy":"post_tag","embeddable":true,"href":"https:\/\/quasarcomunicacion.com.ar\/web\/wp-json\/wp\/v2\/tags?post=11907"}],"curies":[{"name":"wp","href":"https:\/\/api.w.org\/{rel}","templated":true}]}}