{"id":11896,"date":"2022-08-10T18:22:28","date_gmt":"2022-08-10T18:22:28","guid":{"rendered":"https:\/\/quasarcomunicacion.com.ar\/web\/?p=11896"},"modified":"2022-08-10T18:22:28","modified_gmt":"2022-08-10T18:22:28","slug":"musica-de-camara-en-conciertos-del-centenario-en-la-biblioteca-bartolome-mitre","status":"publish","type":"post","link":"https:\/\/quasarcomunicacion.com.ar\/web\/musica-de-camara-en-conciertos-del-centenario-en-la-biblioteca-bartolome-mitre\/","title":{"rendered":"M\u00fasica de C\u00e1mara en \u00abConciertos del Centenario\u00bb en la Biblioteca Bartolom\u00e9 Mitre"},"content":{"rendered":"<p>El pr\u00f3ximo s\u00e1bado 20 de agosto a las 21 hs llega la M\u00fasica de C\u00e1mara al Ciclo de <strong>\u00abConciertos del Centenario\u00bb<\/strong> que organiza <strong>Dios los Cr\u00eda <\/strong>en ocasi\u00f3n de los primeros 100 a\u00f1os de la <strong>Biblioteca Bartolom\u00e9 Mitre<\/strong>. El valor de la entrada para cada fecha es de $ 500 y pueden reservarse al +54 9 11 5502-6856 o por las redes sociales de <strong>Dios los Cr\u00eda Patio <\/strong>(@diosloscriapatio). La cita es en Belgrano 553, Pilar centro.\u00a0<!--more--><\/p>\n<p>En esta ocasi\u00f3n se presentar\u00e1n Marcelo Ogloblin y Mariana Larroca con m\u00fasica de c\u00e1mara. Interpretar\u00e1n obras de los siguientes compositores Faure, Gilardo Gilardi, Guastavino, Xavier Moltalvage, entre otros.<\/p>\n<p>El ciclo que ya va por su quinta fecha pone en el escenario cada mes un espect\u00e1culo ac\u00fastico con la presencia de artistas locales y un autor local amigo de la Biblioteca para compartir sus textos con el auditorio.<\/p>\n<p><a href=\"https:\/\/quasarcomunicacion.com.ar\/web\/wp-content\/uploads\/2022\/08\/oglobinlarroca.gif\"><img class=\"aligncenter\" src=\"https:\/\/quasarcomunicacion.com.ar\/web\/wp-content\/uploads\/2022\/08\/oglobinlarroca.gif\" \/><\/a><\/p>\n<p>Walter Marcelo Ogloblin estudi\u00f3 piano en San Miguel, en el Centro Estudio y en el Conservatorio Juli\u00e1n Aguirre. Sus maestros de instrumento fueron Osvaldo Phil, director del conservatorio nacional de Chilecito y de centro estudio y con gran actividad art\u00edstica en argentina y el mundo. Y Edgardo Rofe, pianista de gran trayectoria internacional. Desarrollando tambi\u00e9n una actividad pedag\u00f3gica sostenida y abarcando diversos estilos musicales.<\/p>\n<p>Marcelo desarrolla actividad pedag\u00f3gica en diversas sedes de la direcci\u00f3n de cultura de pilar, tambi\u00e9n en centros culturales de la zona y en forma particular, dando clases de piano en forma de talleres grupales o bien individuales, para diversas edades y niveles.<\/p>\n<p>Tambi\u00e9n tiene un recorrido art\u00edstico que abarca diversos estilos musicales, tanto m\u00fasica cl\u00e1sica como m\u00fasica popular. Ha sido parte de distintas orquestas de tango de la zona y agrupaciones como tr\u00edos, cuartetos, d\u00faos, etc. Por ejemplo, La Ganz\u00faa, Orquesta t\u00edpica El Ayunte, Cosa e Mandinga. Tambi\u00e9n particip\u00f3 tocando tango con la Orquesta sinf\u00f3nica de Pilar. Realiz\u00f3 presentaciones de m\u00fasica cl\u00e1sica en d\u00faos con viol\u00edn y piano o piano y canto. Interpreta M\u00fasica folkl\u00f3rica argentina con el movimiento Dios los Cr\u00eda, La Huella y dem\u00e1s formaciones de m\u00fasica popular .<\/p>\n<p>Por su parte, Mariana Larroca es una cantante pilarense con formaci\u00f3n en Canto L\u00edrico camar\u00edstico. Comenz\u00f3 sus estudios en el Instituto Fr\u00e9deric Chopin de Pilar teniendo como maestro a Facundo Pati\u00f1o. Luego sigui\u00f3 estudiando con Alejandra Malvino, cantante mazzosoprano destacada entre los cantantes l\u00edricos de Argentina.<\/p>\n<p>Adem\u00e1s incursiona en otros g\u00e9neros como el folklore argentino y latinoamericano, soul, jazz y rock nacional.<\/p>\n<p>Actualmente se dedica al canto l\u00edrico como solista y canta en el coro Rinascere de Escobar.<\/p>\n<p><a href=\"https:\/\/quasarcomunicacion.com.ar\/web\/wp-content\/uploads\/2022\/08\/lorenacubajulio.gif\"><img class=\"aligncenter\" src=\"https:\/\/quasarcomunicacion.com.ar\/web\/wp-content\/uploads\/2022\/08\/lorenacubajulio.gif\" \/><\/a><\/p>\n<p>Con anterioridad, el S\u00e1bado 9 de Abril inaugur\u00f3 el ciclo <strong>Dios los Cr\u00eda<\/strong> con la participaci\u00f3n de H\u00e9ctor Bacci (guitarra y voz), Marcelo Oglobin (piano), Nicol\u00e1s Larroca (guitarra), Aldo Ortiz (viol\u00edn) y Cristian Bacci (bombo). Interpretaron Memorias del R\u00edo, La Festivalera, Lunita de la Ma\u00f1ana, Bien Clarita y El Salamanquero, entre otras piezas de la autor\u00eda de H\u00e9ctor Bacci. En mayo fue el turno del Coro Rinascere, un coro polif\u00f3nico mixto con un repertorio ecl\u00e9ctico que incluy\u00f3 obras populares, sacras y acad\u00e9micas de distintos per\u00edodos, m\u00fasica popular argentina y americana.<\/p>\n<p>El pasado 11 de junio se present\u00f3 Cosa e\u00b4Mandinga interpretando tangos reconocidos y otros de la autor\u00eda de H\u00e9ctor bacci. En julio se present\u00f3 Lorena Cuba junto a los guitarristas Daniel Monz\u00f3n y H\u00e9ctor Bacci, con m\u00fasica litorale\u00f1a. Interpretaron, entre otros temas, Posade\u00f1a Linda, El Mens\u00fa, Puerto Tirol, Merceditas, Canci\u00f3n del Jangadero.<\/p>\n<p>Los encuentros continuar\u00e1n en septiembre, con la participaci\u00f3n de Soledad Cabrera y Julieta Rosso se presentar\u00e1n el s\u00e1bado 10.<\/p>\n<p>El s\u00e1bado 8 de octubre ser\u00e1 el turno de Carlos Nos con Coral 12 y en noviembre el m\u00fasico local H\u00e9ctor Bacci.<\/p>\n<p>Cada encuentro contar\u00e1 con un plus, se convocar\u00e1 a un autor pilarense para recitar sus escritos y se realizar\u00e1 una visita guiada por las obras donadas por Alejandro Carlos Maass y que embellecen las pareces de la Biblioteca para honrar las grandes donaciones que se conservan como joyas, lo mismo algunas esculturas que han donado a la instituci\u00f3n.<\/p>\n<p><strong><em>Por otras im\u00e1genes, audios o entrevistas no dude en contactarse<\/em><\/strong><\/p>\n<p><strong><em> Contactos de Prensa<\/em><\/strong><\/p>\n<table width=\"100%\">\n<tbody>\n<tr>\n<td width=\"50%\"><strong> Candela Villanueva &#8211; Ejecutiva de Cuentas<\/p>\n<p><\/strong> <b> Directo<\/b><strong>: <\/strong> 0230-4664772<br \/>\n<b> Skype:<\/b> quasarcomunicacion<br \/>\n<b> Instagram<\/b>: @quasarcomunicacion<br \/>\n<b> Twitter:<\/b> @quasarpilar<br \/>\n<b> Gr<\/b><b>upo y p\u00e1gina en Facebook: <\/b> www.facebook.com\/<a href=\"mailto:mfipata@gmail.com\">Quasar<\/a>Comunicacion<br \/>\n<b> Web:<\/b> <a href=\"http:\/\/www.quasarcomunicacion.com.ar\"> www.quasarcomunicacion.com.ar<\/a><\/p>\n<p><b> Mail<\/b><strong>:<\/strong> <a href=\"mailto:fernanda@quasarcomunicacion.com.ar\"> candela<\/a><a href=\"mailto:fernanda@quasarcomunicacion.com.ar\">@quasarcomunicacion.com.ar<\/a><\/td>\n<td width=\"50%\"><strong> Lic. Mar\u00eda Fernanda Ipata &#8211; Directora<br \/>\n<\/strong> <b><br \/>\n<\/b> <b> M\u00f3vil:<\/b> 0230-15-4584535<br \/>\n<b> Whatsapp<\/b><b>:<\/b><a href=\"https:\/\/bit.ly\/2J4cUvm\"> 11 5312 6795<\/a><br \/>\n<a href=\"https:\/\/bit.ly\/2Sn1zLP\"> Enviar whatsapp aqu\u00ed<\/a><br \/>\n<b> Skype:<\/b> quasarcomunicacion<br \/>\n<b> LinkedIn<\/b><strong>:\u00a0 <\/strong> <strong> <a href=\"http:\/\/www.linkedin.com\/in\/mfipata\"> http:\/\/www.linkedin.com\/in\/mfipata<\/a><\/strong><br \/>\n<a href=\"https:\/\/www.linkedin.com\/company\/quasarcomunicacion\"> https:\/\/www.linkedin.com\/company\/quasarcomunicacion<\/a><br \/>\n<b> Instagram y Facebook:<\/b> @quasarcomunicacion <b><br \/>\nWeb:<\/b> <a href=\"http:\/\/www.quasarcomunicacion.com.ar\"> www.quasarcomunicacion.com.ar<\/a><br \/>\n<b> Mail<\/b><strong>:<\/strong><a href=\"mailto:fernanda@quasarcomunicacion.com.ar\"> fernanda@quasarcomunicacion.com.ar<\/a><br \/>\n<b> Canal de Telegram para acceder a comunicados:<\/b> <a href=\"https:\/\/t.me\/comunicadosQC\"> https:\/\/t.me\/comunicadosQC<\/a><br \/>\n<a href=\"https:\/\/t.me\/quasarcomunicacion\"> <b>Telegram: <\/b> <b> https:\/\/t.me\/quasarcomunicacion<\/b><\/a><\/td>\n<\/tr>\n<\/tbody>\n<\/table>\n","protected":false},"excerpt":{"rendered":"<p>El pr\u00f3ximo s\u00e1bado 20 de agosto a las 21 hs llega la M\u00fasica de C\u00e1mara al Ciclo de \u00abConciertos del [&hellip;]<\/p>\n","protected":false},"author":2,"featured_media":11895,"comment_status":"closed","ping_status":"closed","sticky":false,"template":"","format":"standard","meta":[],"categories":[2],"tags":[],"_links":{"self":[{"href":"https:\/\/quasarcomunicacion.com.ar\/web\/wp-json\/wp\/v2\/posts\/11896"}],"collection":[{"href":"https:\/\/quasarcomunicacion.com.ar\/web\/wp-json\/wp\/v2\/posts"}],"about":[{"href":"https:\/\/quasarcomunicacion.com.ar\/web\/wp-json\/wp\/v2\/types\/post"}],"author":[{"embeddable":true,"href":"https:\/\/quasarcomunicacion.com.ar\/web\/wp-json\/wp\/v2\/users\/2"}],"replies":[{"embeddable":true,"href":"https:\/\/quasarcomunicacion.com.ar\/web\/wp-json\/wp\/v2\/comments?post=11896"}],"version-history":[{"count":1,"href":"https:\/\/quasarcomunicacion.com.ar\/web\/wp-json\/wp\/v2\/posts\/11896\/revisions"}],"predecessor-version":[{"id":11897,"href":"https:\/\/quasarcomunicacion.com.ar\/web\/wp-json\/wp\/v2\/posts\/11896\/revisions\/11897"}],"wp:featuredmedia":[{"embeddable":true,"href":"https:\/\/quasarcomunicacion.com.ar\/web\/wp-json\/wp\/v2\/media\/11895"}],"wp:attachment":[{"href":"https:\/\/quasarcomunicacion.com.ar\/web\/wp-json\/wp\/v2\/media?parent=11896"}],"wp:term":[{"taxonomy":"category","embeddable":true,"href":"https:\/\/quasarcomunicacion.com.ar\/web\/wp-json\/wp\/v2\/categories?post=11896"},{"taxonomy":"post_tag","embeddable":true,"href":"https:\/\/quasarcomunicacion.com.ar\/web\/wp-json\/wp\/v2\/tags?post=11896"}],"curies":[{"name":"wp","href":"https:\/\/api.w.org\/{rel}","templated":true}]}}