{"id":11879,"date":"2022-07-25T20:18:03","date_gmt":"2022-07-25T20:18:03","guid":{"rendered":"https:\/\/quasarcomunicacion.com.ar\/web\/?p=11879"},"modified":"2022-07-25T20:18:03","modified_gmt":"2022-07-25T20:18:03","slug":"lanzan-una-nueva-edicion-del-programa-mujeres-autoras-construyendo-autonomia-maca","status":"publish","type":"post","link":"https:\/\/quasarcomunicacion.com.ar\/web\/lanzan-una-nueva-edicion-del-programa-mujeres-autoras-construyendo-autonomia-maca\/","title":{"rendered":"Lanzan una nueva edici\u00f3n del Programa Mujeres Autoras Construyendo Autonom\u00eda (MACA)"},"content":{"rendered":"<p>El <strong>Laboratorio de Pr\u00e1cticas e Investigaciones Sociales<\/strong> (LAPIS) lanza un nuevo ciclo del Programa de Formaci\u00f3n e Integraci\u00f3n Sociolaboral en clave de derechos e igualdad: <strong>Mujeres Autoras Construyendo Autonom\u00eda<\/strong>. M\u00e1s info e inscripciones en <a href=\"https:\/\/forms.gle\/vcccqooz9iBoxSXU9\"> https:\/\/forms.gle\/vcccqooz9iBoxSXU9<\/a> La participaci\u00f3n es libre y gratuita. Requiere presencialidad e inscripci\u00f3n previa. Cupos limitados.<!--more--><\/p>\n<p>El pr\u00f3ximo jueves 4 de agosto a las 13 horas, en Florida al 300 (CABA), LAPIS dar\u00e1 inicio a una nueva edici\u00f3n del <strong>Programa Mujeres Autoras Construyendo Autonom\u00eda (MACA)<\/strong>, en el marco de su compromiso por contribuir en la creaci\u00f3n de un mundo m\u00e1s libre, justo e igualitario.<\/p>\n<p>El prop\u00f3sito de la iniciativa es promover la autonom\u00eda de las mujeres en toda su diversidad, focalizando en su empoderamiento econ\u00f3mico e interviniendo en los condicionantes estructurales que obstaculizan sus posibilidades de progresar en condiciones de equidad, a trav\u00e9s de un ciclo de capacitaciones, pr\u00e1cticas y orientaci\u00f3n personalizada para ampliar las oportunidades de desarrollo personal, social y profesional de las participantes.<\/p>\n<p><a href=\"https:\/\/quasarcomunicacion.com.ar\/web\/wp-content\/uploads\/2022\/07\/maca.gif\"><img class=\"aligncenter\" src=\"https:\/\/quasarcomunicacion.com.ar\/web\/wp-content\/uploads\/2022\/07\/maca.gif\" \/><\/a><\/p>\n<p>132 a\u00f1os para lograr la paridad. Las mujeres se han visto afectadas de forma desproporcionada por la crisis del coste de la vida tras las p\u00e9rdidas en el mercado laboral producidas durante la pandemia, as\u00ed como por una deficiente corresponsabilidad e infraestructura de cuidados, que recae principalmente en las mujeres como trabajo no remunerado.<\/p>\n<p>Seg\u00fan el reporte del Foro Econ\u00f3mico Mundial (2022), al ritmo actual alcanzar la paridad de g\u00e9nero tomar\u00e1 132 a\u00f1os y que, para acelerar la recuperaci\u00f3n, es necesario tomar medidas dirigidas a apoyar el regreso de las mujeres a la fuerza de trabajo. Protagonizar el cambio.<\/p>\n<p>En este contexto, el desarrollo de estrategias de empoderamiento con enfoque de g\u00e9nero, otorgando oportunidades educativas y laborales -mientras promovemos la corresponsabilidad social de los cuidados-, resulta imprescindible para construir sociedades sostenibles desde una participaci\u00f3n colectiva y multisectorial.<\/p>\n<p><em>\u00abGracias a la colaboraci\u00f3n de personas, empresas y organizaciones de la sociedad civil, vamos a lograr contribuir activamente en el empoderamiento de 30 mujeres, a trav\u00e9s de la implementaci\u00f3n de un modelo de intervenci\u00f3n de tres meses de duraci\u00f3n, centrado en abordajes grupales e individuales que permiten trabajar sobre sus emergentes y proyectos de vida desde un enfoque de capacidades, derechos, inclusi\u00f3n y perspectiva de g\u00e9nero\u00bb,<\/em> aseguran desde la entidad.<\/p>\n<p>Apoyan y acompa\u00f1an Claudia Lombardi, Luz Mar\u00eda Fundation, Escuela Argentina de Euritmia, Contribuir al desarrollo local, entre otros.<\/p>\n<p><strong>Acerca de LAPIS <\/strong><\/p>\n<p>El Laboratorio de Pr\u00e1cticas e Investigaciones Sociales es una asociaci\u00f3n civil que cuenta con m\u00e1s de 16 a\u00f1os de experiencia en planificaci\u00f3n estrat\u00e9gica, dise\u00f1o y gesti\u00f3n de programas en las \u00e1reas de desarrollo socioecon\u00f3mico, advocacy, educaci\u00f3n y g\u00e9nero, produciendo sinergias de impacto y exitosas alianzas multiactorales.<\/p>\n<p><strong>Inscripciones<\/strong>: https:\/\/forms.gle\/vcccqooz9iBoxSXU9 La participaci\u00f3n es libre y gratuita. Requiere presencialidad e inscripci\u00f3n previa. Cupos limitados.<\/p>\n<p><strong>Contacto institucional<\/strong><br \/>\n<strong>Correo electr\u00f3nico<\/strong>: lapis.ac@gmail.com<br \/>\n<strong>Web<\/strong>: https:\/\/lapisac.wixsite.com\/lapis<br \/>\n<strong>Instagram<\/strong>: lapis.asoc.civil<\/p>\n<p><strong><em>Por otras im\u00e1genes, audios o entrevistas no dude en contactarse<\/em><\/strong><\/p>\n<p><strong><em> Contactos de Prensa<\/em><\/strong><\/p>\n<table width=\"100%\">\n<tbody>\n<tr>\n<td width=\"50%\"><strong> Candela Villanueva &#8211; Asistente de Cuentas<\/p>\n<p><\/strong> <b> Directo<\/b><strong>: <\/strong> 0230-4664772<br \/>\n<b> Skype:<\/b> quasarcomunicacion<br \/>\n<b> Instagram<\/b>: @quasarcomunicacion<br \/>\n<b> Twitter:<\/b> @quasarpilar<br \/>\n<b> Gr<\/b><b>upo y p\u00e1gina en Facebook: <\/b> www.facebook.com\/<a href=\"mailto:mfipata@gmail.com\">Quasar<\/a>Comunicacion<br \/>\n<b> Web:<\/b> <a href=\"http:\/\/www.quasarcomunicacion.com.ar\"> www.quasarcomunicacion.com.ar<\/a><\/p>\n<p><b> Mail<\/b><strong>:<\/strong> <a href=\"mailto:fernanda@quasarcomunicacion.com.ar\"> candela<\/a><a href=\"mailto:fernanda@quasarcomunicacion.com.ar\">@quasarcomunicacion.com.ar<\/a><\/td>\n<td width=\"50%\"><strong> Lic. Mar\u00eda Fernanda Ipata &#8211; Directora<br \/>\n<\/strong> <b><br \/>\n<\/b> <b> M\u00f3vil:<\/b> 0230-15-4584535<br \/>\n<b> Whatsapp<\/b><b>:<\/b><a href=\"https:\/\/bit.ly\/2J4cUvm\"> 11 5312 6795<\/a><br \/>\n<a href=\"https:\/\/bit.ly\/2Sn1zLP\"> Enviar whatsapp aqu\u00ed<\/a><br \/>\n<b> Skype:<\/b> quasarcomunicacion<br \/>\n<b> LinkedIn<\/b><strong>:\u00a0 <\/strong> <strong> <a href=\"http:\/\/www.linkedin.com\/in\/mfipata\"> http:\/\/www.linkedin.com\/in\/mfipata<\/a><\/strong><br \/>\n<a href=\"https:\/\/www.linkedin.com\/company\/quasarcomunicacion\"> https:\/\/www.linkedin.com\/company\/quasarcomunicacion<\/a><br \/>\n<b> Instagram y Facebook:<\/b> @quasarcomunicacion <b><br \/>\nWeb:<\/b> <a href=\"http:\/\/www.quasarcomunicacion.com.ar\"> www.quasarcomunicacion.com.ar<\/a><br \/>\n<b> Mail<\/b><strong>:<\/strong><a href=\"mailto:fernanda@quasarcomunicacion.com.ar\"> fernanda@quasarcomunicacion.com.ar<\/a><br \/>\n<b> Telegram: https:\/\/t.me\/QuasarComunicacion<\/b><br \/>\n<b> Canal de Telegram para acceder a comunicados:<\/b> https:\/\/t.me\/comunicadosQC<\/td>\n<\/tr>\n<\/tbody>\n<\/table>\n","protected":false},"excerpt":{"rendered":"<p>El Laboratorio de Pr\u00e1cticas e Investigaciones Sociales (LAPIS) lanza un nuevo ciclo del Programa de Formaci\u00f3n e Integraci\u00f3n Sociolaboral en [&hellip;]<\/p>\n","protected":false},"author":2,"featured_media":11878,"comment_status":"closed","ping_status":"closed","sticky":false,"template":"","format":"standard","meta":[],"categories":[2],"tags":[],"_links":{"self":[{"href":"https:\/\/quasarcomunicacion.com.ar\/web\/wp-json\/wp\/v2\/posts\/11879"}],"collection":[{"href":"https:\/\/quasarcomunicacion.com.ar\/web\/wp-json\/wp\/v2\/posts"}],"about":[{"href":"https:\/\/quasarcomunicacion.com.ar\/web\/wp-json\/wp\/v2\/types\/post"}],"author":[{"embeddable":true,"href":"https:\/\/quasarcomunicacion.com.ar\/web\/wp-json\/wp\/v2\/users\/2"}],"replies":[{"embeddable":true,"href":"https:\/\/quasarcomunicacion.com.ar\/web\/wp-json\/wp\/v2\/comments?post=11879"}],"version-history":[{"count":1,"href":"https:\/\/quasarcomunicacion.com.ar\/web\/wp-json\/wp\/v2\/posts\/11879\/revisions"}],"predecessor-version":[{"id":11880,"href":"https:\/\/quasarcomunicacion.com.ar\/web\/wp-json\/wp\/v2\/posts\/11879\/revisions\/11880"}],"wp:featuredmedia":[{"embeddable":true,"href":"https:\/\/quasarcomunicacion.com.ar\/web\/wp-json\/wp\/v2\/media\/11878"}],"wp:attachment":[{"href":"https:\/\/quasarcomunicacion.com.ar\/web\/wp-json\/wp\/v2\/media?parent=11879"}],"wp:term":[{"taxonomy":"category","embeddable":true,"href":"https:\/\/quasarcomunicacion.com.ar\/web\/wp-json\/wp\/v2\/categories?post=11879"},{"taxonomy":"post_tag","embeddable":true,"href":"https:\/\/quasarcomunicacion.com.ar\/web\/wp-json\/wp\/v2\/tags?post=11879"}],"curies":[{"name":"wp","href":"https:\/\/api.w.org\/{rel}","templated":true}]}}