{"id":11862,"date":"2022-06-29T12:29:57","date_gmt":"2022-06-29T12:29:57","guid":{"rendered":"https:\/\/quasarcomunicacion.com.ar\/web\/?p=11862"},"modified":"2022-06-29T12:29:57","modified_gmt":"2022-06-29T12:29:57","slug":"fundacion-arte-movil-lanza-su-tienda-de-arte-online-para-comercializar-obras-libros-y-objetos","status":"publish","type":"post","link":"https:\/\/quasarcomunicacion.com.ar\/web\/fundacion-arte-movil-lanza-su-tienda-de-arte-online-para-comercializar-obras-libros-y-objetos\/","title":{"rendered":"Fundaci\u00f3n Arte M\u00f3vil lanza su tienda de arte online para comercializar obras, libros y objetos"},"content":{"rendered":"<p>La <strong>Fundaci\u00f3n Arte M\u00f3vil (FAM) <\/strong>oficializ\u00f3 el lanzamiento de su tienda virtual de arte, un espacio de comercio electr\u00f3nico en donde las personas podr\u00e1n ver y adquirir diferentes productos culturales de artistas muy variados, de una forma r\u00e1pida y sencilla.<!--more--><\/p>\n<p>En busca de seguir impulsando su objetivo de desarrollar profesionalmente a la comunidad art\u00edstica, ayudarlos a vivir de lo que hacen, democratizar el arte y potenciar la creaci\u00f3n de valor, es que la <strong>Fundaci\u00f3n Arte M\u00f3vil<\/strong> present\u00f3 su \u00faltimo proyecto en el que han estado trabajando, una Tienda Online de Arte F\u00edsico que puede visitarse ingresando en <a href=\"https:\/\/fundacionartemovil.org\/\"> https:\/\/fundacionartemovil.org\/<\/a><\/p>\n<p><a href=\"https:\/\/quasarcomunicacion.com.ar\/web\/wp-content\/uploads\/2022\/06\/tiendafam.gif\"><img class=\"aligncenter\" src=\"https:\/\/quasarcomunicacion.com.ar\/web\/wp-content\/uploads\/2022\/06\/tiendafam.gif\" \/><\/a><\/p>\n<p><em>\u201cLa tienda FAM es una herramienta para acercar el arte y permitir que este sea comercializado\u201d<\/em>, afirm\u00f3 Natalia Gurny, Directora Ejecutiva de <strong>FAM<\/strong> y Directora de Innovaci\u00f3n Abierta y Competitividad de <strong>Identidad Argentina<\/strong>, quien adem\u00e1s enfatiz\u00f3 en que este nuevo proyecto se alinea con los objetivos de la fundaci\u00f3n en cuanto a la b\u00fasqueda de articular el mundo art\u00edstico con los sectores productivos y el mercado.<\/p>\n<p>En este sentido, es v\u00e1lido recordar que la <strong>Fundaci\u00f3n Arte M\u00f3vil <\/strong>tiene como prop\u00f3sito principal la profesionalizaci\u00f3n del arte, que deje de ser un hobbie y que los artistas puedan vivir plenamente de sus obras con todas las herramientas necesarias para ello y as\u00ed enriquecer tanto su vida personal como laboral.<\/p>\n<p><em>\u201cLa idea ac\u00e1 es difundir a los artistas que necesitan un empuj\u00f3n, y la tienda es oficializar esta cadena de favores que todos hacemos cuando nos tiramos buena onda y nos recomendamos\u201d,<\/em> a\u00f1adi\u00f3 por su parte Claudio Roncoli, Presidente de la FAM y remarc\u00f3 que <em>\u201cesta le parece la \u00fanica forma de que todo funcione\u201d<\/em>.<\/p>\n<p>Roncoli enfatiz\u00f3 en lo valioso y necesario que es el trabajo en comunidad y el apoyo mutuo para crecer dentro del mundo del arte, foment\u00f3 a que se realicen recomendaciones y declar\u00f3: <em>\u201cMe siento muy contento y la proyecci\u00f3n es que todo esto avance\u201d. <\/em><\/p>\n<p>En cuanto a cuestiones t\u00e9cnicas, la tienda online de la FAM consta de un sitio web en el que es posible adquirir obras, libros y objetos de diferentes artistas que conforman la base de la Fundaci\u00f3n. Dentro del portal todos los art\u00edculos pueden filtrarse en funci\u00f3n de precio, tama\u00f1o o autor, adem\u00e1s, al hacer click sobre un producto se podr\u00e1 conocer m\u00e1s informaci\u00f3n sobre este y su creador.<\/p>\n<p>A su vez, desde la Fundaci\u00f3n resaltaron que estuvieron trabajando para que el proceso de compra sea c\u00f3modo y eficiente y la transacci\u00f3n se realice de forma f\u00e1cil y r\u00e1pida. Al mismo tiempo, destacaron que la p\u00e1gina tiene un dise\u00f1o responsive que se adapta f\u00e1cilmente a todo tipo de dispositivos m\u00f3viles.<\/p>\n<p><a href=\"https:\/\/quasarcomunicacion.com.ar\/web\/wp-content\/uploads\/2022\/06\/tiendafam1.gif\"><img class=\"aligncenter\" src=\"https:\/\/quasarcomunicacion.com.ar\/web\/wp-content\/uploads\/2022\/06\/tiendafam1.gif\" \/><\/a><\/p>\n<p><em>\u201cEsta tienda la vemos como una oportunidad enorme de transformaci\u00f3n digital para visibilizar el arte de todas las regiones del pa\u00eds a nivel nacional e internacional\u201d,<\/em> a\u00f1adi\u00f3 Gurny en relaci\u00f3n a estos aspectos y calific\u00f3 a la tienda como <em>\u201cun paso m\u00e1s hacia la transformaci\u00f3n digital y la incorporaci\u00f3n de nuevos modelos de negocio sostenibles que aplican nuevas tecnolog\u00edas\u201d. <\/em><\/p>\n<p>Por su parte, Guillermo Suarez, Vicepresidente de<strong> Fundaci\u00f3n Arte M\u00f3vil <\/strong>y presidente y creador de <strong>Identidad Argentina<\/strong>, explic\u00f3 que \u201c<em>el dise\u00f1o de la tienda estuvo basado en distintos sitios de nivel internacional y nacional con el objetivo de que tenga buenas pr\u00e1cticas de comercializaci\u00f3n digital, es decir, que en breves pasos quien compra complete r\u00e1pido el procedimiento de gesti\u00f3n de compra\u201d. <\/em><\/p>\n<p>\u201c<em>En Argentina reci\u00e9n est\u00e1 naciendo el proceso de comercializaci\u00f3n online de arte y hemos buscado que esta sea una tienda amigable para cualquier persona en cualquier lugar del pa\u00eds, que sea f\u00e1cil de entender, que r\u00e1pidamente se llegue a las obras y que en pocos clicks se pueda comprar\u201d,<\/em> se\u00f1al\u00f3 Su\u00e1rez.<\/p>\n<p><em>\u201cEs un esfuerzo muy importante el que se est\u00e1 haciendo en pos de potenciar las obras de cada uno de los brillantes artistas de la Fundaci\u00f3n\u201d<\/em>, concluy\u00f3 el Vicepresidente.<\/p>\n<p>En cuanto al recibimiento de parte de los artistas para con la tienda, este fue muy positivo. En este sentido, todos se mostraron conformes con el proyecto, expectantes de los resultados que puede llegar a dar y contentos por esta posibilidad de fomentar el arte en comunidad y el apoyo mutuo.<\/p>\n<p><em>\u201cLa tienda es buen\u00edsima, tiene un perfil, una imagen, una presentaci\u00f3n y un protagonismo de las obras que me encant\u00f3\u201d,<\/em> expres\u00f3 por su parte el artista tecnol\u00f3gico Javier Bilatz. <em>\u201cEs s\u00faper potente, poco com\u00fan. No tengo registro de que haya en el pa\u00eds una tienda online de arte f\u00edsico con este perfil\u201d<\/em>, agreg\u00f3.<\/p>\n<p>A Bilatz se le sum\u00f3 en la presentaci\u00f3n Ana Abreg\u00fa, artista visual, quien comparti\u00f3 con todos su percepci\u00f3n de la tienda:<em> \u201cEstoy muy agradecida y emocionada con este proyecto porque trata de abrirnos, de ayudarnos entre todos, de mucha apertura y generosidad. La propuesta suena bien por todos lados y la p\u00e1gina es s\u00faper clara y preciosa\u201d. <\/em><\/p>\n<p><em>\u201cA veces el arte llega a ser un medio muy en soledad, muy individual, as\u00ed que esto de que haya un espacio que re\u00fane a la gente en comunidad y celebra el arte en comunidad es algo muy valorable, para destacar<\/em>\u201d, a\u00f1adi\u00f3 por su parte Isabella Mazzonccini, fot\u00f3grafa y estudiante de Artes Visuales.<\/p>\n<p><b> Acerca de la FAM<\/b><\/p>\n<p>La <strong> Fundaci\u00f3n Arte M\u00f3vil<\/strong> busca llevar el arte a todo el pa\u00eds, pero a su vez dar la posibilidad de brindar capacitaci\u00f3n y herramientas de negocios, generar la articulaci\u00f3n productiva para poner en contacto a los artistas con ecosistemas econ\u00f3micos-productivos para que puedan llevar adelante un proyecto de negocio, potenciando el arte y la cultura y acompa\u00f1\u00e1ndolos para incrementar su autoestima y dar el salto.<\/p>\n<p>\u00ab<em>Creemos en la cultura, el arte y la creatividad como bienes de primera necesidad, fundamentales para asegurar una vida digna y el desarrollo de las capacidades intelectuales y sensitivas de las personas. Su lenguaje, universal e inclusivo, es comprensible por cada uno de los seres humanos que habitan en el mundo, ya que apela a nuestras emociones y sentidos y a nuestra capacidad de pensar e imaginar. Transciende a trav\u00e9s de las generaciones, contando historias y creando nuestro propio futuro\u00bb<\/em>, aseguran desde la flamante fundaci\u00f3n.<\/p>\n<p>Claudio Roncoli explica los ejes fundacionales de la <strong> FAM<\/strong>: <em> \u00aben Educaci\u00f3n queremos acercar y brindar herramientas y capacitaciones t\u00e9cnicas, creativas, de innovaci\u00f3n y negocios, a todos los artistas, promoviendo su desarrollo, crecimiento y expansi\u00f3n; en el \u00e1rea de Articulaci\u00f3n productiva buscamos conectar a los artistas con el sector de desarrollo productivo, a trav\u00e9s de la cual se genere valor agregado a las industrias, productivas y servicios, y se generen oportunidades econ\u00f3micas y de desarrollo para el ecosistema cultural e innovador de artistas en Argentina. Tambi\u00e9n habr\u00e1 un \u00e1rea de Real State donde vincularemos el arte al sector de la arquitectura y todas sus intervenciones; y por \u00faltimo Innovaci\u00f3n y Tecnolog\u00eda, en el marco de un mundo cada vez m\u00e1s digital, con proyectos h\u00edbridos y enfoques interdisciplinarios, promover herramientas para democratizar la Cultura desde todas las oportunidades de la Innovaci\u00f3n y el Conocimiento\u00bb. <\/em><\/p>\n<p>La experiencia y el resultado del trabajo de Claudio Roncoli es lo que inspira a <strong> FAM<\/strong>, <em> \u00aben mi camino no encontr\u00e9 personas reales, sino \u00e1ngeles con nombre y apellido que supieron darme la informaci\u00f3n necesaria para vivir de lo que mas me apasiona; el arte. Ahora es mi turno junto a un equipo de nuevos \u00e1ngeles ayudar a otros\u00bb,<\/em> invita.<\/p>\n<p><em> \u00abDesde la FAM convocamos y detectamos artistas para ayudarlos y acompa\u00f1arlos a desarrollar todo su talento, incentivando y visibilizando la producci\u00f3n art\u00edstica contempor\u00e1nea. Generamos oportunidades para que todo persona artista, creativa y generadora de ideas pueda fortalecer sus capacidades y potencie sus creaciones de valor a trav\u00e9s de nuestra academia formativa y a trav\u00e9s de nuestro ecosistema creativo con modelos de desarrollo sustentables y de triple impacto\u00bb,<\/em> adelantan.<\/p>\n<p>Alientan el desarrollo de proyectos creativos, art\u00edsticos, de dise\u00f1o, arquitect\u00f3nicos y culturales como as\u00ed tambi\u00e9n actividades que incluyan acciones responsables hacia las personas y el planeta.<\/p>\n<p><em> \u00abPromovemos una mayor vinculaci\u00f3n entre distintas disciplinas, sectores productivos y modelos interdisciplinarios favoreciendo el desarrollo con una visi\u00f3n integral; tendiendo puentes entre distintos \u00e1mbitos y comunidades tradicionales e innovadoras, nacionales e internacionales. Exploramos escenarios a futuro para conectar el potencial de las industrias creativas y culturales, visualizar las tendencias y transformaciones que permitan apoyar al sector, promover identidad de lo cultural e innovaci\u00f3n en la creaci\u00f3n de un futuro sustentable con sentido de pertenencia y experiencias \u00fanicas, haciendo uso responsable de la tecnolog\u00eda\u00bb, <\/em> completan con una visi\u00f3n de la cultura como negocio sustentable.<\/p>\n<p>Desde la <strong> FAM<\/strong> buscar\u00e1n articular para redise\u00f1ar e innovar en el uso de espacios p\u00fablicos y privados poniendo siempre en valor la riqueza y diversidad de las expresiones creativas y culturales. Impulsar\u00e1n la creaci\u00f3n de nuevos espacios, ArtLabs y centros tecnol\u00f3gicos sustentables e inclusivos orientados a la innovaci\u00f3n digital del sector creativo, como as\u00ed tambi\u00e9n a museos que diversifican sus modelos de negocio y los adaptan a las nuevas tendencias de modo sustentable e inclusivo.<\/p>\n<p>Adem\u00e1s, fomentar\u00e1n la difusi\u00f3n y la puesta en valor de producciones art\u00edsticas; proteger\u00e1n el valor patrimonial de los contenidos culturales, fortaleciendo la identidad y la cohesi\u00f3n social para crear modelos de desarrollo sustentable a partir de saberes locales, valorando los aspectos individuales e intr\u00ednsecos de cada persona, en la creaci\u00f3n de escenarios que aseguren la trascendencia de los valores de la <strong>Fundaci\u00f3n Arte M\u00f3vil.<\/strong><\/p>\n<p>La <strong> FAM<\/strong> cree en un mundo donde todas las personas, puedan desarrollar sus capacidades art\u00edsticas y manifestarlas en todo su potencial, en el marco de un mundo m\u00e1s gentil y cuidadoso con el entorno y el planeta.<\/p>\n<p><em>\u00abSomos un grupo de profesionales que ofrecemos ayuda, asistencia y asesoramiento gratuito para que artistas visuales, de la m\u00fasica, el teatro, la escritura y todas las expresiones art\u00edsticas y culturales logren plasmar sus dones y concretar sus proyectos<\/em>\u00ab, se autodescriben.<\/p>\n<p>Acompa\u00f1an a Claudio en el Consejo Directivo de la <strong>FAM<\/strong> el Mgter Guillermo Su\u00e1rez, destacado profesional del \u00e1mbito de la educaci\u00f3n y aprendizaje digital, como la Lic. Natalia Gurny, con reconocida trayectoria en el \u00e1mbito de la innovaci\u00f3n abierta y competitividad, apoyando la transversalidad y multidiciplinariedad en el desarrollo de la Fundaci\u00f3n.<\/p>\n<p>Con esta nueva entidad, <em> \u00abaspiramos a convocar y detectar artistas emergentes que necesitan ayuda, asesoramiento y apoyo para poder desarrollar sus proyectos. Brindar oportunidades para que los artistas puedan lanzarse con sus obras ya sea por medio de redes de contactos, asesoramiento para presentaci\u00f3n de proyectos, enlace con entidades p\u00fablicas y privadas que les permitan iniciar su actividad art\u00edstica. Brindar capacitaciones, charlas y talleres para los artistas que se inician. Desarrollar concursos que aliente y premien desarrollos art\u00edsticos de calidad. Alentar el desarrollo de proyectos y actividades que incluyan la acci\u00f3n responsable con el planeta, tanto a trav\u00e9s de los materiales que emplea, sus mensajes como el impacto que pueda generar\u00bb.<\/em><\/p>\n<p>Dentro del \u00e1mbito de la Capacitaci\u00f3n y la Formaci\u00f3n, el programa de la FAM desarrollar\u00e1 charlas, talleres, cursos, y capacitaciones gratuitas para artistas que se inician logren desarrollar obra, cuenten con herramientas para desarrollar el marketing y la comercializaci\u00f3n en el mercado fin a su especialidad.<\/p>\n<p><strong> FAM<\/strong>, busca desarrollar actividades art\u00edsticas junto con la comunidad, los barrios y vecinos de las ciudades. El objetivo es generar integraci\u00f3n y promover la participaci\u00f3n en zonas vulnerables donde el arte es un puente y un medio para trascender.<\/p>\n<p>Se buscar\u00e1 la intervenci\u00f3n urbana de fachadas, promoci\u00f3n de diferentes expresiones del arte en eventos y festivales abiertos a la comunidad y desarrollados con la comunidad.<br \/>\nDiferentes actores de la sociedad tienen la posibilidad de confluir en intereses comunes que beneficien el entorno, donde surgen tem\u00e1ticas que involucran aspectos tales<br \/>\ncomo la diversidad cultural, la integraci\u00f3n, la igualdad de g\u00e9nero, la inclusi\u00f3n, y todo factor fundamental que permita conectar la cultura, el arte y la comunidad a trav\u00e9s de<br \/>\nla participaci\u00f3n ciudadana.<\/p>\n<p>Tambi\u00e9n organizar\u00e1n muestras y exposiciones, a trav\u00e9s de un programa que se propone brindar apoyo a los artistas y colaborar para que participen en muestras y exposiciones. Para esto se trabajar\u00e1 con las redes de contactos y la agenda de galer\u00edas, museos y centros culturales, muestras y exposiciones.<\/p>\n<p>No caben dudas que en los tiempos que corren, la creatividad, el talento y la innovaci\u00f3n son recursos inagotables. Por eso desde la entidad impulsan la transici\u00f3n a nuevos modelos de negocio que incorporen diferentes formatos de monetizaci\u00f3n de producciones creativas, articulada por proyectos orientados hacia la creaci\u00f3n y la innovaci\u00f3n haciendo uso responsable de la tecnolog\u00eda y eliminando fronteras en las posibilidades de crecimiento y expansi\u00f3n.<\/p>\n<p><strong>Acerca de Identidad Argentina<\/strong><\/p>\n<p>Identidad Argentina es una organizaci\u00f3n nacional, con presencia federal, dedicada a la Industria de la Innovaci\u00f3n y el Conocimiento, para el desarrollo, transformaci\u00f3n y crecimiento de las organizaciones privadas, p\u00fablicas y mixtas en Argentina, por medio de diversas alternativas de productos y servicios en el<br \/>\n\u00e1mbito de la Educaci\u00f3n, la Econom\u00eda y la Cultura trav\u00e9s de sus Unidades Estrat\u00e9gicas.<\/p>\n<p><em><u>\u00bfQui\u00e9nes somos?<\/u><\/em><\/p>\n<p>Fundada como una empresa nativa digital, el equipo de conducci\u00f3n y colaboradores, con experiencia y trayectoria en el \u00e1mbito educativo, acad\u00e9mico y profesional, se encuentra distribuido geogr\u00e1ficamente en el pa\u00eds. Asimismo, y creyendo en el esp\u00edritu colaborativo y sin\u00e9rgico de la Innovaci\u00f3n y el Conocimiento, para el desarrollo de las organizaciones y los ecosistemas locales donde se encuentran, distingue a <strong>Identidad Argentina<\/strong>:<\/p>\n<p><strong>Red de Partners y Expertos Estrat\u00e9gicos<\/strong>: Especialistas en las diversas \u00e1reas disciplinarias y profesionales, reconocidos nacional e internacionalmente.<\/p>\n<p><strong>Red de Nodos Estrat\u00e9gicos y L\u00edderes de Desarrollo Territorial en Argentina<\/strong>: Embajadores de la marca con experiencia y conocimiento local, esenciales para brindar un valor diferencial en todo el pa\u00eds.<\/p>\n<p><strong>Alianzas Estrat\u00e9gicas<\/strong>: son parte de organizaciones del sector, apostando a sinergia institucionales y la econom\u00eda colaborativa.<\/p>\n<p><u>Visi\u00f3n<\/u>: Ser usina de\u00a0soluciones integrales, inteligentes, para el Fortalecimiento Institucional y Desarrollo Territorial de las organizaciones en el Pa\u00eds, promoviendo su crecimiento sustentable, econ\u00f3mico e inclusivo.<\/p>\n<p><u>V<\/u><u>alores<\/u>: Federalismo, Innovaci\u00f3n, Institucionalidad.<\/p>\n<p>La propuesta de valor se apoya en los diversos servicios y productos que ofrecen a trav\u00e9s de:<\/p>\n<p><strong> Ecosistema Cultural<\/strong>: Con la misi\u00f3n de federalizar y democratizar el Arte, la Lectura, la Cultura y la Educaci\u00f3n en todo el pa\u00eds, ofrecen una variada propuesta cultural a trav\u00e9s de la Tienda Online <a href=\"http:\/\/www.ecosistemacultural.com\"> www.ecosistemacultural.com<\/a>, y la primera Tienda Sustentable, ubicada en C\u00f3rdoba Capital, La Docta, en una esquina Patrimonio Cultural, del emblem\u00e1tico Barrio Alberdi.<\/p>\n<p>Asimismo, y desde la Innovaci\u00f3n, esta unidad se dedica a la Promoci\u00f3n, Gesti\u00f3n y Producci\u00f3n Cultural, por medio de una atractiva y diversa agenda cultural online y presencial (desde la tienda sustentable) y proyectos como \u201cCaja de Tiempo\u201d, el club de lectura desarrollado junto a Por Qu\u00e9 Leer.<\/p>\n<p><strong>Academia Identidad Argentina<\/strong>: A trav\u00e9s de un propio Sistema Integral de Aprendizaje Virtual (InnovaVirtual), dise\u00f1an, producen y dictan m\u00e1s de 20 Programas de formaci\u00f3n profesional y desarrollo de competencias t\u00e9cnicas, vinculados a especializaciones y expertise de alta demanda en el mercado, basados en la Innovaci\u00f3n y el Conocimiento. Los mismos son 100% online, y est\u00e1n certificados por la <strong> C\u00e1mara Argentina para la Formaci\u00f3n Profesional y Capacitaci\u00f3n Laboral. <\/strong>Para finales de este a\u00f1o estiman superar los 30 cursos.<\/p>\n<p><strong><em>InnovaVirtual<\/em><\/strong> propone una manera innovadora, inteligente, din\u00e1mica y accesible de incorporar los conocimientos, habilidades y experiencias, desde cualquier lugar del pa\u00eds y la regi\u00f3n.<\/p>\n<p><strong>Innovaci\u00f3n en el Aprendizaje: <\/strong>Para acompa\u00f1ar las necesidades de formaci\u00f3n, capacitaci\u00f3n, desarrollo de competencias y habilidades, y actualizaci\u00f3n profesional y t\u00e9cnica de las organizaciones y sus equipos, dise\u00f1an Programas de formaci\u00f3n a medida, robustas y a trav\u00e9s de la Red de Profesores y Expertos estrat\u00e9gicos en tem\u00e1ticas de Innovaci\u00f3n y Conocimiento. El modelo de aprendizaje que proponen, se basa en el conocimiento y experiencia individual, colectiva e inspiracional.<\/p>\n<p><strong>Desarrollo Organizacional<\/strong>: Brindan Consultor\u00eda y Asesoramiento profesional a todo tipo de organizaciones, a trav\u00e9s de una vasta Red de Expertos en \u00e1reas disciplinarias afines a la transformaci\u00f3n cultural y digital, gesti\u00f3n del talento humano, equipos de alto desempe\u00f1o, ciberseguridad, auditor\u00eda de procesos y sistemas, gesti\u00f3n de franquicias, posicionamiento de marca, gobierno abierto, y otras \u00e1reas relativas al conocimiento e innovaci\u00f3n.<\/p>\n<p><strong>Datos de contacto:<\/strong><br \/>\n<strong>Facebook<\/strong>: Identidad-Argentina<br \/>\n<strong>Instagram<\/strong>: @identidad.argentina<br \/>\n<strong>Spotify<\/strong> Identidad Argentina<br \/>\n<strong>Linkedin<\/strong>: Identidad Argentina<br \/>\n<strong>Twitter<\/strong>: IdentidadArgen2<br \/>\n<strong>Whatsapp<\/strong>: +54 911 5596 9538<br \/>\n<strong>Web:<\/strong> <a href=\"http:\/\/identidadargentina.com.ar\/\"> http:\/\/identidadargentina.com.ar\/<\/a><\/p>\n<p><strong><em>Por otras im\u00e1genes, audios o entrevistas no dude en contactarse<\/em><\/strong><\/p>\n<p><strong><em> Contactos de Prensa<\/em><\/strong><\/p>\n<table width=\"100%\">\n<tbody>\n<tr>\n<td width=\"50%\"><strong> Ayel\u00e9n Segovia &#8211; Asistente de Cuentas<\/p>\n<p><\/strong> <b> Directo<\/b><strong>: <\/strong> 0230-4664772<br \/>\n<b> Skype:<\/b> quasarcomunicacion<br \/>\n<b> Instagram<\/b>: @quasarcomunicacion<br \/>\n<b> Twitter:<\/b> @quasarpilar<br \/>\n<b> Gr<\/b><b>upo y p\u00e1gina en Facebook: <\/b> www.facebook.com\/<a href=\"mailto:mfipata@gmail.com\">Quasar<\/a>Comunicacion<br \/>\n<b> Web:<\/b> <a href=\"http:\/\/www.quasarcomunicacion.com.ar\"> www.quasarcomunicacion.com.ar<\/a><\/p>\n<p><b> Mail<\/b><strong>:<\/strong> <a href=\"mailto:fernanda@quasarcomunicacion.com.ar\"> asistente<\/a><a href=\"mailto:fernanda@quasarcomunicacion.com.ar\">@quasarcomunicacion.com.ar<\/a><\/td>\n<td width=\"50%\"><strong> Lic. Mar\u00eda Fernanda Ipata &#8211; Directora<br \/>\n<\/strong> <b><br \/>\n<\/b> <b> M\u00f3vil:<\/b> 0230-15-4584535<br \/>\n<b> Whatsapp<\/b><b>:<\/b><a href=\"https:\/\/bit.ly\/2J4cUvm\"> 11 5312 6795<\/a><br \/>\n<a href=\"https:\/\/bit.ly\/2Sn1zLP\"> Enviar whatsapp aqu\u00ed<\/a><br \/>\n<b> Skype:<\/b> quasarcomunicacion<br \/>\n<b> LinkedIn<\/b><strong>:\u00a0 <\/strong> <strong> <a href=\"http:\/\/www.linkedin.com\/in\/mfipata\"> http:\/\/www.linkedin.com\/in\/mfipata<\/a><\/strong><br \/>\n<a href=\"https:\/\/www.linkedin.com\/company\/quasarcomunicacion\"> https:\/\/www.linkedin.com\/company\/quasarcomunicacion<\/a><br \/>\n<b> Instagram y Facebook:<\/b> @quasarcomunicacion <b><br \/>\nWeb:<\/b> <a href=\"http:\/\/www.quasarcomunicacion.com.ar\"> www.quasarcomunicacion.com.ar<\/a><br \/>\n<b> Mail<\/b><strong>:<\/strong><a href=\"mailto:fernanda@quasarcomunicacion.com.ar\"> fernanda@quasarcomunicacion.com.ar<\/a><br \/>\n<b> Canal de Telegram para acceder a comunicados:<\/b> https:\/\/t.me\/comunicadosQC<\/td>\n<\/tr>\n<\/tbody>\n<\/table>\n","protected":false},"excerpt":{"rendered":"<p>La Fundaci\u00f3n Arte M\u00f3vil (FAM) oficializ\u00f3 el lanzamiento de su tienda virtual de arte, un espacio de comercio electr\u00f3nico en [&hellip;]<\/p>\n","protected":false},"author":2,"featured_media":11861,"comment_status":"closed","ping_status":"closed","sticky":false,"template":"","format":"standard","meta":[],"categories":[1],"tags":[],"_links":{"self":[{"href":"https:\/\/quasarcomunicacion.com.ar\/web\/wp-json\/wp\/v2\/posts\/11862"}],"collection":[{"href":"https:\/\/quasarcomunicacion.com.ar\/web\/wp-json\/wp\/v2\/posts"}],"about":[{"href":"https:\/\/quasarcomunicacion.com.ar\/web\/wp-json\/wp\/v2\/types\/post"}],"author":[{"embeddable":true,"href":"https:\/\/quasarcomunicacion.com.ar\/web\/wp-json\/wp\/v2\/users\/2"}],"replies":[{"embeddable":true,"href":"https:\/\/quasarcomunicacion.com.ar\/web\/wp-json\/wp\/v2\/comments?post=11862"}],"version-history":[{"count":1,"href":"https:\/\/quasarcomunicacion.com.ar\/web\/wp-json\/wp\/v2\/posts\/11862\/revisions"}],"predecessor-version":[{"id":11863,"href":"https:\/\/quasarcomunicacion.com.ar\/web\/wp-json\/wp\/v2\/posts\/11862\/revisions\/11863"}],"wp:featuredmedia":[{"embeddable":true,"href":"https:\/\/quasarcomunicacion.com.ar\/web\/wp-json\/wp\/v2\/media\/11861"}],"wp:attachment":[{"href":"https:\/\/quasarcomunicacion.com.ar\/web\/wp-json\/wp\/v2\/media?parent=11862"}],"wp:term":[{"taxonomy":"category","embeddable":true,"href":"https:\/\/quasarcomunicacion.com.ar\/web\/wp-json\/wp\/v2\/categories?post=11862"},{"taxonomy":"post_tag","embeddable":true,"href":"https:\/\/quasarcomunicacion.com.ar\/web\/wp-json\/wp\/v2\/tags?post=11862"}],"curies":[{"name":"wp","href":"https:\/\/api.w.org\/{rel}","templated":true}]}}