{"id":11827,"date":"2022-05-26T13:24:09","date_gmt":"2022-05-26T13:24:09","guid":{"rendered":"https:\/\/quasarcomunicacion.com.ar\/web\/?p=11827"},"modified":"2022-05-30T16:02:33","modified_gmt":"2022-05-30T16:02:33","slug":"la-fundacion-arte-movil-lanza-el-ciclo-simultres-en-cordoba-rosario-y-buenos-aires","status":"publish","type":"post","link":"https:\/\/quasarcomunicacion.com.ar\/web\/la-fundacion-arte-movil-lanza-el-ciclo-simultres-en-cordoba-rosario-y-buenos-aires\/","title":{"rendered":"La Fundaci\u00f3n Arte M\u00f3vil lanza el Ciclo SimulTres en C\u00f3rdoba, Rosario y Buenos Aires"},"content":{"rendered":"<p>En Junio la <strong>Fundaci\u00f3n Arte M\u00f3vil <\/strong>(FAM) lanza el <strong>Ciclo SimulTres FAM <\/strong>con la exposici\u00f3n en simult\u00e1neo de Guillermo Leal que exhibir\u00e1 sus obras desde el 28 de junio en tres lugares: Rosario, C\u00f3rdoba y Buenos Aires.<!--more--><\/p>\n<p><span style=\"font-family: Verdana,sans-serif; font-size: small;\">De esta manera, con entrada libre y gratuita se podr\u00e1 disfrutar desde el 28 de junio y durante tres meses de las obras de Leal en Rosario en el Centro de Aprendizaje Universitario de Siglo 21 (Catamarca 2229), en Buenos Aires en el Centro de Aprendizaje Universitario TOM de Siglo 21, en el Tortugas Open Mall en la Panamericana del Ramal Pilar (km 36.5) y en la ciudad de C\u00f3rdoba en la Tienda Ecosistema Cultural, en Santa Rosa 1498. Las muestras estar\u00e1n abiertas de lunes a viernes de 10 a 21hs \/\/ S\u00e1bados de 10 a 14hs \/\/ domingos cerrado.<\/span><\/p>\n<p><a href=\"https:\/\/quasarcomunicacion.com.ar\/web\/wp-content\/uploads\/2022\/05\/leal.gif\"><img class=\"aligncenter\" src=\"https:\/\/quasarcomunicacion.com.ar\/web\/wp-content\/uploads\/2022\/05\/leal.gif\" \/><\/a><\/p>\n<p>Este proyecto surge en el marco de la <strong>FAM<\/strong>, una organizaci\u00f3n sin fines de lucro que trabaja activamente para el fortalecimiento de los artistas y el Arte; el desarrollo de la cultura y la sociedad.<\/p>\n<p>Desde la <strong>FAM<\/strong> convocan y detectan artistas para ayudarlos y acompa\u00f1arlos a desarrollar todo su talento, incentivando y visibilizando la producci\u00f3n art\u00edstica contempor\u00e1nea. Recientemente, la Fundaci\u00f3n tuvo su presencia en la Feria de Arte MAPA, donde gestionaron la financiaci\u00f3n y sponsoreo de seis proyectos art\u00edsticos emergentes de diferentes regiones de Argentina para que puedan estar presentes en la exposici\u00f3n.<\/p>\n<p>Esta exposici\u00f3n se podr\u00e1 realizar gracias al apoyo de Identidad Argentina, el Centro de Aprendizaje Universitario de Rosario y el Centro de Aprendizaje Universitario Open Mall de la Universidad Siglo 21.<\/p>\n<p>Es importante destacar la trascendencia de este <strong>Ciclo SimulTres <\/strong>en espacios educativos, acompa\u00f1ando el arte a la experiencia de aprendizaje logrando un ecosistema virtuoso social y cultural.<\/p>\n<p>El artista pl\u00e1stico Claudio Roncoli, presidente de la FAM, indica que \u00abeste proyecto surge de nuestras ganas de apoyar<em> artistas con mucho talento pero con poca visibilidad. Nuestra idea es adem\u00e1s, aprovechar tres espacios en tres provincias, en la cual hay un alto tr\u00e1nsito de personas que se van a encontrar con esta propuesta y estamos seguros que a ellos tambi\u00e9n les va a enriquecer el momento. Algunos artistas dicen que su obra se termina cuando la ve alguien, pues qu\u00e9 mejor que estos espacios en C\u00f3rdoba, Rosario y Pilar\u00bb<\/em>.<\/p>\n<p><a href=\"https:\/\/quasarcomunicacion.com.ar\/web\/wp-content\/uploads\/2022\/05\/lealcuadro.gif\"><img class=\"aligncenter\" src=\"https:\/\/quasarcomunicacion.com.ar\/web\/wp-content\/uploads\/2022\/05\/lealcuadro.gif\" \/><\/a><\/p>\n<p><em>\u00abEl principal objetivo es darle la oportunidad a los artistas que muestren su obra en espacios p\u00fablicos no tradicionales. La cantidad de galer\u00edas de arte profesionales escasea bastante en Argentina, es por eso que los artistas tienen pocas posibilidades en su pa\u00eds, mucho menos en el interior o fuera de Bs. As.<\/em>\u00ab, agrega el artista Claudio Roncoli.<\/p>\n<p>Respecto de la selecci\u00f3n, Roncoli asegura que <em>\u00abvamos seleccionando en base a acciones pasadas de la FAM, como por ejemplo cuando montamos un stand en MAPA, la feria de arte contempor\u00e1neo de Buenos Aires. Es ah\u00ed donde seleccionamos 22 artistas de diferentes provincias de la Argentina\u00bb. <\/em><\/p>\n<p>El primer artista seleccionado es Guillermo Leal, quien en esta ocasi\u00f3n expondr\u00e1 su proyecto \u201cBise\u00f1o\u201d, que viene desarrollando desde el a\u00f1o 2016. Este consiste en Ilustraciones vectoriales conceptuales que contienen dos o m\u00e1s mensajes plasmados en una sola imagen buscando la m\u00e1xima s\u00edntesis visual. El eje de las obras se centra en tem\u00e1ticas sociales y ecol\u00f3gicos de la actualidad. Sus obras est\u00e1n plasmadas en serigraf\u00edas e impresi\u00f3n en cama plana. A partir de este proyecto, Leal fue seleccionado en 2018 en la Bienal Internacional del Poster de Ecuador, y en 2019 en el Golden Turtle Festival en Rusia; adem\u00e1s de la posibilidad de participar en muestra colectiva en el Sacha Mistol Art Hotel.<\/p>\n<p>Guillermo Leal nace en la provincia de C\u00f3rdoba, Argentina en 1971. Se recibi\u00f3 como Dise\u00f1ador Gr\u00e1fico Publicitario de la escuela de Dise\u00f1o \u201cAguas de la Ca\u00f1ada\u201d en 1990. Se dedic\u00f3 muchos a\u00f1os al dise\u00f1o gr\u00e1fico, que culmin\u00f3 con la fundaci\u00f3n de LEAL STUDIO. Colabor\u00f3 con prestigiosas marcas tales como Fiat, e incluso con el Gobierno de C\u00f3rdoba, adem\u00e1s de dedicarse a la carrera acad\u00e9mica como disertante.<\/p>\n<p><em>\u00ab<\/em><em>Ser el primer artista en el ciclo SimulTres FAM es un verdadero honor y orgullo. Esta prestigiosa fundaci\u00f3n compuesta por Claudio Roncoli, Guillermo Su\u00e1rez y un gran equipo es y ser\u00e1 un verdadero motor para el arte nacional. Para mi es un gran escal\u00f3n en mi carrera de artista visual\u00bb,<\/em> dijo Leal.<\/p>\n<p>En cuanto a su obra,<em> \u00abBISE\u00d1O es la fusi\u00f3n de mi experiencia como dise\u00f1ador gr\u00e1fico desde hace 30 a\u00f1os. Forma y contraforma (Tipograf\u00eda) + Concepto. La necesidad de expresar mi preocupaci\u00f3n por temas ecol\u00f3gicos y sociales me llev\u00f3 a la b\u00fasqueda de la creaci\u00f3n de im\u00e1genes que tengan alto poder de impacto, m\u00e1xima s\u00edntesis y sobre todo un lenguaje universal. Esta obras est\u00e1n plasmadas sobre papeles de algod\u00f3n en serigraf\u00eda o impresiones digitales en cama plana\u00bb<\/em>, expres\u00f3 el artista.<\/p>\n<p><em>\u00abEn esta Inauguraci\u00f3n del ciclo, busco poder generar alguna emoci\u00f3n en el espectador y si logro sumar mi grano de arena a la tem\u00e1tica ecol\u00f3gica va a ser un objetivo logrado. Es una gran motivaci\u00f3n ser parte de FAM!\u00bb, <\/em>finaliz\u00f3 Leal.<\/p>\n<p>El presidente de <strong>Identidad Argentina<\/strong> y vicepresidente de la <strong>FAM<\/strong>, el Mgter Guillermo Su\u00e1rez, desde ambos lugares explica que <em>\u00abnuestro objetivo en primer lugar es acercar y democratizar el arte en espacios vinculados a la educaci\u00f3n y a la cultura. Entendemos que la convivencia de la educaci\u00f3n con el arte es una sinergia transformacional hacia el desarrollo que puedan tener las comunidades y las regiones\u00bb<\/em>.<\/p>\n<p>A su vez, Su\u00e1rez agrega que <em>\u00abSimulTres se hace en espacios educativos con el fin de acercar el arte generando un espacio de transformaci\u00f3n desde la cultura, eso nos motiv\u00f3 a elegir estos 3 espacios muy ic\u00f3nicos: en C\u00f3rdoba en pleno coraz\u00f3n de la revoluci\u00f3n universitaria y en Buenos Aires en un local dedicado a la educaci\u00f3n universitaria a igual que en Rosario. Son tres lugares en donde dialoga la educaci\u00f3n y la cultura y ahora con este proyecto se incorpora el arte como manera de lograr transformar desde este ecosistema\u00bb<\/em><\/p>\n<p><em>\u00abEn cada acci\u00f3n buscamos demostrar que podemos convivir y estar cerca, democratizando el arte, la cultura y la educaci\u00f3n. Por eso nuestra expectativa es que cada regi\u00f3n donde estamos presentes pueda disfrutar y percibir este espacio donde conviven la educaci\u00f3n, la cultura y el arte y que puedan ser espacios de transformaci\u00f3n y desarrollo social y asimismo y particularmente un espacio de experiencia, de disfrute y de bienestar para quienes lo visiten\u00bb,<\/em> completa Su\u00e1rez.<\/p>\n<p>Desde <strong> Identidad Argentina <\/strong>y la <strong>Fundaci\u00f3n Arte M\u00f3vil<\/strong>, <em> \u00abla proyecci\u00f3n es tener diferentes artistas, de diferentes lugares del pa\u00eds, de toda la Argentina para que puedan expresarse y convivir como espacio de desarrollo donde el arte sea cada vez m\u00e1s inclusivo y accesible y se presente desde un espacio innovador\u00bb,<\/em> concluy\u00f3 Su\u00e1rez.<\/p>\n<p>Roncoli agrega que <em>\u00abesperamos que sea un paso m\u00e1s en la carrera de los artistas, que logren aprovechar la oportunidad y sea un trampol\u00edn a nuevas acciones. Y deseamos que el p\u00fablico que frecuenta estos lugares, le agregue algo de valor a su vida diaria\u00bb<\/em>.<\/p>\n<p><b> Acerca de la FAM<\/b><\/p>\n<p>La <strong> Fundaci\u00f3n Arte M\u00f3vil<\/strong> busca llevar el arte a todo el pa\u00eds, pero a su vez dar la posibilidad de brindar capacitaci\u00f3n y herramientas de negocios, generar la articulaci\u00f3n productiva para poner en contacto a los artistas con ecosistemas econ\u00f3micos-productivos para que puedan llevar adelante un proyecto de negocio, potenciando el arte y la cultura y acompa\u00f1\u00e1ndolos para incrementar su autoestima y dar el salto.<\/p>\n<p>\u00ab<em>Creemos en la cultura, el arte y la creatividad como bienes de primera necesidad, fundamentales para asegurar una vida digna y el desarrollo de las capacidades intelectuales y sensitivas de las personas. Su lenguaje, universal e inclusivo, es comprensible por cada uno de los seres humanos que habitan en el mundo, ya que apela a nuestras emociones y sentidos y a nuestra capacidad de pensar e imaginar. Transciende a trav\u00e9s de las generaciones, contando historias y creando nuestro propio futuro\u00bb<\/em>, aseguran desde la flamante fundaci\u00f3n.<\/p>\n<p>Claudio Roncoli explica los ejes fundacionales de la <strong> FAM<\/strong>: <em> \u00aben Educaci\u00f3n queremos acercar y brindar herramientas y capacitaciones t\u00e9cnicas, creativas, de innovaci\u00f3n y negocios, a todos los artistas, promoviendo su desarrollo, crecimiento y expansi\u00f3n; en el \u00e1rea de Articulaci\u00f3n productiva buscamos conectar a los artistas con el sector de desarrollo productivo, a trav\u00e9s de la cual se genere valor agregado a las industrias, productivas y servicios, y se generen oportunidades econ\u00f3micas y de desarrollo para el ecosistema cultural e innovador de artistas en Argentina. Tambi\u00e9n habr\u00e1 un \u00e1rea de Real State donde vincularemos el arte al sector de la arquitectura y todas sus intervenciones; y por \u00faltimo Innovaci\u00f3n y Tecnolog\u00eda, en el marco de un mundo cada vez m\u00e1s digital, con proyectos h\u00edbridos y enfoques interdisciplinarios, promover herramientas para democratizar la Cultura desde todas las oportunidades de la Innovaci\u00f3n y el Conocimiento\u00bb. <\/em><\/p>\n<p>La experiencia y el resultado del trabajo de Claudio Roncoli es lo que inspira a <strong> FAM<\/strong>, <em> \u00aben mi camino no encontr\u00e9 personas reales, sino \u00e1ngeles con nombre y apellido que supieron darme la informaci\u00f3n necesaria para vivir de lo que mas me apasiona; el arte. Ahora es mi turno junto a un equipo de nuevos \u00e1ngeles ayudar a otros\u00bb,<\/em> invita.<\/p>\n<p><em> \u00abDesde la FAM convocamos y detectamos artistas para ayudarlos y acompa\u00f1arlos a desarrollar todo su talento, incentivando y visibilizando la producci\u00f3n art\u00edstica contempor\u00e1nea. Generamos oportunidades para que todo persona artista, creativa y generadora de ideas pueda fortalecer sus capacidades y potencie sus creaciones de valor a trav\u00e9s de nuestra academia formativa y a trav\u00e9s de nuestro ecosistema creativo con modelos de desarrollo sustentables y de triple impacto\u00bb,<\/em> adelantan.<\/p>\n<p>Alientan el desarrollo de proyectos creativos, art\u00edsticos, de dise\u00f1o, arquitect\u00f3nicos y culturales como as\u00ed tambi\u00e9n actividades que incluyan acciones responsables hacia las personas y el planeta.<\/p>\n<p><em> \u00abPromovemos una mayor vinculaci\u00f3n entre distintas disciplinas, sectores productivos y modelos interdisciplinarios favoreciendo el desarrollo con una visi\u00f3n integral; tendiendo puentes entre distintos \u00e1mbitos y comunidades tradicionales e innovadoras, nacionales e internacionales. Exploramos escenarios a futuro para conectar el potencial de las industrias creativas y culturales, visualizar las tendencias y transformaciones que permitan apoyar al sector, promover identidad de lo cultural e innovaci\u00f3n en la creaci\u00f3n de un futuro sustentable con sentido de pertenencia y experiencias \u00fanicas, haciendo uso responsable de la tecnolog\u00eda\u00bb, <\/em> completan con una visi\u00f3n de la cultura como negocio sustentable.<\/p>\n<p>Desde la <strong> FAM<\/strong> buscar\u00e1n articular para redise\u00f1ar e innovar en el uso de espacios p\u00fablicos y privados poniendo siempre en valor la riqueza y diversidad de las expresiones creativas y culturales. Impulsar\u00e1n la creaci\u00f3n de nuevos espacios, ArtLabs y centros tecnol\u00f3gicos sustentables e inclusivos orientados a la innovaci\u00f3n digital del sector creativo, como as\u00ed tambi\u00e9n a museos que diversifican sus modelos de negocio y los adaptan a las nuevas tendencias de modo sustentable e inclusivo.<\/p>\n<p>Adem\u00e1s, fomentar\u00e1n la difusi\u00f3n y la puesta en valor de producciones art\u00edsticas; proteger\u00e1n el valor patrimonial de los contenidos culturales, fortaleciendo la identidad y la cohesi\u00f3n social para crear modelos de desarrollo sustentable a partir de saberes locales, valorando los aspectos individuales e intr\u00ednsecos de cada persona, en la creaci\u00f3n de escenarios que aseguren la trascendencia de los valores de la <strong>Fundaci\u00f3n Arte M\u00f3vil.<\/strong><\/p>\n<p>La <strong> FAM<\/strong> cree en un mundo donde todas las personas, puedan desarrollar sus capacidades art\u00edsticas y manifestarlas en todo su potencial, en el marco de un mundo m\u00e1s gentil y cuidadoso con el entorno y el planeta.<\/p>\n<p><em>\u00abSomos un grupo de profesionales que ofrecemos ayuda, asistencia y asesoramiento gratuito para que artistas visuales, de la m\u00fasica, el teatro, la escritura y todas las expresiones art\u00edsticas y culturales logren plasmar sus dones y concretar sus proyectos<\/em>\u00ab, se autodescriben.<\/p>\n<p>Acompa\u00f1an a Claudio en el Consejo Directivo de la <strong>FAM<\/strong> el Mgter Guillermo Su\u00e1rez, destacado profesional del \u00e1mbito de la educaci\u00f3n y aprendizaje digital, como la Lic. Natalia Gurny, con reconocida trayectoria en el \u00e1mbito de la innovaci\u00f3n abierta y competitividad, apoyando la transversalidad y multidiciplinariedad en el desarrollo de la Fundaci\u00f3n.<\/p>\n<p>Con esta nueva entidad, <em> \u00abaspiramos a convocar y detectar artistas emergentes que necesitan ayuda, asesoramiento y apoyo para poder desarrollar sus proyectos. Brindar oportunidades para que los artistas puedan lanzarse con sus obras ya sea por medio de redes de contactos, asesoramiento para presentaci\u00f3n de proyectos, enlace con entidades p\u00fablicas y privadas que les permitan iniciar su actividad art\u00edstica. Brindar capacitaciones, charlas y talleres para los artistas que se inician. Desarrollar concursos que aliente y premien desarrollos art\u00edsticos de calidad. Alentar el desarrollo de proyectos y actividades que incluyan la acci\u00f3n responsable con el planeta, tanto a trav\u00e9s de los materiales que emplea, sus mensajes como el impacto que pueda generar\u00bb.<\/em><\/p>\n<p>Dentro del \u00e1mbito de la Capacitaci\u00f3n y la Formaci\u00f3n, el programa de la FAM desarrollar\u00e1 charlas, talleres, cursos, y capacitaciones gratuitas para artistas que se inician logren desarrollar obra, cuenten con herramientas para desarrollar el marketing y la comercializaci\u00f3n en el mercado fin a su especialidad.<\/p>\n<p><strong> FAM<\/strong>, busca desarrollar actividades art\u00edsticas junto con la comunidad, los barrios y vecinos de las ciudades. El objetivo es generar integraci\u00f3n y promover la participaci\u00f3n en zonas vulnerables donde el arte es un puente y un medio para trascender.<\/p>\n<p>Se buscar\u00e1 la intervenci\u00f3n urbana de fachadas, promoci\u00f3n de diferentes expresiones del arte en eventos y festivales abiertos a la comunidad y desarrollados con la comunidad.<br \/>\nDiferentes actores de la sociedad tienen la posibilidad de confluir en intereses comunes que beneficien el entorno, donde surgen tem\u00e1ticas que involucran aspectos tales<br \/>\ncomo la diversidad cultural, la integraci\u00f3n, la igualdad de g\u00e9nero, la inclusi\u00f3n, y todo factor fundamental que permita conectar la cultura, el arte y la comunidad a trav\u00e9s de<br \/>\nla participaci\u00f3n ciudadana.<\/p>\n<p>Tambi\u00e9n organizar\u00e1n muestras y exposiciones, a trav\u00e9s de un programa que se propone brindar apoyo a los artistas y colaborar para que participen en muestras y exposiciones. Para esto se trabajar\u00e1 con las redes de contactos y la agenda de galer\u00edas, museos y centros culturales, muestras y exposiciones.<\/p>\n<p>No caben dudas que en los tiempos que corren, la creatividad, el talento y la innovaci\u00f3n son recursos inagotables. Por eso desde la entidad impulsan la transici\u00f3n a nuevos modelos de negocio que incorporen diferentes formatos de monetizaci\u00f3n de producciones creativas, articulada por proyectos orientados hacia la creaci\u00f3n y la innovaci\u00f3n haciendo uso responsable de la tecnolog\u00eda y eliminando fronteras en las posibilidades de crecimiento y expansi\u00f3n.<\/p>\n<p><strong>Acerca de Identidad Argentina<\/strong><\/p>\n<p>Identidad Argentina es una organizaci\u00f3n nacional, con presencia federal, dedicada a la Industria de la Innovaci\u00f3n y el Conocimiento, para el desarrollo, transformaci\u00f3n y crecimiento de las organizaciones privadas, p\u00fablicas y mixtas en Argentina, por medio de diversas alternativas de productos y servicios en el<br \/>\n\u00e1mbito de la Educaci\u00f3n, la Econom\u00eda y la Cultura trav\u00e9s de sus Unidades Estrat\u00e9gicas.<\/p>\n<p><em><u>\u00bfQui\u00e9nes somos?<\/u><\/em><\/p>\n<p>Fundada como una empresa nativa digital, el equipo de conducci\u00f3n y colaboradores, con experiencia y trayectoria en el \u00e1mbito educativo, acad\u00e9mico y profesional, se encuentra distribuido geogr\u00e1ficamente en el pa\u00eds. Asimismo, y creyendo en el esp\u00edritu colaborativo y sin\u00e9rgico de la Innovaci\u00f3n y el Conocimiento, para el desarrollo de las organizaciones y los ecosistemas locales donde se encuentran, distingue a <strong>Identidad Argentina<\/strong>:<\/p>\n<p><strong>Red de Partners y Expertos Estrat\u00e9gicos<\/strong>: Especialistas en las diversas \u00e1reas disciplinarias y profesionales, reconocidos nacional e internacionalmente.<\/p>\n<p><strong>Red de Nodos Estrat\u00e9gicos y L\u00edderes de Desarrollo Territorial en Argentina<\/strong>: Embajadores de la marca con experiencia y conocimiento local, esenciales para brindar un valor diferencial en todo el pa\u00eds.<\/p>\n<p><strong>Alianzas Estrat\u00e9gicas<\/strong>: son parte de organizaciones del sector, apostando a sinergia institucionales y la econom\u00eda colaborativa.<\/p>\n<p><u>Visi\u00f3n<\/u>: Ser usina de\u00a0soluciones integrales, inteligentes, para el Fortalecimiento Institucional y Desarrollo Territorial de las organizaciones en el Pa\u00eds, promoviendo su crecimiento sustentable, econ\u00f3mico e inclusivo.<\/p>\n<p><u>V<\/u><u>alores<\/u>: Federalismo, Innovaci\u00f3n, Institucionalidad.<\/p>\n<p>La propuesta de valor se apoya en los diversos servicios y productos que ofrecen a trav\u00e9s de:<\/p>\n<p><strong> Ecosistema Cultural<\/strong>: Con la misi\u00f3n de federalizar y democratizar el Arte, la Lectura, la Cultura y la Educaci\u00f3n en todo el pa\u00eds, ofrecen una variada propuesta cultural a trav\u00e9s de la Tienda Online <a href=\"http:\/\/www.ecosistemacultural.com\"> www.ecosistemacultural.com<\/a>, y la primera Tienda Sustentable, ubicada en C\u00f3rdoba Capital, La Docta, en una esquina Patrimonio Cultural, del emblem\u00e1tico Barrio Alberdi.<\/p>\n<p>Asimismo, y desde la Innovaci\u00f3n, esta unidad se dedica a la Promoci\u00f3n, Gesti\u00f3n y Producci\u00f3n Cultural, por medio de una atractiva y diversa agenda cultural online y presencial (desde la tienda sustentable) y proyectos como \u201cCaja de Tiempo\u201d, el club de lectura desarrollado junto a Por Qu\u00e9 Leer.<\/p>\n<p><strong>Academia Identidad Argentina<\/strong>: A trav\u00e9s de un propio Sistema Integral de Aprendizaje Virtual (InnovaVirtual), dise\u00f1an, producen y dictan m\u00e1s de 20 Programas de formaci\u00f3n profesional y desarrollo de competencias t\u00e9cnicas, vinculados a especializaciones y expertise de alta demanda en el mercado, basados en la Innovaci\u00f3n y el Conocimiento. Los mismos son 100% online, y est\u00e1n certificados por la <strong> C\u00e1mara Argentina para la Formaci\u00f3n Profesional y Capacitaci\u00f3n Laboral. <\/strong>Para finales de este a\u00f1o estiman superar los 30 cursos.<\/p>\n<p><strong><em>InnovaVirtual<\/em><\/strong> propone una manera innovadora, inteligente, din\u00e1mica y accesible de incorporar los conocimientos, habilidades y experiencias, desde cualquier lugar del pa\u00eds y la regi\u00f3n.<\/p>\n<p><strong>Innovaci\u00f3n en el Aprendizaje: <\/strong>Para acompa\u00f1ar las necesidades de formaci\u00f3n, capacitaci\u00f3n, desarrollo de competencias y habilidades, y actualizaci\u00f3n profesional y t\u00e9cnica de las organizaciones y sus equipos, dise\u00f1an Programas de formaci\u00f3n a medida, robustas y a trav\u00e9s de la Red de Profesores y Expertos estrat\u00e9gicos en tem\u00e1ticas de Innovaci\u00f3n y Conocimiento. El modelo de aprendizaje que proponen, se basa en el conocimiento y experiencia individual, colectiva e inspiracional.<\/p>\n<p><strong>Desarrollo Organizacional<\/strong>: Brindan Consultor\u00eda y Asesoramiento profesional a todo tipo de organizaciones, a trav\u00e9s de una vasta Red de Expertos en \u00e1reas disciplinarias afines a la transformaci\u00f3n cultural y digital, gesti\u00f3n del talento humano, equipos de alto desempe\u00f1o, ciberseguridad, auditor\u00eda de procesos y sistemas, gesti\u00f3n de franquicias, posicionamiento de marca, gobierno abierto, y otras \u00e1reas relativas al conocimiento e innovaci\u00f3n.<\/p>\n<p><strong>Datos de contacto:<\/strong><br \/>\n<strong>Facebook<\/strong>: Identidad-Argentina<br \/>\n<strong>Instagram<\/strong>: @identidad.argentina<br \/>\n<strong>Spotify<\/strong> Identidad Argentina<br \/>\n<strong>Linkedin<\/strong>: Identidad Argentina<br \/>\n<strong>Twitter<\/strong>: IdentidadArgen2<br \/>\n<strong>Whatsapp<\/strong>: +54 911 5596 9538<br \/>\n<strong>Web:<\/strong> <a href=\"http:\/\/identidadargentina.com.ar\/\"> http:\/\/identidadargentina.com.ar\/<\/a><\/p>\n<p><strong><em>Por otras im\u00e1genes, audios o entrevistas no dude en contactarse<\/em><\/strong><\/p>\n<p><strong><em> Contactos de Prensa<\/em><\/strong><\/p>\n<table width=\"100%\">\n<tbody>\n<tr>\n<td width=\"50%\"><strong> Candela Villanueva &#8211; Ejecutiva de Cuentas<\/strong><\/p>\n<p><b> Directo<\/b><strong>: <\/strong> 0230-4664772<br \/>\n<b> Skype:<\/b> quasarcomunicacion<br \/>\n<b> Instagram<\/b>: @quasarcomunicacion<br \/>\n<b> Twitter:<\/b> @quasarpilar<br \/>\n<b> Gr<\/b><b>upo y p\u00e1gina en Facebook: <\/b> www.facebook.com\/<a href=\"mailto:mfipata@gmail.com\">Quasar<\/a>Comunicacion<br \/>\n<b> Web:<\/b> <a href=\"http:\/\/www.quasarcomunicacion.com.ar\"> www.quasarcomunicacion.com.ar<\/a><\/p>\n<p><b> Mail<\/b><strong>:<\/strong> <a href=\"mailto:fernanda@quasarcomunicacion.com.ar\"> candela<\/a><a href=\"mailto:fernanda@quasarcomunicacion.com.ar\">@quasarcomunicacion.com.ar<\/a><\/td>\n<td width=\"50%\"><strong> Lic. Mar\u00eda Fernanda Ipata &#8211; Directora<br \/>\n<\/strong> <b><br \/>\n<\/b> <b> M\u00f3vil:<\/b> 0230-15-4584535<br \/>\n<b> Whatsapp<\/b><b>:<\/b><a href=\"https:\/\/bit.ly\/2J4cUvm\"> 11 5312 6795<\/a><br \/>\n<a href=\"https:\/\/bit.ly\/2Sn1zLP\"> Enviar whatsapp aqu\u00ed<\/a><br \/>\n<b> Skype:<\/b> quasarcomunicacion<br \/>\n<b> LinkedIn<\/b><strong>:\u00a0 <\/strong> <strong> <a href=\"http:\/\/www.linkedin.com\/in\/mfipata\"> http:\/\/www.linkedin.com\/in\/mfipata<\/a><\/strong><br \/>\n<a href=\"https:\/\/www.linkedin.com\/company\/quasarcomunicacion\"> https:\/\/www.linkedin.com\/company\/quasarcomunicacion<\/a><br \/>\n<b> Instagram y Facebook:<\/b> @quasarcomunicacion <b><br \/>\nWeb:<\/b> <a href=\"http:\/\/www.quasarcomunicacion.com.ar\"> www.quasarcomunicacion.com.ar<\/a><br \/>\n<b> Mail<\/b><strong>:<\/strong><a href=\"mailto:fernanda@quasarcomunicacion.com.ar\"> fernanda@quasarcomunicacion.com.ar<\/a><br \/>\n<b> Canal de Telegram para acceder a comunicados:<\/b> https:\/\/t.me\/comunicadosQC<\/td>\n<\/tr>\n<\/tbody>\n<\/table>\n","protected":false},"excerpt":{"rendered":"<p>En Junio la Fundaci\u00f3n Arte M\u00f3vil (FAM) lanza el Ciclo SimulTres FAM con la exposici\u00f3n en simult\u00e1neo de Guillermo Leal [&hellip;]<\/p>\n","protected":false},"author":2,"featured_media":11825,"comment_status":"closed","ping_status":"closed","sticky":false,"template":"","format":"standard","meta":[],"categories":[2],"tags":[],"_links":{"self":[{"href":"https:\/\/quasarcomunicacion.com.ar\/web\/wp-json\/wp\/v2\/posts\/11827"}],"collection":[{"href":"https:\/\/quasarcomunicacion.com.ar\/web\/wp-json\/wp\/v2\/posts"}],"about":[{"href":"https:\/\/quasarcomunicacion.com.ar\/web\/wp-json\/wp\/v2\/types\/post"}],"author":[{"embeddable":true,"href":"https:\/\/quasarcomunicacion.com.ar\/web\/wp-json\/wp\/v2\/users\/2"}],"replies":[{"embeddable":true,"href":"https:\/\/quasarcomunicacion.com.ar\/web\/wp-json\/wp\/v2\/comments?post=11827"}],"version-history":[{"count":4,"href":"https:\/\/quasarcomunicacion.com.ar\/web\/wp-json\/wp\/v2\/posts\/11827\/revisions"}],"predecessor-version":[{"id":11834,"href":"https:\/\/quasarcomunicacion.com.ar\/web\/wp-json\/wp\/v2\/posts\/11827\/revisions\/11834"}],"wp:featuredmedia":[{"embeddable":true,"href":"https:\/\/quasarcomunicacion.com.ar\/web\/wp-json\/wp\/v2\/media\/11825"}],"wp:attachment":[{"href":"https:\/\/quasarcomunicacion.com.ar\/web\/wp-json\/wp\/v2\/media?parent=11827"}],"wp:term":[{"taxonomy":"category","embeddable":true,"href":"https:\/\/quasarcomunicacion.com.ar\/web\/wp-json\/wp\/v2\/categories?post=11827"},{"taxonomy":"post_tag","embeddable":true,"href":"https:\/\/quasarcomunicacion.com.ar\/web\/wp-json\/wp\/v2\/tags?post=11827"}],"curies":[{"name":"wp","href":"https:\/\/api.w.org\/{rel}","templated":true}]}}