{"id":11819,"date":"2022-05-17T17:14:16","date_gmt":"2022-05-17T17:14:16","guid":{"rendered":"https:\/\/quasarcomunicacion.com.ar\/web\/?p=11819"},"modified":"2022-05-24T17:15:33","modified_gmt":"2022-05-24T17:15:33","slug":"ciclo-de-innovacion-y-conocimiento-gratuito-y-online-organizado-por-identidad-argentina","status":"publish","type":"post","link":"https:\/\/quasarcomunicacion.com.ar\/web\/ciclo-de-innovacion-y-conocimiento-gratuito-y-online-organizado-por-identidad-argentina\/","title":{"rendered":"Ciclo de Innovaci\u00f3n y Conocimiento gratuito y online organizado por Identidad Argentina"},"content":{"rendered":"<p><strong>Identidad Argentina,<\/strong> entidad dedicada a la innovaci\u00f3n, la educaci\u00f3n y el conocimiento, lanza un nuevo <strong>Ciclo de Innovaci\u00f3n y Conocimiento<\/strong> con charlas on line y gratuitas que comienzan el martes 24 de mayo a las 18 hs con la charla <strong>\u00abI+D: Innovaci\u00f3n desde los dos hemisferios\u00bb<\/strong>. Inscripciones abiertas en <a href=\"http:\/\/identidadargentina.com.ar\/forms\/I+D\/\"> http:\/\/identidadargentina.com.ar\/forms\/I+D\/<\/a><!--more--><\/p>\n<p><em>\u00abLas demandas del mundo actual, el cambio permanente como \u00fanica constante, las transformaciones en nuevas formas de trabajo y la aparici\u00f3n de nuevos modelos de negocio, plantean a la Innovaci\u00f3n, al Conocimiento y a nuestra capacidad de aprendizaje continuo, como \u00fanicas ventajas competitivas sostenibles\u00bb<\/em>, sostienen desde <strong>Identidad Argentina<\/strong>.<\/p>\n<p><a href=\"https:\/\/quasarcomunicacion.com.ar\/web\/wp-content\/uploads\/2022\/05\/ciclo2405.gif\"><img class=\"aligncenter\" src=\"https:\/\/quasarcomunicacion.com.ar\/web\/wp-content\/uploads\/2022\/05\/ciclo2405.gif\" \/><\/a><\/p>\n<p>El <strong>Ciclo de Innovaci\u00f3n y Conocimiento<\/strong> de <strong>Identidad Argentina<\/strong> es una oportunidad para la co creaci\u00f3n de valor y de proyectos de transformaci\u00f3n que respondan a las necesidades de una agenda global con objetivos de desarrollo sostenible, con metas universales y transformativas centradas en las personas.<\/p>\n<p>La primera charla tendr\u00e1 lugar el pr\u00f3ximo martes 24 de mayo a las 18 hs v\u00eda Zoom con el tema <strong>\u00abI+D: Innovaci\u00f3n desde los dos hemisferios\u00bb <\/strong>a cargo de los expertos de Identidad Argentina, de Jorge Fantin, Magister Sloan Fellow y MSC in Management, con Fabiana Renault, Creativa compulsiva, publicista en Rebeld\u00eda y Oradora TED<\/p>\n<p>\u00ab<em>El reto que tenemos hoy es crear futuro a trav\u00e9s de la innovaci\u00f3n y para esto es imprescindible aprender a equivocarnos y aceptar la diversidad de puntos de vista, algo fundamental para generar cultura de innovaci\u00f3n en los equipos de trabajo<\/em>\u00ab, dicen los expertos.<\/p>\n<p>Las habilidades relacionales, emocionales y de comunicaci\u00f3n se han convertido en algo esencial, sin embargo, para el desarrollo de proyectos tecnol\u00f3gicos debe haber un equilibrio y articulaci\u00f3n con habilidades cr\u00edticas, la capacidad anal\u00edtica y el pensamiento cr\u00edtico, la resoluci\u00f3n de problemas y la creatividad, la autogesti\u00f3n de la productividad y de las emociones, el uso y aprovechamiento de las tecnolog\u00edas, la cooperaci\u00f3n para un prop\u00f3sito com\u00fan, entre otras, con el objetivo de sostener el negocio en contextos evolutivos y disruptivos.<\/p>\n<p><em>\u00abEn esta charla conversaremos sobre la importancia de invertir no solo en la formaci\u00f3n tradicional de conocimiento sino en el desarrollo y articulaci\u00f3n de estas capacidades para destacarse en el mercado laboral del futuro\u00bb,<\/em> asegura Sabrina Reta, Coordinadora de la Unidad de Fortalecimiento Institucional y Desarrollo Organizacional de <strong>Identidad Argentina. <\/strong><\/p>\n<p>En contextos de incertidumbre extrema, fr\u00e1giles, no lineales, con cambios exponenciales, donde perdemos la noci\u00f3n del corto, mediano y largo plazo para la toma de decisiones y esto genera ansiedad; resulta imperativo promover espacios que potencien las capacidades de los diferentes actores, el trabajo colaborativo en entornos de confianza a trav\u00e9s de la Innovaci\u00f3n y el Conocimiento.<\/p>\n<p><em>\u00abTodo cambio de paradigma genera oportunidades hist\u00f3ricas. Queremos ser los protagonistas de la nueva agenda de transformaci\u00f3n\u00bb, <\/em> aseguran desde la entidad nacional.<\/p>\n<p><em>\u00abInvitamos a Organizaciones p\u00fablicas, privadas y mixtas, CEOs, l\u00edderes de organizaciones, emprendedores y emprendedoras, expertos en distintas tem\u00e1ticas, profesionales y toda aquella persona que desee aprender y crecer, a participar de las charlas y ser parte de este nuevo desaf\u00edo, promoviendo la innovaci\u00f3n, el conocimiento y el aprendizaje continuo e Impulsando aquellos proyectos que representen grandes motores por una Argentina inclusiva y equitativa hacia un desarrollo sostenible\u00bb<\/em>, invitan desde <strong>Identidad Argentina<\/strong>.<\/p>\n<p>En <strong>Identidad Argentina<\/strong>, a trav\u00e9s de las charlas abiertas del <strong>Ciclo de Innovaci\u00f3n y Competitivida<\/strong>d, y con la presencia de importantes referentes expertos en distintas tem\u00e1ticas de inter\u00e9s global, se ofrecen espacios para:<\/p>\n<p>&#8211; Estimular la creatividad y la generaci\u00f3n de de intercambios, integraci\u00f3n, colaboraci\u00f3n y ense\u00f1anza que impulsen el Desarrollo de competencias t\u00e9cnicas y socioemocionales de talentos, equipos y personas<\/p>\n<p>&#8211; Promover el intercambio de experiencias, agregar valor en la co creaci\u00f3n de caminos de acci\u00f3n para la evoluci\u00f3n de estilos de liderazgo, procesos de transformaci\u00f3n y adaptaci\u00f3n a nuevas din\u00e1micas de la coyuntura.<\/p>\n<p>&#8211; Ser agentes de cambio. Promover la profesionalizaci\u00f3n y \u201chumanizaci\u00f3n\u201d de las personas y las organizaciones en su articulaci\u00f3n tecnol\u00f3gica, acompa\u00f1ando las transformaciones culturales.<\/p>\n<p>&#8211; Trabajar en red de manera colaborativa, generando sinergias como usina de conocimiento en la creaci\u00f3n de soluciones integrales e Innovadoras sobre los ejes de la Educaci\u00f3n, la Econom\u00eda y la Cultura en pos de las transformaciones que la agenda global demanda promoviendo un desarrollo sostenible<\/p>\n<p><strong>Jorge Fant\u00edn<\/strong><\/p>\n<p><a href=\"https:\/\/quasarcomunicacion.com.ar\/web\/wp-content\/uploads\/2022\/05\/fantin.gif\"><img class=\"alignright\" src=\"https:\/\/quasarcomunicacion.com.ar\/web\/wp-content\/uploads\/2022\/05\/fantin.gif\" \/><\/a>Experto de <strong>Identidad Argentina<\/strong><\/p>\n<p>Magister, Sloan Fellow y MSc in Management (London Business School- UK), Magister en Finanzas (Universidad Torcuato Di Tella &#8211; Argentina), Ingeniero Electr\u00f3nico (Facultad de Ingenier\u00eda &#8211; Universidad de Buenos Aires).<\/p>\n<p>Socio y director de DynaMundo LLC, CFO de TerapiaMia.com LLC, asesor del directorio de StaTwigInc, director ejecutivo del Instituto Mois\u00e9s Lebensohn y asesor y consultor de empresas.<\/p>\n<p>En el \u00e1mbito acad\u00e9mico es director de la Maestr\u00eda en Administraci\u00f3n de Negocios y Aplicaciones Tecnol\u00f3gicas Empresariales de la Universidad Empresarial Siglo 21, director acad\u00e9mico de la Certificaci\u00f3n Avanzada en Gesti\u00f3n Gerencial del Instituto Tecnol\u00f3gico de Buenos Aires y profesor de Prognosis Estrat\u00e9gica y Conducci\u00f3n Estrat\u00e9gica en la Maestr\u00eda en Geopol\u00edtica y Estrategia de la Escuela Superior de Guerra del Ej\u00e9rcito Argentino.<\/p>\n<p>Tambi\u00e9n participa como instructor en diversos programas de educaci\u00f3n ejecutiva tanto en el pa\u00eds como en el exterior, habiendo trabajado con las m\u00e1s importantes empresas de la regi\u00f3n. Con anterioridad ha sido profesor de la Universidad Torcuato Di Tella, de la Universidad de San Andr\u00e9s, de IESE campus Buenos Aires, de la Universidad de Buenos Aires y de la Universidad Argentina de la Empresa.<\/p>\n<p><strong>Fabiana Renault<\/strong><\/p>\n<p><a href=\"https:\/\/quasarcomunicacion.com.ar\/web\/wp-content\/uploads\/2022\/05\/fabianarenault.jpg\"><img class=\"alignright\" src=\"https:\/\/quasarcomunicacion.com.ar\/web\/wp-content\/uploads\/2022\/05\/fabianarenault.jpg\" \/><\/a>Experta de <strong>Identidad Argentina<\/strong><\/p>\n<p>Lic. en Publicidad, con una Maestr\u00eda en Innovaci\u00f3n Social (en curso), Especializaci\u00f3n en Innovaci\u00f3n Educativa, formaci\u00f3n en: Arte (Kunst Akademie Van Amsterdam), Stand Up Comedy, Design Thinking, Neuromanagement.<\/p>\n<p>Trabaj\u00f3 como publicista en agencias como DDBO, Publicis y Y&amp;R hasta llegar a la Direcci\u00f3n General Creativa.<\/p>\n<p>Desde 2012 dirige Creativos Extramuros, Consultora en Creatividad e Innovaci\u00f3n.<\/p>\n<p>Trabaja para marcas de la regi\u00f3n como Holcim, Arcor, Naranja, PWC, Renault, infinit, OH LALA, La Voz del Interior, Cargill, GIRE, Coca Cola y much\u00edsimas m\u00e1s.<\/p>\n<p>Fue directora de la Escuela Superior de Creativos Publicitarios.<\/p>\n<p>Dirigi\u00f3 las Diplomaturas en Creatividad e Innovaci\u00f3n en: TEC de Monterrey, Universidad V\u00e9ritas en Costa Rica, Universidad Diego portales en Chile, Universidad Columbia en Paraguay y muchas m\u00e1s.<\/p>\n<p>Docente de Postrado en ADEN, Universidad Siglo 21 y Universidad Nacional de C\u00f3rdoba.<\/p>\n<p>Adem\u00e1s, titular de C\u00e1tedra Creatividad en UCA y directora en Programas de Formaci\u00f3n Cont\u00ednua CREA, IAW, Aulas Creativas.<\/p>\n<p><strong>Acerca de Identidad Argentina<\/strong><\/p>\n<p>Identidad Argentina es una organizaci\u00f3n nacional, con presencia federal, dedicada a la Industria de la Innovaci\u00f3n y el Conocimiento, para el desarrollo, transformaci\u00f3n y crecimiento de las organizaciones privadas, p\u00fablicas y mixtas en Argentina, por medio de diversas alternativas de productos y servicios en el<br \/>\n\u00e1mbito de la Educaci\u00f3n, la Econom\u00eda y la Cultura trav\u00e9s de sus Unidades Estrat\u00e9gicas.<\/p>\n<p><em><u>\u00bfQui\u00e9nes somos?<\/u><\/em><\/p>\n<p>Fundada como una empresa nativa digital, el equipo de conducci\u00f3n y colaboradores, con experiencia y trayectoria en el \u00e1mbito educativo, acad\u00e9mico y profesional, se encuentra distribuido geogr\u00e1ficamente en el pa\u00eds. Asimismo, y creyendo en el esp\u00edritu colaborativo y sin\u00e9rgico de la Innovaci\u00f3n y el Conocimiento, para el desarrollo de las organizaciones y los ecosistemas locales donde se encuentran, distingue a <strong>Identidad Argentina<\/strong>:<\/p>\n<p><strong>Red de Partners y Expertos Estrat\u00e9gicos<\/strong>: Especialistas en las diversas \u00e1reas disciplinarias y profesionales, reconocidos nacional e internacionalmente.<\/p>\n<p><strong>Red de Nodos Estrat\u00e9gicos y L\u00edderes de Desarrollo Territorial en Argentina<\/strong>: Embajadores de la marca con experiencia y conocimiento local, esenciales para brindar un valor diferencial en todo el pa\u00eds.<\/p>\n<p><strong>Alianzas Estrat\u00e9gicas<\/strong>: son parte de organizaciones del sector, apostando a sinergia institucionales y la econom\u00eda colaborativa.<\/p>\n<p><u>Visi\u00f3n<\/u>: Ser usina de\u00a0soluciones integrales, inteligentes, para el Fortalecimiento Institucional y Desarrollo Territorial de las organizaciones en el Pa\u00eds, promoviendo su crecimiento sustentable, econ\u00f3mico e inclusivo.<\/p>\n<p><u>V<\/u><u>alores<\/u>: Federalismo, Innovaci\u00f3n, Institucionalidad.<\/p>\n<p>La propuesta de valor se apoya en los diversos servicios y productos que ofrecen a trav\u00e9s de:<\/p>\n<p><strong> Ecosistema Cultural<\/strong>: Con la misi\u00f3n de federalizar y democratizar el Arte, la Lectura, la Cultura y la Educaci\u00f3n en todo el pa\u00eds, ofrecen una variada propuesta cultural a trav\u00e9s de la Tienda Online <a href=\"http:\/\/www.ecosistemacultural.com\"> www.ecosistemacultural.com<\/a>, y la primera Tienda Sustentable, ubicada en C\u00f3rdoba Capital, La Docta, en una esquina Patrimonio Cultural, del emblem\u00e1tico Barrio Alberdi.<\/p>\n<p>Asimismo, y desde la Innovaci\u00f3n, esta unidad se dedica a la Promoci\u00f3n, Gesti\u00f3n y Producci\u00f3n Cultural, por medio de una atractiva y diversa agenda cultural online y presencial (desde la tienda sustentable) y proyectos como \u201cCaja de Tiempo\u201d, el club de lectura desarrollado junto a Por Qu\u00e9 Leer.<\/p>\n<p><strong>Academia Identidad Argentina<\/strong>: A trav\u00e9s de un propio Sistema Integral de Aprendizaje Virtual (InnovaVirtual), dise\u00f1an, producen y dictan m\u00e1s de 20 Programas de formaci\u00f3n profesional y desarrollo de competencias t\u00e9cnicas, vinculados a especializaciones y expertise de alta demanda en el mercado, basados en la Innovaci\u00f3n y el Conocimiento. Los mismos son 100% online, y est\u00e1n certificados por la <strong> C\u00e1mara Argentina para la Formaci\u00f3n Profesional y Capacitaci\u00f3n Laboral. <\/strong>Para finales de este a\u00f1o estiman superar los 30 cursos.<\/p>\n<p><strong><em>InnovaVirtual<\/em><\/strong> propone una manera innovadora, inteligente, din\u00e1mica y accesible de incorporar los conocimientos, habilidades y experiencias, desde cualquier lugar del pa\u00eds y la regi\u00f3n.<\/p>\n<p><strong>Innovaci\u00f3n en el Aprendizaje: <\/strong>Para acompa\u00f1ar las necesidades de formaci\u00f3n, capacitaci\u00f3n, desarrollo de competencias y habilidades, y actualizaci\u00f3n profesional y t\u00e9cnica de las organizaciones y sus equipos, dise\u00f1an Programas de formaci\u00f3n a medida, robustas y a trav\u00e9s de la Red de Profesores y Expertos estrat\u00e9gicos en tem\u00e1ticas de Innovaci\u00f3n y Conocimiento. El modelo de aprendizaje que proponen, se basa en el conocimiento y experiencia individual, colectiva e inspiracional.<\/p>\n<p><strong>Desarrollo Organizacional<\/strong>: Brindan Consultor\u00eda y Asesoramiento profesional a todo tipo de organizaciones, a trav\u00e9s de una vasta Red de Expertos en \u00e1reas disciplinarias afines a la transformaci\u00f3n cultural y digital, gesti\u00f3n del talento humano, equipos de alto desempe\u00f1o, ciberseguridad, auditor\u00eda de procesos y sistemas, gesti\u00f3n de franquicias, posicionamiento de marca, gobierno abierto, y otras \u00e1reas relativas al conocimiento e innovaci\u00f3n.<\/p>\n<p><strong>Datos de contacto:<\/strong><br \/>\n<strong>Facebook<\/strong>: Identidad-Argentina<br \/>\n<strong>Instagram<\/strong>: @identidad.argentina<br \/>\n<strong>Spotify<\/strong> Identidad Argentina<br \/>\n<strong>Linkedin<\/strong>: Identidad Argentina<br \/>\n<strong>Twitter<\/strong>: IdentidadArgen2<br \/>\n<strong>Whatsapp<\/strong>: +54 911 5596 9538<br \/>\n<strong>Web:<\/strong> <a href=\"http:\/\/identidadargentina.com.ar\/\"> http:\/\/identidadargentina.com.ar\/<\/a><\/p>\n<p><strong><em>Por otras im\u00e1genes, audios o entrevistas no dude en contactarse<\/em><\/strong><\/p>\n<p><strong><em> Contactos de Prensa<\/em><\/strong><\/p>\n<table width=\"100%\">\n<tbody>\n<tr>\n<td width=\"50%\"><strong> Candela Villanueva &#8211; Ejecutiva de Cuentas<\/strong><\/p>\n<p><b> Directo<\/b><strong>: <\/strong> 0230-4664772<br \/>\n<b> Skype:<\/b> quasarcomunicacion<br \/>\n<b> Instagram<\/b>: @quasarcomunicacion<br \/>\n<b> Twitter:<\/b> @quasarpilar<br \/>\n<b> Gr<\/b><b>upo y p\u00e1gina en Facebook: <\/b> www.facebook.com\/<a href=\"mailto:mfipata@gmail.com\">Quasar<\/a>Comunicacion<br \/>\n<b> Web:<\/b> <a href=\"http:\/\/www.quasarcomunicacion.com.ar\"> www.quasarcomunicacion.com.ar<\/a><\/p>\n<p><b> Mail<\/b><strong>:<\/strong> <a href=\"mailto:fernanda@quasarcomunicacion.com.ar\"> candela<\/a><a href=\"mailto:fernanda@quasarcomunicacion.com.ar\">@quasarcomunicacion.com.ar<\/a><\/td>\n<td width=\"50%\"><strong> Lic. Mar\u00eda Fernanda Ipata &#8211; Directora<br \/>\n<\/strong> <b><br \/>\n<\/b> <b> M\u00f3vil:<\/b> 0230-15-4584535<br \/>\n<b> Whatsapp<\/b><b>:<\/b><a href=\"https:\/\/bit.ly\/2J4cUvm\"> 11 5312 6795<\/a><br \/>\n<a href=\"https:\/\/bit.ly\/2Sn1zLP\"> Enviar whatsapp aqu\u00ed<\/a><br \/>\n<b> Skype:<\/b> quasarcomunicacion<br \/>\n<b> LinkedIn<\/b><strong>:\u00a0 <\/strong> <strong> <a href=\"http:\/\/www.linkedin.com\/in\/mfipata\"> http:\/\/www.linkedin.com\/in\/mfipata<\/a><\/strong><br \/>\n<a href=\"https:\/\/www.linkedin.com\/company\/quasarcomunicacion\"> https:\/\/www.linkedin.com\/company\/quasarcomunicacion<\/a><br \/>\n<b> Instagram y Facebook:<\/b> @quasarcomunicacion <b><br \/>\nWeb:<\/b> <a href=\"http:\/\/www.quasarcomunicacion.com.ar\"> www.quasarcomunicacion.com.ar<\/a><br \/>\n<b> Mail<\/b><strong>:<\/strong><a href=\"mailto:fernanda@quasarcomunicacion.com.ar\"> fernanda@quasarcomunicacion.com.ar<\/a><br \/>\n<b> Canal de Telegram para acceder a comunicados:<\/b> https:\/\/t.me\/comunicadosQC<\/td>\n<\/tr>\n<\/tbody>\n<\/table>\n","protected":false},"excerpt":{"rendered":"<p>Identidad Argentina, entidad dedicada a la innovaci\u00f3n, la educaci\u00f3n y el conocimiento, lanza un nuevo Ciclo de Innovaci\u00f3n y Conocimiento [&hellip;]<\/p>\n","protected":false},"author":2,"featured_media":0,"comment_status":"closed","ping_status":"closed","sticky":false,"template":"","format":"standard","meta":[],"categories":[2],"tags":[],"_links":{"self":[{"href":"https:\/\/quasarcomunicacion.com.ar\/web\/wp-json\/wp\/v2\/posts\/11819"}],"collection":[{"href":"https:\/\/quasarcomunicacion.com.ar\/web\/wp-json\/wp\/v2\/posts"}],"about":[{"href":"https:\/\/quasarcomunicacion.com.ar\/web\/wp-json\/wp\/v2\/types\/post"}],"author":[{"embeddable":true,"href":"https:\/\/quasarcomunicacion.com.ar\/web\/wp-json\/wp\/v2\/users\/2"}],"replies":[{"embeddable":true,"href":"https:\/\/quasarcomunicacion.com.ar\/web\/wp-json\/wp\/v2\/comments?post=11819"}],"version-history":[{"count":2,"href":"https:\/\/quasarcomunicacion.com.ar\/web\/wp-json\/wp\/v2\/posts\/11819\/revisions"}],"predecessor-version":[{"id":11826,"href":"https:\/\/quasarcomunicacion.com.ar\/web\/wp-json\/wp\/v2\/posts\/11819\/revisions\/11826"}],"wp:attachment":[{"href":"https:\/\/quasarcomunicacion.com.ar\/web\/wp-json\/wp\/v2\/media?parent=11819"}],"wp:term":[{"taxonomy":"category","embeddable":true,"href":"https:\/\/quasarcomunicacion.com.ar\/web\/wp-json\/wp\/v2\/categories?post=11819"},{"taxonomy":"post_tag","embeddable":true,"href":"https:\/\/quasarcomunicacion.com.ar\/web\/wp-json\/wp\/v2\/tags?post=11819"}],"curies":[{"name":"wp","href":"https:\/\/api.w.org\/{rel}","templated":true}]}}