{"id":118,"date":"2012-03-11T20:10:27","date_gmt":"2012-03-11T20:10:27","guid":{"rendered":"http:\/\/quasarcomunicacion.wordpress.com\/?p=118"},"modified":"2012-03-11T20:10:27","modified_gmt":"2012-03-11T20:10:27","slug":"felicidad-y-elasticidad-por-guillermo-garcia-arias","status":"publish","type":"post","link":"https:\/\/quasarcomunicacion.com.ar\/web\/felicidad-y-elasticidad-por-guillermo-garcia-arias\/","title":{"rendered":"Felicidad y elasticidad, por Guillermo Garc\u00eda Arias"},"content":{"rendered":"<p><a href=\"http:\/\/quasarcomunicacion.files.wordpress.com\/2012\/03\/guillermo.jpg\"><img loading=\"lazy\" class=\"alignright size-full wp-image-119\" title=\"guillermo\" src=\"http:\/\/quasarcomunicacion.files.wordpress.com\/2012\/03\/guillermo.jpg\" alt=\"\" width=\"260\" height=\"183\" \/><\/a>Los seres humanos, desde que nacen inician un camino largo y sinuoso en el que van tomando contacto con las vicisitudes de la vida.<!--more--><br \/>\nVan aprendiendo de qu\u00e9 se trata la vida y en ese transitar, algunos van acotando los miedos, y los van procesando y superando, y otros, los van engrosando e incorporando.<br \/>\nEl miedo por excelencia, el miedo mayor es el miedo a la muerte, y debajo de \u00e9l, conviven, agazapados muchas manifestaciones de distintos miedos, que sin dudas, tienen que ver con ese gran miedo.<br \/>\nDe la forma en que aprendamos a ver, a advertir y a percibir los hechos que nos rodean, podremos darles un lugar acotado, o, ir aumentando cada vez m\u00e1s miedos.<br \/>\nMadurar, no es cumplir a\u00f1os, madurar es ser cada dia mas el\u00e1stico.<br \/>\nEste proceso, implica, que lo que me preocupaba mucho a los 20, me preocupa menos a los 30, y casi nada a los 40 y as\u00ed sucesivamente.<br \/>\nDebajo de cada rigidez hay miedo, y con cada rigidez, hay infelicidad.<br \/>\nLa felicidad tiene que ver con ser el\u00e1stico y la infelicidad esta muy asociada a la rigidez.<br \/>\nComo dije, en la medida que puedo ir trabajando mis temores, y los pueda ir superando, ir\u00e9 agregando a mi persona mayores grados de elasticidad y con esos mayores grados de elasticidad, ir\u00e9 ganando mayores espacios de plenitud.<br \/>\nEn realidad, y si seguimos discurriendo por los temas tan inherentes al hombre, como son los temas de la luz y la oscuridad, podemos darnos cuenta, que como dec\u00eda el gran Frederich Niezteche, \u201cno hay una realidad, sino distintas maneras de verla\u201d.<br \/>\nPor ende la felicidad de las personas no tiene mayormente que ver con los hechos que ocurren a nuestro alrededor, sino tiene que ver con la manera en que nos tomamos esos hechos.<br \/>\nYa lo dijo el otro gran psiquiatra V\u00edctor Frankl, en su libro El Hombre en Busca de Sentido, cuando dos presos, que est\u00e1n en las mismas condiciones, detr\u00e1s de una reja en un campo de concentraci\u00f3n nazi, uno ve el piso embarrado y la vida horrorosa y el otro mira la noche estrellada y se maravilla al mirarla, y ambos sufren de las mismas privaciones.<br \/>\nDicho esto, el poder trabajar a lo largo del camino, de que manera miro a la vida, de que manera me tomo las cosas que ocurren y de que manera puedo advertirlas de modo que no me lastimen o me lastimen menos, esa es la forma de ir madurando e ir adquiriendo mayores grados de elasticidad y por ende de felicidad.<br \/>\nObservar a la naturaleza, detenerse a observarla, nos regala cada vez una ense\u00f1anza.<br \/>\nEl rio fluye, nadie lo empuja, naturalmente va buscando su cauce hacia terrenos mas bajos.<br \/>\nLas aves no luchan por ser aves, los mam\u00edferos no luchan por ser mam\u00edferos.<br \/>\nLas flores no sufren para parecerse a otras y tampoco luchan por ser las flores que son.<br \/>\n\u00danicamente es el ser humano que quiere empujar todos los d\u00edas el r\u00edo, que lucha para parecerse a otro y que sufre por no ser ese otro al que admira.<br \/>\nEn la medida en que poseo un buen autoconcepto, una buena autoestima, ser\u00e9 m\u00e1s seguro, por ende mas el\u00e1stico y a su vez, estar\u00e9 orgulloso de ser, aquel que soy sin buscar parecerme a otro, distinto de mi mismo.<br \/>\nPugnare por ser todo lo bueno que pueda ser, siendo yo mismo.<br \/>\nEn lugar de desear parecerme a otro, ir\u00e9 construyendo la mejor versi\u00f3n de mi mismo.<br \/>\nFelicidad y elasticidad, infelicidad y rigidez, opciones que la vida nos pone delante.<br \/>\nDe nosotros depende el camino que elegimos.<\/p>\n<address>Guillermo Garc\u00eda Arias es Ingeniero, Counselor, Escritor y Periodista, adem\u00e1s director del Instituto Holos. Garc\u00eda Arias es autor de los libros \u201cHacer el amor con la vida\u201d, \u201cLifting espiritual\u201d, \u201cBotiqu\u00edn Espiritual\u201d, etc\u00a0Adem\u00e1s es Periodista, Conductor del programa \u00abEn Contacto\u00bb y \u00abEn Contacto a la Noche\u00bb en Radio El Mundo AM 1070 &#8211; Radio Identidad FM 92.1<\/address>\n","protected":false},"excerpt":{"rendered":"<p>Los seres humanos, desde que nacen inician un camino largo y sinuoso en el que van tomando contacto con las [&hellip;]<\/p>\n","protected":false},"author":2,"featured_media":0,"comment_status":"open","ping_status":"open","sticky":false,"template":"","format":"standard","meta":[],"categories":[64],"tags":[71,72,73,29],"_links":{"self":[{"href":"https:\/\/quasarcomunicacion.com.ar\/web\/wp-json\/wp\/v2\/posts\/118"}],"collection":[{"href":"https:\/\/quasarcomunicacion.com.ar\/web\/wp-json\/wp\/v2\/posts"}],"about":[{"href":"https:\/\/quasarcomunicacion.com.ar\/web\/wp-json\/wp\/v2\/types\/post"}],"author":[{"embeddable":true,"href":"https:\/\/quasarcomunicacion.com.ar\/web\/wp-json\/wp\/v2\/users\/2"}],"replies":[{"embeddable":true,"href":"https:\/\/quasarcomunicacion.com.ar\/web\/wp-json\/wp\/v2\/comments?post=118"}],"version-history":[{"count":0,"href":"https:\/\/quasarcomunicacion.com.ar\/web\/wp-json\/wp\/v2\/posts\/118\/revisions"}],"wp:attachment":[{"href":"https:\/\/quasarcomunicacion.com.ar\/web\/wp-json\/wp\/v2\/media?parent=118"}],"wp:term":[{"taxonomy":"category","embeddable":true,"href":"https:\/\/quasarcomunicacion.com.ar\/web\/wp-json\/wp\/v2\/categories?post=118"},{"taxonomy":"post_tag","embeddable":true,"href":"https:\/\/quasarcomunicacion.com.ar\/web\/wp-json\/wp\/v2\/tags?post=118"}],"curies":[{"name":"wp","href":"https:\/\/api.w.org\/{rel}","templated":true}]}}