{"id":11769,"date":"2022-04-07T13:43:34","date_gmt":"2022-04-07T13:43:34","guid":{"rendered":"https:\/\/quasarcomunicacion.com.ar\/web\/?p=11769"},"modified":"2022-04-07T13:43:34","modified_gmt":"2022-04-07T13:43:34","slug":"emocionalmente-la-fundacion-tinc-y-globant-presentaron-una-aplicacion-de-reconocimiento-de-emociones-para-personas-con-discapacidad","status":"publish","type":"post","link":"https:\/\/quasarcomunicacion.com.ar\/web\/emocionalmente-la-fundacion-tinc-y-globant-presentaron-una-aplicacion-de-reconocimiento-de-emociones-para-personas-con-discapacidad\/","title":{"rendered":"\u00abEmocionalmente\u201d: La Fundaci\u00f3n TINC y Globant presentaron una aplicaci\u00f3n de reconocimiento de emociones para personas con discapacidad"},"content":{"rendered":"<p>La <strong>Fundaci\u00f3n TINC<\/strong> (Tecnolog\u00edas que incluyen) y la empresa <strong>Globant<\/strong> desarrollaron una aplicaci\u00f3n gratuita para aquellas personas con dificultades en el reconocimiento de las emociones b\u00e1sicas. <strong>\u201cEmocionalmente\u201d<\/strong> permite conocer las seis emociones que podemos sentir todas las personas: alegr\u00eda, miedo, tristeza, asco, sorpresa y enojo.<!--more--><\/p>\n<p><em>\u201cMuchas personas con discapacidad tienen dificultades para relacionarse y vincularse con los dem\u00e1s en el d\u00eda a d\u00eda. Para hacerlo necesitan el lenguaje y, si no lo conocen, quedan al margen de las relaciones sociales. Al tener una mejor capacidad para procesar las im\u00e1genes les resulta mucho m\u00e1s sencillo comunicarse y entender mensajes a trav\u00e9s de ellas. Por eso en esta aplicaci\u00f3n trabajamos junto a la organizaci\u00f3n \u201cYo Tambi\u00e9n\u201d, quien se encarg\u00f3 de fotografiar a los modelos, retratando cada una de las emociones que registra la app\u201d<\/em>, explic\u00f3 Pablo Fiuza, coordinador del <strong>Proyecto DANE <\/strong>y presidente de la <strong>Fundaci\u00f3n TINC<\/strong>.<\/p>\n<p><a href=\"https:\/\/quasarcomunicacion.com.ar\/web\/wp-content\/uploads\/2022\/04\/emocionalmente1.gif\"><img class=\"aligncenter\" src=\"https:\/\/quasarcomunicacion.com.ar\/web\/wp-content\/uploads\/2022\/04\/emocionalmente1.gif\" \/><\/a><\/p>\n<p>La aplicaci\u00f3n fue creada por programadores y dise\u00f1adores de <strong> Globant<\/strong>, una empresa argentina dedicada al desarrollo de software que don\u00f3 las horas de trabajo necesarias para que la app se hiciera realidad. Su diferencial est\u00e1 en que la misma est\u00e1 organizada con fotos de personas reales que nos transmiten cada una de las emociones.<\/p>\n<p><em>\u201cEs un orgullo para nosotros poder poner la tecnolog\u00eda y todo nuestro conocimiento al servicio de la comunidad. Be kind to Humanity es nuestro pilar de inversi\u00f3n social privada desde el cual buscamos crear tecnolog\u00eda que solucione problemas reales de la gente, de manera gratuita. Ya hace varios a\u00f1os que venimos trabajando junto a la <strong> Fundaci\u00f3n TINC<\/strong> y otras organizaciones generando aplicaciones y plataformas para personas con discapacidad en toda la regi\u00f3n\u201d<\/em>, sostuvo Francisco Michref, Gov. Affairs &amp; Sustainability Director de <strong>Globant<\/strong>.<\/p>\n<p>Esta aplicaci\u00f3n se enfoca en que las personas de todas las edades aprendan las emociones; las reconozcan en el otro; las asocien en situaciones de la vida cotidiana; y pongan en pr\u00e1ctica formas de manejarlas.<em> \u201cPermitir\u00e1 que las personas puedan reconocer las emociones b\u00e1sicas, aprendan a ponerse en el lugar de los dem\u00e1s y comprendan lo que siente el otro. De esta manera podr\u00e1n mejorar sus v\u00ednculos personales y su capacidad de conocerse a s\u00ed mismos y de relacionarse con su entorno\u201d,<\/em> explica Graciela Rold\u00e1n Schuth, responsable de contenidos de <strong>Proyecto DANE<\/strong>.<\/p>\n<p><a href=\"https:\/\/quasarcomunicacion.com.ar\/web\/wp-content\/uploads\/2022\/04\/emocionalmente.gif\"><img class=\"aligncenter\" src=\"https:\/\/quasarcomunicacion.com.ar\/web\/wp-content\/uploads\/2022\/04\/emocionalmente.gif\" \/><\/a><\/p>\n<p>A trav\u00e9s de diferentes pantallas, al elegir una emoci\u00f3n se podr\u00e1 conocer su descripci\u00f3n, las principales manifestaciones f\u00edsicas y las expresiones faciales que la caracterizan. Tambi\u00e9n se podr\u00e1 relacionar emociones con situaciones cotidianas que las producen. Al finalizar el trabajo con cada emoci\u00f3n hay sugerencias para compartir con otros ese estado de \u00e1nimo (alegr\u00eda) y tambi\u00e9n posibles actividades para superar momentos de dificultad (enojo, tristeza, miedo).<\/p>\n<p>Esta iniciativa se enmarca dentro del<strong> Proyecto Dane<\/strong>, desde el que se generar soluciones tecnol\u00f3gicas gratuitas para personas con discapacidad intelectual, y en el que Globant viene colaborando desde hace varios a\u00f1os, desarrollando otras aplicaciones con anterioridad como Dibugrama y Sonigrama.<\/p>\n<p><strong>Emocionalmente<\/strong> se descarga de manera gratuita y estar\u00e1 disponible a partir del 7 de abril de 2022 para celulares y tablets Android desde el Google Play Store. M\u00e1s informaci\u00f3n: <a href=\"http:\/\/www.proyectodane.org\">www.proyectodane.org<\/a><\/p>\n<p><strong>Acerca de Globant<\/strong><\/p>\n<p>Somos una compa\u00f1\u00eda nativa digital que ayuda a las organizaciones a reinventarse y desatar todo su potencial. Combinamos la innovaci\u00f3n, el dise\u00f1o y la ingenier\u00eda a gran escala.<br \/>\n\u2022 Contamos con m\u00e1s de 23,500 empleados y estamos presentes en 18 pa\u00edses, desde donde trabajamos para empresas como Google, Rockwell Automation, Electronic Arts, y Santander, entre otras.<br \/>\n\u2022 IDC MarketScape nos reconoci\u00f3 como Worldwide Leader in CX Improvement Services.<br \/>\n\u2022 Fuimos destacados como caso de estudio en Harvard, MIT y Stanford.<br \/>\n\u2022 Somos miembros de The Green Software Foundation (GSF) y Cybersecurity Tech Accord.<br \/>\nPara obtener m\u00e1s informaci\u00f3n, visite www.globant.com<\/p>\n<p><strong>Acerca de Fundaci\u00f3n TINC<\/strong><\/p>\n<p>FUNDACI\u00d3N TINC \u2013 TECNOLOG\u00cdA POR LA INCLUSI\u00d3N SOCIAL, es una entidad de car\u00e1cter civil sin fines de lucro creada por profesionales del \u00e1rea de la tecnolog\u00eda, y la educaci\u00f3n, que articula el trabajo con universidades, ONGs, y empresas privadas, para desarrollar tecnolog\u00edas inclusivas.<br \/>\nEn TINC se promueven proyectos tecnol\u00f3gicos que ofrezcan una respuesta concreta a las necesidades de las personas con discapacidad, y otros sectores vulnerables; con el fin de mejorar su integraci\u00f3n social y calidad de vida. Realizan proyectos propios o articulando con otros actores. En la actualidad llevan adelante: Proyecto Nahual; Club de Chicas Programadoras y Proyecto DANE.<\/p>\n<p><a href=\"http:\/\/www.tinc.org.ar\">www.tinc.org.ar<\/a><\/p>\n<p><strong>Acerca de Proyecto DANE<\/strong><\/p>\n<p>El Proyecto DANE es una iniciativa que nuclea a programadores, desarrolladores, profesionales de la educaci\u00f3n, psic\u00f3logos, terapistas ocupacionales y ONGs para desarrollar aplicaciones m\u00f3viles gratuitas destinadas a personas con discapacidad. Las aplicaciones del Proyecto DANE buscan entrenar habilidades acad\u00e9micas, funcionales, comunicacionales y tambi\u00e9n sociales y sensoriales. Desde su creaci\u00f3n han desarrollado m\u00e1s de 16 aplicaciones junto a ASDRA, Apadea y FUNDASOR. Actualmente forma parte de la Fundaci\u00f3n TINC Tecnolog\u00edas por la inclusi\u00f3n, que nuclea diferentes iniciativas relacionadas con la utilizaci\u00f3n de la tecnolog\u00eda con fines sociales.<\/p>\n<p><a href=\"http:\/\/www.proyectodane.org\">www.proyectodane.org<\/a><\/p>\n<p><strong><em>Por otras im\u00e1genes, audios o entrevistas no dude en contactarse<\/em><\/strong><\/p>\n<p><strong><em> Contactos de Prensa<\/em><\/strong><\/p>\n<table width=\"100%\">\n<tbody>\n<tr>\n<td width=\"50%\"><strong> Candela Villanueva &#8211; Ejecutiva de Cuentas<\/p>\n<p><\/strong> <b> Directo<\/b><strong>: <\/strong> 0230-4664772<br \/>\n<b> Skype:<\/b> quasarcomunicacion<br \/>\n<b> Instagram<\/b>: @quasarcomunicacion<br \/>\n<b> Twitter:<\/b> @quasarpilar<br \/>\n<b> Gr<\/b><b>upo y p\u00e1gina en Facebook: <\/b> www.facebook.com\/<a href=\"mailto:mfipata@gmail.com\">Quasar<\/a>Comunicacion<br \/>\n<b> Web:<\/b> <a href=\"http:\/\/www.quasarcomunicacion.com.ar\"> www.quasarcomunicacion.com.ar<\/a><\/p>\n<p><b> Mail<\/b><strong>:<\/strong> <a href=\"mailto:fernanda@quasarcomunicacion.com.ar\"> candela<\/a><a href=\"mailto:fernanda@quasarcomunicacion.com.ar\">@quasarcomunicacion.com.ar<\/a><\/td>\n<td width=\"50%\"><strong> Lic. Mar\u00eda Fernanda Ipata &#8211; Directora<br \/>\n<\/strong> <b><br \/>\n<\/b> <b> M\u00f3vil:<\/b> 0230-15-4584535<br \/>\n<b> Whatsapp<\/b><b>:<\/b><a href=\"https:\/\/bit.ly\/2J4cUvm\"> 11 5312 6795<\/a><br \/>\n<a href=\"https:\/\/bit.ly\/2Sn1zLP\"> Enviar whatsapp aqu\u00ed<\/a><br \/>\n<b> Skype:<\/b> quasarcomunicacion<br \/>\n<b> LinkedIn<\/b><strong>:\u00a0 <\/strong> <strong> <a href=\"http:\/\/www.linkedin.com\/in\/mfipata\"> http:\/\/www.linkedin.com\/in\/mfipata<\/a><\/strong><br \/>\n<a href=\"https:\/\/www.linkedin.com\/company\/quasarcomunicacion\"> https:\/\/www.linkedin.com\/company\/quasarcomunicacion<\/a><br \/>\n<b> Instagram y Facebook:<\/b> @quasarcomunicacion <b><br \/>\nWeb:<\/b> <a href=\"http:\/\/www.quasarcomunicacion.com.ar\"> www.quasarcomunicacion.com.ar<\/a><br \/>\n<b> Mail<\/b><strong>:<\/strong><a href=\"mailto:fernanda@quasarcomunicacion.com.ar\"> fernanda@quasarcomunicacion.com.ar<\/a><br \/>\n<b> Canal de Telegram para acceder a comunicados:<\/b> https:\/\/t.me\/comunicadosQC<\/td>\n<\/tr>\n<\/tbody>\n<\/table>\n","protected":false},"excerpt":{"rendered":"<p>La Fundaci\u00f3n TINC (Tecnolog\u00edas que incluyen) y la empresa Globant desarrollaron una aplicaci\u00f3n gratuita para aquellas personas con dificultades en [&hellip;]<\/p>\n","protected":false},"author":2,"featured_media":11768,"comment_status":"closed","ping_status":"closed","sticky":false,"template":"","format":"standard","meta":[],"categories":[2],"tags":[],"_links":{"self":[{"href":"https:\/\/quasarcomunicacion.com.ar\/web\/wp-json\/wp\/v2\/posts\/11769"}],"collection":[{"href":"https:\/\/quasarcomunicacion.com.ar\/web\/wp-json\/wp\/v2\/posts"}],"about":[{"href":"https:\/\/quasarcomunicacion.com.ar\/web\/wp-json\/wp\/v2\/types\/post"}],"author":[{"embeddable":true,"href":"https:\/\/quasarcomunicacion.com.ar\/web\/wp-json\/wp\/v2\/users\/2"}],"replies":[{"embeddable":true,"href":"https:\/\/quasarcomunicacion.com.ar\/web\/wp-json\/wp\/v2\/comments?post=11769"}],"version-history":[{"count":1,"href":"https:\/\/quasarcomunicacion.com.ar\/web\/wp-json\/wp\/v2\/posts\/11769\/revisions"}],"predecessor-version":[{"id":11770,"href":"https:\/\/quasarcomunicacion.com.ar\/web\/wp-json\/wp\/v2\/posts\/11769\/revisions\/11770"}],"wp:featuredmedia":[{"embeddable":true,"href":"https:\/\/quasarcomunicacion.com.ar\/web\/wp-json\/wp\/v2\/media\/11768"}],"wp:attachment":[{"href":"https:\/\/quasarcomunicacion.com.ar\/web\/wp-json\/wp\/v2\/media?parent=11769"}],"wp:term":[{"taxonomy":"category","embeddable":true,"href":"https:\/\/quasarcomunicacion.com.ar\/web\/wp-json\/wp\/v2\/categories?post=11769"},{"taxonomy":"post_tag","embeddable":true,"href":"https:\/\/quasarcomunicacion.com.ar\/web\/wp-json\/wp\/v2\/tags?post=11769"}],"curies":[{"name":"wp","href":"https:\/\/api.w.org\/{rel}","templated":true}]}}