{"id":11765,"date":"2022-04-05T18:34:53","date_gmt":"2022-04-05T18:34:53","guid":{"rendered":"https:\/\/quasarcomunicacion.com.ar\/web\/?p=11765"},"modified":"2022-04-05T18:34:53","modified_gmt":"2022-04-05T18:34:53","slug":"llega-cheers-a-capilla-del-senor-feria-de-vinos-con-mas-de-30-bodegas-y-vinotecas","status":"publish","type":"post","link":"https:\/\/quasarcomunicacion.com.ar\/web\/llega-cheers-a-capilla-del-senor-feria-de-vinos-con-mas-de-30-bodegas-y-vinotecas\/","title":{"rendered":"Llega Cheers a Capilla del Se\u00f1or: feria de vinos con m\u00e1s de 30 bodegas y vinotecas"},"content":{"rendered":"<p>Por primera vez m\u00e1s de 30 bodegas convergen en Capilla del Se\u00f1or (partido de Exaltaci\u00f3n de la Cruz), este pueblo hist\u00f3rico que invita a degustar sus creaciones en un evento sin antecedes el pr\u00f3ximo s\u00e1bado 16 de abril de 18 a 21 hs en Bartolom\u00e9 Mitre y Moreno. De esta manera llega <strong>Cheers Feria de Vinos<\/strong> que ya tiene en venta las entradas en <a href=\"https:\/\/www.eventbrite.com.ar\/e\/cheers-feria-de-vinos-tickets-312232805727\"> https:\/\/www.eventbrite.com.ar\/e\/cheers-feria-de-vinos-tickets-312232805727<\/a><!--more--><\/p>\n<p>La entrada incluye Finger Food, m\u00fasica, servicio de hidrataci\u00f3n, chocolates, conservas y embutidos para degustar sin cargo adicional y la degustaci\u00f3n libre de m\u00e1s de 30 bodegas y vinotecas de todo el pa\u00eds con exclusivos vinos.<\/p>\n<p><a href=\"https:\/\/quasarcomunicacion.com.ar\/web\/wp-content\/uploads\/2022\/04\/cheers.gif\"><img class=\"aligncenter\" src=\"https:\/\/quasarcomunicacion.com.ar\/web\/wp-content\/uploads\/2022\/04\/cheers.gif\" \/><\/a><\/p>\n<p>Algunas de las bodegas que participar\u00e1n en esta primera edici\u00f3n: Familia Banno, Cereus, M\u00e9ndez Terres, Bizzoto wines, Norton, Laureano G\u00f3mez, Marcelo Pelleriti Wines, Malbecaster, Staiti Wines, Altos La Ci\u00e9naga, Miraluna, Cava Don Tulio, La Azul, Niven, La Mala, Ciervo del Pantano, Cimarr\u00f3n Wines, Vulliez &#8211; Sermet, Gerome &#8211; Marteau, Vinos de Potrero, Bodega Edelmira, Don Alfonso, entre otras.<\/p>\n<p>Ser\u00e1 de la partida el primer vino que se est\u00e1 elaborando en Capilla del Se\u00f1or, un vino org\u00e1nico creaci\u00f3n de vecinos pilarenses. Se trata de la Bodega Don Alfonso de la familia Folmer.<\/p>\n<p>M\u00e1s info <a href=\"mailto:cheersferiadevinos@gmail.com\">cheersferiadevinos@gmail.com<\/a> \/ <a href=\"https:\/\/www.instagram.com\/cheers.feriadevinos\/\"> https:\/\/www.instagram.com\/cheers.feriadevinos\/<\/a><\/p>\n<p>Adem\u00e1s, el evento tiene un fin solidario ya que habr\u00e1 sorteos y subastas de vinos para recaudar fondos para comprar un desfibrilador para el barrio de Saavedra donde hay tres escuelas que no cuentan con ninguno en caso de emergencia. Esta iniciativa solidaria se hace junto a Latidos Wines. <span style=\"font-weight: 600;\"> \u00a0<\/span><\/p>\n<p>El evento es el resultado de la uni\u00f3n de tres amigas y amantes de los vinos: Sandra Rodr\u00edguez, Sommelier y gerente de Finca Propia, Viviana Tejerizo, Sommmelier y Andrea Gaiad, gestora principal de la idea y con experiencia en la organizaci\u00f3n de ferias.<\/p>\n<p>Cheers surge por el respeto y admiraci\u00f3n por la industria vitivin\u00edcola, <em>\u00abqueremos seguir promoviendo todo el trabajo y crear conciencia sobre todo lo que hay detr\u00e1s de una botella de vino. Nosotros la compramos y la consumimos, pero ignoramos todo lo que hay que hacer para que llegue a nuestra mesa. Como somos apasionadas del vino y nos encanta, queremos promover todo eso y permitirle a muchos productos que a veces no tienen la llegada por marketing o porque se est\u00e1n iniciando, puedan ser vistos y que la gente pueda degustar esos vinos que no se consiguen en ning\u00fan lado\u00bb, aseguran las organizadoras<\/em>.<\/p>\n<p>El objetivo de estas tres amigas es crecer con <strong>Cheers<\/strong> llevando este tipo de encuentro a otros lugares, desmonopolizando la Capital Federal, poder traer m\u00e1s cerca de sus casas este tipo de eventos para que est\u00e9n al alcance de todos.<\/p>\n<p>M\u00e1s info <a href=\"mailto:cheersferiadevinos@gmail.com\">cheersferiadevinos@gmail.com<\/a> \/ <a href=\"https:\/\/www.instagram.com\/cheers.feriadevinos\/\"> https:\/\/www.instagram.com\/cheers.feriadevinos\/<\/a><\/p>\n<p><strong><em>Por otras im\u00e1genes, audios o entrevistas no dude en contactarse<\/em><\/strong><\/p>\n<p><strong><em> Contactos de Prensa<\/em><\/strong><\/p>\n<table width=\"100%\">\n<tbody>\n<tr>\n<td width=\"50%\"><strong> Candela Villanueva &#8211; Asistente de Cuentas<\/p>\n<p><\/strong> <b> Directo<\/b><strong>: <\/strong> 0230-4664772<br \/>\n<b> Skype:<\/b> quasarcomunicacion<br \/>\n<b> Instagram<\/b>: @quasarcomunicacion<br \/>\n<b> Twitter:<\/b> @quasarpilar<br \/>\n<b> Gr<\/b><b>upo y p\u00e1gina en Facebook: <\/b> www.facebook.com\/<a href=\"mailto:mfipata@gmail.com\">Quasar<\/a>Comunicacion<br \/>\n<b> Web:<\/b> <a href=\"http:\/\/www.quasarcomunicacion.com.ar\"> www.quasarcomunicacion.com.ar<\/a><\/p>\n<p><b> Mail<\/b><strong>:<\/strong> <a href=\"mailto:fernanda@quasarcomunicacion.com.ar\"> candela<\/a><a href=\"mailto:fernanda@quasarcomunicacion.com.ar\">@quasarcomunicacion.com.ar<\/a><\/td>\n<td width=\"50%\"><strong> Lic. Mar\u00eda Fernanda Ipata &#8211; Directora<br \/>\n<\/strong> <b><br \/>\n<\/b> <b> M\u00f3vil:<\/b> 0230-15-4584535<br \/>\n<b> Whatsapp<\/b><b>:<\/b><a href=\"https:\/\/bit.ly\/2J4cUvm\"> 11 5312 6795<\/a><br \/>\n<a href=\"https:\/\/bit.ly\/2Sn1zLP\"> Enviar whatsapp aqu\u00ed<\/a><br \/>\n<b> Skype:<\/b> quasarcomunicacion<br \/>\n<b> LinkedIn<\/b><strong>:\u00a0 <\/strong> <strong> <a href=\"http:\/\/www.linkedin.com\/in\/mfipata\"> http:\/\/www.linkedin.com\/in\/mfipata<\/a><\/strong><br \/>\n<a href=\"https:\/\/www.linkedin.com\/company\/quasarcomunicacion\"> https:\/\/www.linkedin.com\/company\/quasarcomunicacion<\/a><br \/>\n<b> Instagram y Facebook:<\/b> @quasarcomunicacion <b><br \/>\nWeb:<\/b> <a href=\"http:\/\/www.quasarcomunicacion.com.ar\"> www.quasarcomunicacion.com.ar<\/a><br \/>\n<b> Mail<\/b><strong>:<\/strong><a href=\"mailto:fernanda@quasarcomunicacion.com.ar\"> fernanda@quasarcomunicacion.com.ar<\/a><br \/>\n<b> Canal de Telegram para acceder a comunicados:<\/b> https:\/\/t.me\/comunicadosQC<\/td>\n<\/tr>\n<\/tbody>\n<\/table>\n","protected":false},"excerpt":{"rendered":"<p>Por primera vez m\u00e1s de 30 bodegas convergen en Capilla del Se\u00f1or (partido de Exaltaci\u00f3n de la Cruz), este pueblo [&hellip;]<\/p>\n","protected":false},"author":2,"featured_media":11764,"comment_status":"closed","ping_status":"closed","sticky":false,"template":"","format":"standard","meta":[],"categories":[2],"tags":[],"_links":{"self":[{"href":"https:\/\/quasarcomunicacion.com.ar\/web\/wp-json\/wp\/v2\/posts\/11765"}],"collection":[{"href":"https:\/\/quasarcomunicacion.com.ar\/web\/wp-json\/wp\/v2\/posts"}],"about":[{"href":"https:\/\/quasarcomunicacion.com.ar\/web\/wp-json\/wp\/v2\/types\/post"}],"author":[{"embeddable":true,"href":"https:\/\/quasarcomunicacion.com.ar\/web\/wp-json\/wp\/v2\/users\/2"}],"replies":[{"embeddable":true,"href":"https:\/\/quasarcomunicacion.com.ar\/web\/wp-json\/wp\/v2\/comments?post=11765"}],"version-history":[{"count":1,"href":"https:\/\/quasarcomunicacion.com.ar\/web\/wp-json\/wp\/v2\/posts\/11765\/revisions"}],"predecessor-version":[{"id":11766,"href":"https:\/\/quasarcomunicacion.com.ar\/web\/wp-json\/wp\/v2\/posts\/11765\/revisions\/11766"}],"wp:featuredmedia":[{"embeddable":true,"href":"https:\/\/quasarcomunicacion.com.ar\/web\/wp-json\/wp\/v2\/media\/11764"}],"wp:attachment":[{"href":"https:\/\/quasarcomunicacion.com.ar\/web\/wp-json\/wp\/v2\/media?parent=11765"}],"wp:term":[{"taxonomy":"category","embeddable":true,"href":"https:\/\/quasarcomunicacion.com.ar\/web\/wp-json\/wp\/v2\/categories?post=11765"},{"taxonomy":"post_tag","embeddable":true,"href":"https:\/\/quasarcomunicacion.com.ar\/web\/wp-json\/wp\/v2\/tags?post=11765"}],"curies":[{"name":"wp","href":"https:\/\/api.w.org\/{rel}","templated":true}]}}