{"id":11731,"date":"2022-03-17T15:12:24","date_gmt":"2022-03-17T15:12:24","guid":{"rendered":"https:\/\/quasarcomunicacion.com.ar\/web\/?p=11731"},"modified":"2022-03-17T15:12:44","modified_gmt":"2022-03-17T15:12:44","slug":"fundacion-arte-movil-tuvo-una-exitosa-participacion-en-la-cuarta-edicion-de-mapa-feria","status":"publish","type":"post","link":"https:\/\/quasarcomunicacion.com.ar\/web\/fundacion-arte-movil-tuvo-una-exitosa-participacion-en-la-cuarta-edicion-de-mapa-feria\/","title":{"rendered":"Fundaci\u00f3n Arte M\u00f3vil tuvo una exitosa participaci\u00f3n en la cuarta edici\u00f3n de MAPA Feria\u00a0"},"content":{"rendered":"<p>La <strong>FAM (Fundaci\u00f3n Arte M\u00f3vil)<\/strong>, presidida por el reconocido artista Claudio Roncoli, tuvo su espacio en MAPA, la Feria de Arte Contempor\u00e1neo que se realiz\u00f3 del 10 al 13 de marzo en La Rural de Buenos Aires. Y en l\u00ednea con sus objetivos, le brind\u00f3 la posibilidad a seis proyectos art\u00edsticos de distintas regiones del pa\u00eds de exponer su arte, comercializar sus obras y potenciar sus carreras.<!--more-->\u200b\u200b<br \/>\nEn <strong>MAPA<\/strong>, Feria de Arte Contempor\u00e1neo, dirigida por Agust\u00edn Montes de Oca, se reuni\u00f3 a 52 galer\u00edas de todo el pa\u00eds y m\u00e1s de 400 artistas, la Feria cont\u00f3 con el apoyo de las c\u00e1maras y asociaciones FARO, GIRO y MERIDIANO. Participaron 14 proyectos de C\u00f3rdoba, 8 de Rosario, 21 proyectos de Buenos Aires y presencia de Mendoza, Chubut, Rio Negro, Entre R\u00edos, San Juan, Salta y Santa Fe haciendo de MAPA una feria aut\u00e9nticamente federal. Adem\u00e1s de la participaci\u00f3n de dos galer\u00edas chilenas.<\/p>\n<p><a href=\"https:\/\/quasarcomunicacion.com.ar\/web\/wp-content\/uploads\/2022\/03\/fammapa1.gif\"><img class=\"aligncenter\" src=\"https:\/\/quasarcomunicacion.com.ar\/web\/wp-content\/uploads\/2022\/03\/fammapa1.gif\" \/><\/a><\/p>\n<p><strong>Identidad Argentina<\/strong>, organizaci\u00f3n de alcance nacional dedicada a la Innovaci\u00f3n y el Conocimiento, form\u00f3 parte de esta Feria como Aliada Estrat\u00e9gica.<\/p>\n<p><strong>Fundaci\u00f3n Arte M\u00f3vil e Identidad Argentina<\/strong> como Aliadas Estrat\u00e9gicas de <strong>MAPA<\/strong>, gestionaron la financiaci\u00f3n y sponsoreo de seis proyectos art\u00edsticos emergentes de diferentes regiones de Argentina para que puedan estar presentes en la exposici\u00f3n. Los seleccionados para participar fueron: Ostrea, de Chubut; Casa Proyecto, de Buenos Aires; Delta, de Santa Fe; Expuesta, de R\u00edo Negro y artistas individuales de San Juan y Salta. Cada proyecto obtuvo un stand de 12mt\u00b2 como espacio propio dentro de la muestra.<\/p>\n<p>El comit\u00e9 de selecci\u00f3n que hizo posible que dichos artistas y galer\u00edas formen parte de MAPA, estuvo conformado por Ra\u00fal Flores, artista y gestor cultural, Roberto Echen, artista, net-artista y curador, y Sof\u00eda Torres Kosiba, artista, docente y curadora.<\/p>\n<p>Al finalizar MAPA, los Titulares de <strong>FAM <\/strong>e <strong>Identidad Argentina<\/strong> coincidieron en que fue una oportunidad altamente beneficiosa para todos los artistas seleccionados, ya que pudieron exponer y comercializar sus obras, generar nuevas oportunidades y visibilizar sus potencialidades.<\/p>\n<p>Este fue el primer hito de alcance nacional de Fundaci\u00f3n Arte M\u00f3vil cumpliendo con su misi\u00f3n de federalizar y democratizar el arte argentino, para que <em>\u201ccada artista pueda vivir del Arte\u201d<\/em>, indica Claudio Roncoli, Presidente de <strong>FAM<\/strong>.<\/p>\n<p><em>\u201cEl balance ha sido muy positivo ya que esta es la primera acci\u00f3n que Fundaci\u00f3n Arte M\u00f3vil realiza en una feria argentina y primera acci\u00f3n en general para empezar a darle oportunidades a los artistas\u201d,<\/em> declar\u00f3 Claudio Roncoli, artista y presidente de la <strong>FAM<\/strong>. Adem\u00e1s, explic\u00f3 que <em>\u201cesto fue una gran oportunidad para los 22 artistas que vinieron del interior del pa\u00eds\u201d<\/em>, los cuales<em> \u201cno pod\u00edan creer que ya estaban jugando en primera\u201d.<\/em><\/p>\n<p>Roncoli afirm\u00f3 que todos est\u00e1n muy agradecidos por la oportunidad que recibieron en MAPA y agreg\u00f3: <em>\u201cEste fue nuestro granito de arena desde la Fundaci\u00f3n para que estos artistas que est\u00e1n en el interior del pa\u00eds, y que tienen tanto talento, sean un poco m\u00e1s reconocidos en Buenos Aires y, ojal\u00e1, en el mundo tambi\u00e9n. FAM fue el sector m\u00e1s c\u00e1lido de la feria, se vio algo muy familiar de mucho gozo y alegr\u00eda\u201d. <\/em><\/p>\n<p><em>\u201cPudimos lograr uno de nuestros primeros objetivos como fundaci\u00f3n que fue visibilizar el arte del interior del pa\u00eds, de cada una de las regiones, y eso nos enorgullece porque es un primer paso muy importante en este camino de empoderar a los artistas, articularlos con el mundo productivo y el de los negocios para que puedan vivir de sus obras, promoviendo las culturas del interior y democratizando el arte\u201d,<\/em> se\u00f1al\u00f3 la Directora Ejecutiva de <strong>FAM<\/strong> y Directora de Innovaci\u00f3n Abierta y Competitividad de <strong>Identidad Argentina<\/strong>, Natalia Gurny.<\/p>\n<p><em>\u201cNuestro balance es virtuoso en todo sentido. Somos una Fundaci\u00f3n joven, Identidad Argentina tambi\u00e9n es una organizaci\u00f3n joven, sin embargo, hemos logrado un objetivo muy importante de estar en una de las principales ferias de arte contempor\u00e1neo en Argentina con un importante n\u00famero de artistas de todo el pa\u00eds que han podido visibilizar sus obras y dar un gran salto en sus carreras como artistas\u201d,<\/em> a\u00f1adi\u00f3 Guillermo Su\u00e1rez, vicepresidente de <strong>FAM<\/strong> y presidente de <strong>Identidad Argentina<\/strong>.<\/p>\n<p><a href=\"https:\/\/quasarcomunicacion.com.ar\/web\/wp-content\/uploads\/2022\/03\/fampama2.gif\"><img class=\"aligncenter\" src=\"https:\/\/quasarcomunicacion.com.ar\/web\/wp-content\/uploads\/2022\/03\/fampama2.gif\" \/><\/a><\/p>\n<p>En este sentido, Su\u00e1rez destac\u00f3 diversas cuestiones de la participaci\u00f3n de <strong>Fundaci\u00f3n Arte M\u00f3vil<\/strong> en <strong>MAPA<\/strong> como aliados estrat\u00e9gicos. Entre ellas, la posibilidad para los artistas del interior de exponer su arte, la oportunidad para muchos de comercializar sus obras y el haber cumplido la misi\u00f3n de <strong>FAM<\/strong> en cuanto a federalizar el arte.<\/p>\n<p>Cabe destacar que todos los artistas y galer\u00edas que participaron a trav\u00e9s de la selecci\u00f3n de FAM, recibieron una preparaci\u00f3n previa al evento y, asimismo, continuar\u00e1n con un trabajo de coaching y mentoreo de parte de la Fundaci\u00f3n para potenciar a\u00fan m\u00e1s sus carreras y adquirir nuevas herramientas que les sean \u00fatiles para lograr vivir de su arte.<\/p>\n<p>En cuanto a los artistas y galer\u00edas seleccionados, todos ellos han expresado que la experiencia, tanto con la <strong>Fundaci\u00f3n Arte M\u00f3vil <\/strong>como con MAPA, fue gratificante y beneficiosa para todos los espacios. Adem\u00e1s, destacaron la atenci\u00f3n y buena predisposici\u00f3n de parte de la organizaci\u00f3n.<\/p>\n<p><em>\u201cHemos pasado una experiencia fant\u00e1stica, estamos muy agradecidos a la Fundaci\u00f3n FAM y a Claudio Roncoli por todo su apoyo. Para nosotros fue muy importante el espacio y la posibilidad de estar en MAPA. Pudimos conocer a otros espacios del pa\u00eds, contactarnos con coleccionistas y con curadores. Una experiencia fant\u00e1stica que esperamos poder repetir\u201d,<\/em> expres\u00f3 Irina Svoboda, curadora de la propuesta presentada por Ostrea, galer\u00eda de Chubut.<\/p>\n<p>Por su parte, Mariano Britos, creador de la galer\u00eda chubutense, a\u00f1adi\u00f3: <em>\u201cEl balance es m\u00e1s que positivo. Hemos realizado muchos contactos con artistas y galer\u00edas para futuros proyectos conjuntos\u201d. <\/em><\/p>\n<p><em>\u201cEn cuanto a la Fundaci\u00f3n, es muy gratificante despu\u00e9s de muchos a\u00f1os de trabajo con artistas emergentes haber sido elegidos para participar. Nos cuesta mucho salir de nuestras provincias a participar de estos eventos tan importantes para la circulaci\u00f3n de las obras, y el reconocimiento federal nos parece muy acertado. Quedamos con muchas expectativas para seguir trabajando y colaborando con la Fundaci\u00f3n para hacer que el arte y los artistas sean visibilizados en todo el pa\u00eds<\/em>\u201d.<\/p>\n<p><a href=\"https:\/\/quasarcomunicacion.com.ar\/web\/wp-content\/uploads\/2022\/03\/fampama3.gif\"><img class=\"aligncenter\" src=\"https:\/\/quasarcomunicacion.com.ar\/web\/wp-content\/uploads\/2022\/03\/fampama3.gif\" \/><\/a><\/p>\n<p><em>\u201cLa Feria MAPA fue un paso muy importante. Desembarcar en Buenos Aires desde el interior con artistas que vienen trabajando much\u00edsimo desde hace a\u00f1os fue la posibilidad de darnos a conocer como una galer\u00eda joven y tambi\u00e9n de hacer circular artistas que quiz\u00e1s tienen un contexto m\u00e1s reducido. Se empiezan a nacionalizar los proyectos\u201d,<\/em> comparti\u00f3 Juan Curto de Delta, galer\u00eda seleccionada de Santa Fe.<\/p>\n<p><em>\u201cLa selecci\u00f3n de FAM nos permiti\u00f3 hacer circular nuestro trabajo, vender, acceder a pr\u00f3ximas ferias y empezar a regularizar la presencia del espacio y de nuestro trabajo\u201d<\/em>, explic\u00f3 Curto y agreg\u00f3: <em>\u201cLa experiencia con MAPA y la Fundaci\u00f3n Arte M\u00f3vil fue de un acompa\u00f1amiento y apoyo absoluto. Ambas partes han estado presentes en todas las instancias acompa\u00f1\u00e1ndonos, apoy\u00e1ndonos y siempre atentos a nuestras necesidades\u201d<\/em>.<\/p>\n<p><b> Acerca de la FAM<\/b><\/p>\n<p>La <strong> Fundaci\u00f3n Arte M\u00f3vil<\/strong> busca llevar el arte a todo el pa\u00eds, pero a su vez dar la posibilidad de brindar capacitaci\u00f3n y herramientas de negocios, generar la articulaci\u00f3n productiva para poner en contacto a los artistas con ecosistemas econ\u00f3micos-productivos para que puedan llevar adelante un proyecto de negocio, potenciando el arte y la cultura y acompa\u00f1\u00e1ndolos para incrementar su autoestima y dar el salto.<\/p>\n<p>\u00ab<em>Creemos en la cultura, el arte y la creatividad como bienes de primera necesidad, fundamentales para asegurar una vida digna y el desarrollo de las capacidades intelectuales y sensitivas de las personas. Su lenguaje, universal e inclusivo, es comprensible por cada uno de los seres humanos que habitan en el mundo, ya que apela a nuestras emociones y sentidos y a nuestra capacidad de pensar e imaginar. Transciende a trav\u00e9s de las generaciones, contando historias y creando nuestro propio futuro\u00bb<\/em>, aseguran desde la flamante fundaci\u00f3n.<\/p>\n<p>Claudio Roncoli explica los ejes fundacionales de la <strong> FAM<\/strong>: <em> \u00aben Educaci\u00f3n queremos acercar y brindar herramientas y capacitaciones t\u00e9cnicas, creativas, de innovaci\u00f3n y negocios, a todos los artistas, promoviendo su desarrollo, crecimiento y expansi\u00f3n; en el \u00e1rea de Articulaci\u00f3n productiva buscamos conectar a los artistas con el sector de desarrollo productivo, a trav\u00e9s de la cual se genere valor agregado a las industrias, productivas y servicios, y se generen oportunidades econ\u00f3micas y de desarrollo para el ecosistema cultural e innovador de artistas en Argentina. Tambi\u00e9n habr\u00e1 un \u00e1rea de Real State donde vincularemos el arte al sector de la arquitectura y todas sus intervenciones; y por \u00faltimo Innovaci\u00f3n y Tecnolog\u00eda, en el marco de un mundo cada vez m\u00e1s digital, con proyectos h\u00edbridos y enfoques interdisciplinarios, promover herramientas para democratizar la Cultura desde todas las oportunidades de la Innovaci\u00f3n y el Conocimiento\u00bb. <\/em><\/p>\n<p>La experiencia y el resultado del trabajo de Claudio Roncoli es lo que inspira a <strong> FAM<\/strong>, <em> \u00aben mi camino no encontr\u00e9 personas reales, sino \u00e1ngeles con nombre y apellido que supieron darme la informaci\u00f3n necesaria para vivir de lo que mas me apasiona; el arte. Ahora es mi turno junto a un equipo de nuevos \u00e1ngeles ayudar a otros\u00bb,<\/em> invita.<\/p>\n<p><em> \u00abDesde la FAM convocamos y detectamos artistas para ayudarlos y acompa\u00f1arlos a desarrollar todo su talento, incentivando y visibilizando la producci\u00f3n art\u00edstica contempor\u00e1nea. Generamos oportunidades para que todo persona artista, creativa y generadora de ideas pueda fortalecer sus capacidades y potencie sus creaciones de valor a trav\u00e9s de nuestra academia formativa y a trav\u00e9s de nuestro ecosistema creativo con modelos de desarrollo sustentables y de triple impacto\u00bb,<\/em> adelantan.<\/p>\n<p>Alientan el desarrollo de proyectos creativos, art\u00edsticos, de dise\u00f1o, arquitect\u00f3nicos y culturales como as\u00ed tambi\u00e9n actividades que incluyan acciones responsables hacia las personas y el planeta.<\/p>\n<p><em> \u00abPromovemos una mayor vinculaci\u00f3n entre distintas disciplinas, sectores productivos y modelos interdisciplinarios favoreciendo el desarrollo con una visi\u00f3n integral; tendiendo puentes entre distintos \u00e1mbitos y comunidades tradicionales e innovadoras, nacionales e internacionales. Exploramos escenarios a futuro para conectar el potencial de las industrias creativas y culturales, visualizar las tendencias y transformaciones que permitan apoyar al sector, promover identidad de lo cultural e innovaci\u00f3n en la creaci\u00f3n de un futuro sustentable con sentido de pertenencia y experiencias \u00fanicas, haciendo uso responsable de la tecnolog\u00eda\u00bb, <\/em> completan con una visi\u00f3n de la cultura como negocio sustentable.<\/p>\n<p>Desde la <strong> FAM<\/strong> buscar\u00e1n articular para redise\u00f1ar e innovar en el uso de espacios p\u00fablicos y privados poniendo siempre en valor la riqueza y diversidad de las expresiones creativas y culturales. Impulsar\u00e1n la creaci\u00f3n de nuevos espacios, ArtLabs y centros tecnol\u00f3gicos sustentables e inclusivos orientados a la innovaci\u00f3n digital del sector creativo, como as\u00ed tambi\u00e9n a museos que diversifican sus modelos de negocio y los adaptan a las nuevas tendencias de modo sustentable e inclusivo.<\/p>\n<p>Adem\u00e1s, fomentar\u00e1n la difusi\u00f3n y la puesta en valor de producciones art\u00edsticas; proteger\u00e1n el valor patrimonial de los contenidos culturales, fortaleciendo la identidad y la cohesi\u00f3n social para crear modelos de desarrollo sustentable a partir de saberes locales, valorando los aspectos individuales e intr\u00ednsecos de cada persona, en la creaci\u00f3n de escenarios que aseguren la trascendencia de los valores de la <strong>Fundaci\u00f3n Arte M\u00f3vil.<\/strong><\/p>\n<p>La <strong> FAM<\/strong> cree en un mundo donde todas las personas, puedan desarrollar sus capacidades art\u00edsticas y manifestarlas en todo su potencial, en el marco de un mundo m\u00e1s gentil y cuidadoso con el entorno y el planeta.<\/p>\n<p><em>\u00abSomos un grupo de profesionales que ofrecemos ayuda, asistencia y asesoramiento gratuito para que artistas visuales, de la m\u00fasica, el teatro, la escritura y todas las expresiones art\u00edsticas y culturales logren plasmar sus dones y concretar sus proyectos<\/em>\u00ab, se autodescriben.<\/p>\n<p>Acompa\u00f1an a Claudio en el Consejo Directivo de la <strong>FAM<\/strong> el Mgter Guillermo Su\u00e1rez, destacado profesional del \u00e1mbito de la educaci\u00f3n y aprendizaje digital, como la Lic. Natalia Gurny, con reconocida trayectoria en el \u00e1mbito de la innovaci\u00f3n abierta y competitividad, apoyando la transversalidad y multidiciplinariedad en el desarrollo de la Fundaci\u00f3n.<\/p>\n<p>Con esta nueva entidad, <em> \u00abaspiramos a convocar y detectar artistas emergentes que necesitan ayuda, asesoramiento y apoyo para poder desarrollar sus proyectos. Brindar oportunidades para que los artistas puedan lanzarse con sus obras ya sea por medio de redes de contactos, asesoramiento para presentaci\u00f3n de proyectos, enlace con entidades p\u00fablicas y privadas que les permitan iniciar su actividad art\u00edstica. Brindar capacitaciones, charlas y talleres para los artistas que se inician. Desarrollar concursos que aliente y premien desarrollos art\u00edsticos de calidad. Alentar el desarrollo de proyectos y actividades que incluyan la acci\u00f3n responsable con el planeta, tanto a trav\u00e9s de los materiales que emplea, sus mensajes como el impacto que pueda generar\u00bb.<\/em><\/p>\n<p>Dentro del \u00e1mbito de la Capacitaci\u00f3n y la Formaci\u00f3n, el programa de la FAM desarrollar\u00e1 charlas, talleres, cursos, y capacitaciones gratuitas para artistas que se inician logren desarrollar obra, cuenten con herramientas para desarrollar el marketing y la comercializaci\u00f3n en el mercado fin a su especialidad.<\/p>\n<p><strong> FAM<\/strong>, busca desarrollar actividades art\u00edsticas junto con la comunidad, los barrios y vecinos de las ciudades. El objetivo es generar integraci\u00f3n y promover la participaci\u00f3n en zonas vulnerables donde el arte es un puente y un medio para trascender.<\/p>\n<p>Se buscar\u00e1 la intervenci\u00f3n urbana de fachadas, promoci\u00f3n de diferentes expresiones del arte en eventos y festivales abiertos a la comunidad y desarrollados con la comunidad.<br \/>\nDiferentes actores de la sociedad tienen la posibilidad de confluir en intereses comunes que beneficien el entorno, donde surgen tem\u00e1ticas que involucran aspectos tales<br \/>\ncomo la diversidad cultural, la integraci\u00f3n, la igualdad de g\u00e9nero, la inclusi\u00f3n, y todo factor fundamental que permita conectar la cultura, el arte y la comunidad a trav\u00e9s de<br \/>\nla participaci\u00f3n ciudadana.<\/p>\n<p>Tambi\u00e9n organizar\u00e1n muestras y exposiciones, a trav\u00e9s de un programa que se propone brindar apoyo a los artistas y colaborar para que participen en muestras y exposiciones. Para esto se trabajar\u00e1 con las redes de contactos y la agenda de galer\u00edas, museos y centros culturales, muestras y exposiciones.<\/p>\n<p>No caben dudas que en los tiempos que corren, la creatividad, el talento y la innovaci\u00f3n son recursos inagotables. Por eso desde la entidad impulsan la transici\u00f3n a nuevos modelos de negocio que incorporen diferentes formatos de monetizaci\u00f3n de producciones creativas, articulada por proyectos orientados hacia la creaci\u00f3n y la innovaci\u00f3n haciendo uso responsable de la tecnolog\u00eda y eliminando fronteras en las posibilidades de crecimiento y expansi\u00f3n.<\/p>\n<p><strong> Acerca de Claudio Roncoli<\/strong><\/p>\n<p>Claudio se recibi\u00f3 en la Escuela Nacional Bellas Artes P. Pueyrred\u00f3n como Profesor Nacional de Bellas Artes.<\/p>\n<p>A la par de sus estudios art\u00edsticos se desarroll\u00f3 como Director de Arte en agencias de Publicidad, entre otras McCann Erickson, Gowland SA, Grey Direct, S+V, Gonz\u00e1lez Taboada Guevara y Prootion SA.<\/p>\n<p>Su pasi\u00f3n por el dise\u00f1o visual sonoro, hizo que Claudio gane dos Grammy, primero en 2017 el Latin Grammy y en 2018 el Grammy Americano, por la Direcci\u00f3n de Arte y Dise\u00f1o de Art Music Packaging.<\/p>\n<p>A partir de su carrera como artista visual, ha llevado sus obras a importantes galer\u00edas y museos en todo el mundo. Sus murales de gran formato pueden verse en Miami, New York, M\u00e9xico, Madrid y Argentina.<\/p>\n<p>Sus obras han sido expuestas en South Korea, Holanda, Roma, Madrid, Londres, New York, Los Angeles, Miami, M\u00e9xico, Venezuela, Bolivia, Brasil, Uruguay, Chile y Argentina.<\/p>\n<p>Desde 2014 reside en USA y en 2016 recibi\u00f3 la Recipient National Endowment for the Arts Grants, Miami; USA para la realizaci\u00f3n de su serie Empty Project en Bakehouse Art Complex Miami.<\/p>\n<p><strong><em>Por otras im\u00e1genes, audios o entrevistas no dude en contactarse<\/em><\/strong><\/p>\n<p><strong><em> Contactos de Prensa<\/em><\/strong><\/p>\n<table width=\"100%\">\n<tbody>\n<tr>\n<td width=\"50%\"><strong> Ayel\u00e9n Segovia &#8211; Asistente de Cuentas<\/strong><\/p>\n<p><b> Directo<\/b><strong>: <\/strong> 0230-4664772<br \/>\n<b> Skype:<\/b> quasarcomunicacion<br \/>\n<b> Instagram<\/b>: @quasarcomunicacion<br \/>\n<b> Twitter:<\/b> @quasarpilar<br \/>\n<b> Gr<\/b><b>upo y p\u00e1gina en Facebook: <\/b> www.facebook.com\/<a href=\"mailto:mfipata@gmail.com\">Quasar<\/a>Comunicacion<br \/>\n<b> Web:<\/b> <a href=\"http:\/\/www.quasarcomunicacion.com.ar\"> www.quasarcomunicacion.com.ar<\/a><\/p>\n<p><b> Mail<\/b><strong>:<\/strong> <a href=\"mailto:fernanda@quasarcomunicacion.com.ar\"> asistente<\/a><a href=\"mailto:fernanda@quasarcomunicacion.com.ar\">@quasarcomunicacion.com.ar<\/a><\/td>\n<td width=\"50%\"><strong> Lic. Mar\u00eda Fernanda Ipata &#8211; Directora<br \/>\n<\/strong> <b><br \/>\n<\/b> <b> M\u00f3vil:<\/b> 0230-15-4584535<br \/>\n<b> Whatsapp<\/b><b>:<\/b><a href=\"https:\/\/bit.ly\/2J4cUvm\"> 11 5312 6795<\/a><br \/>\n<a href=\"https:\/\/bit.ly\/2Sn1zLP\"> Enviar whatsapp aqu\u00ed<\/a><br \/>\n<b> Skype:<\/b> quasarcomunicacion<br \/>\n<b> LinkedIn<\/b><strong>:\u00a0 <\/strong> <strong> <a href=\"http:\/\/www.linkedin.com\/in\/mfipata\"> http:\/\/www.linkedin.com\/in\/mfipata<\/a><\/strong><br \/>\n<a href=\"https:\/\/www.linkedin.com\/company\/quasarcomunicacion\"> https:\/\/www.linkedin.com\/company\/quasarcomunicacion<\/a><br \/>\n<b> Instagram y Facebook:<\/b> @quasarcomunicacion <b><br \/>\nWeb:<\/b> <a href=\"http:\/\/www.quasarcomunicacion.com.ar\"> www.quasarcomunicacion.com.ar<\/a><br \/>\n<b> Mail<\/b><strong>:<\/strong><a href=\"mailto:fernanda@quasarcomunicacion.com.ar\"> fernanda@quasarcomunicacion.com.ar<\/a><br \/>\n<b> Canal de Telegram para acceder a comunicados:<\/b> https:\/\/t.me\/comunicadosQC<\/td>\n<\/tr>\n<\/tbody>\n<\/table>\n","protected":false},"excerpt":{"rendered":"<p>La FAM (Fundaci\u00f3n Arte M\u00f3vil), presidida por el reconocido artista Claudio Roncoli, tuvo su espacio en MAPA, la Feria de [&hellip;]<\/p>\n","protected":false},"author":2,"featured_media":11726,"comment_status":"closed","ping_status":"closed","sticky":false,"template":"","format":"standard","meta":[],"categories":[2],"tags":[],"_links":{"self":[{"href":"https:\/\/quasarcomunicacion.com.ar\/web\/wp-json\/wp\/v2\/posts\/11731"}],"collection":[{"href":"https:\/\/quasarcomunicacion.com.ar\/web\/wp-json\/wp\/v2\/posts"}],"about":[{"href":"https:\/\/quasarcomunicacion.com.ar\/web\/wp-json\/wp\/v2\/types\/post"}],"author":[{"embeddable":true,"href":"https:\/\/quasarcomunicacion.com.ar\/web\/wp-json\/wp\/v2\/users\/2"}],"replies":[{"embeddable":true,"href":"https:\/\/quasarcomunicacion.com.ar\/web\/wp-json\/wp\/v2\/comments?post=11731"}],"version-history":[{"count":2,"href":"https:\/\/quasarcomunicacion.com.ar\/web\/wp-json\/wp\/v2\/posts\/11731\/revisions"}],"predecessor-version":[{"id":11733,"href":"https:\/\/quasarcomunicacion.com.ar\/web\/wp-json\/wp\/v2\/posts\/11731\/revisions\/11733"}],"wp:featuredmedia":[{"embeddable":true,"href":"https:\/\/quasarcomunicacion.com.ar\/web\/wp-json\/wp\/v2\/media\/11726"}],"wp:attachment":[{"href":"https:\/\/quasarcomunicacion.com.ar\/web\/wp-json\/wp\/v2\/media?parent=11731"}],"wp:term":[{"taxonomy":"category","embeddable":true,"href":"https:\/\/quasarcomunicacion.com.ar\/web\/wp-json\/wp\/v2\/categories?post=11731"},{"taxonomy":"post_tag","embeddable":true,"href":"https:\/\/quasarcomunicacion.com.ar\/web\/wp-json\/wp\/v2\/tags?post=11731"}],"curies":[{"name":"wp","href":"https:\/\/api.w.org\/{rel}","templated":true}]}}