{"id":1171,"date":"2012-12-11T20:40:55","date_gmt":"2012-12-11T20:40:55","guid":{"rendered":"http:\/\/quasarcomunicacion.wordpress.com\/?p=1171"},"modified":"2012-12-11T20:40:55","modified_gmt":"2012-12-11T20:40:55","slug":"concierto-de-fin-de-ano-en-la-biblioteca-bartolome-mitre","status":"publish","type":"post","link":"https:\/\/quasarcomunicacion.com.ar\/web\/concierto-de-fin-de-ano-en-la-biblioteca-bartolome-mitre\/","title":{"rendered":"Concierto de fin de a\u00f1o en la Biblioteca Bartolom\u00e9 Mitre"},"content":{"rendered":"<p style=\"text-align:left;\" align=\"center\"><span style=\"font-family:Verdana;font-size:small;\">Este s\u00e1bado S\u00e1bado 15 de Diciembre a las 21 hs en la Biblioteca Popular Bartolom\u00e9 Mitre (Belgrano 553, Pilar) tendr\u00e1 lugar el\u00a0<\/span><b style=\"font-size:small;\">Concierto de Fin de A\u00f1o<\/b><span style=\"font-family:Verdana;font-size:small;\">\u00a0con la direcci\u00f3n general de Diego Humberto Mantuani<!--more--><\/span><\/p>\n<p><img loading=\"lazy\" alt=\"\" src=\"http:\/\/www.quasarcomunicacion.com.ar\/varios\/auspicios\/concierto1.gif\" width=\"500\" height=\"375\" border=\"0\" \/><br \/>\n<span style=\"font-family:Verdana;font-size:small;\">El valor de la entrada general es de 30 m\u00e1s un alimento no perecedero o un juguete (los alimentos ser\u00e1n donados al Hogar de Ancianos Silvio Braschi y los juguetes para el Hogar de Ni\u00f1os Santa Marta). El d\u00eda del concierto, el valor de la entrada ser\u00e1 de $35.<br \/>\nLas entradas pueden conseguirse en la Biblioteca Popular Bartolom\u00e9 Mitre o escribiendo a\u00a0<a href=\"mailto:diegomantuani@gmail.com\">diegomantuani@gmail.com<\/a><\/span><br \/>\n<span style=\"font-family:Verdana;font-size:small;\">Como cierre del a\u00f1o, se presentar\u00e1 la Orquesta de C\u00e1mara Carpe Diem y M\u00fasicos invitados: Guitarra: Uriel Aguilera, Maite Fariello, Elias Leonov, Juan Cruz Szhewarek.Violines: Naiara Giordano, Julieta Lezcano, Valeria Laura, Carlos Scardillo, Veronica Ramos.<\/span><br \/>\n<img loading=\"lazy\" alt=\"\" src=\"http:\/\/www.quasarcomunicacion.com.ar\/varios\/auspicios\/concierto.gif\" width=\"500\" height=\"375\" border=\"0\" \/><br \/>\n<b><span style=\"font-family:Verdana;font-size:small;\">PROGRAMA:<\/span><\/b><br \/>\n<span style=\"font-family:Verdana;font-size:small;\">Maite Fariello (Guitarra):<br \/>\n-Twinkle, twinkle, Little star (Canci\u00f3n Folcl\u00f3rica).<br \/>\n-Lightly Row (Canci\u00f3n Folclorica).<\/span><br \/>\n<span style=\"font-family:Verdana;font-size:small;\">Uriel Aguilera (Guitarra):<br \/>\n-Minu\u00e9 en Sol Mayor (J.S.Bach)<br \/>\n-The happy farmer (R.Schumann)<\/span><br \/>\n<span style=\"font-family:Verdana;font-size:small;\">Elias Leonov (Guitarra):<br \/>\n-Andante (F.Carulli)<br \/>\n-Vals en Do Mayor (F.Carulli)<\/span><br \/>\n<span style=\"font-family:Verdana;font-size:small;\">Juan Cruz Szhewarek (Guitarra):<br \/>\n-Oto\u00f1o Medieval (W.Giardino)<br \/>\n-Tema de la pel\u00edcula \u201cEl padrino\u201d (N.Benzotta)<br \/>\n-Zardas (V.Monti)<\/span><br \/>\n<span style=\"font-family:Verdana;font-size:small;\">Julieta Lezcano (Violin):<br \/>\n-Long, long ago (Cancion Folclorica)<br \/>\n-Allegro (S.Suzuki)<\/span><br \/>\n<span style=\"font-family:Verdana;font-size:small;\">Naiara Giordano (Violin):<br \/>\n-Lightly Row (Cancion Folclorica)<br \/>\n-Go tell aunt Rhody (Cancion Folclorica)<\/span><br \/>\n<span style=\"font-family:Verdana;font-size:small;\">Valeria Laura, Veronica Ramos y Carlos Scardillo (Violines):<br \/>\n-Long, long ago (Cancion Folclorica)<br \/>\n-Allegro (S.Suzuki)<\/span><br \/>\n<span style=\"font-family:Verdana;font-size:small;\">Orquesta de C\u00e1mara Carpe Diem:<\/span><br \/>\n<span style=\"font-family:Verdana;font-size:small;\">Violines Primeros: Diego Humberto Mantuani (Concertino), Julian Toro, Aldo Ortiz.<br \/>\nViolines Segundos: Andrea Vargas (Guia), Matias Gonzalez, Leticia Ruffo.<br \/>\nViolas: Alexander Ortiz (Guia), Leslie Ortiz.<br \/>\nVioloncello: Matias Lezcano.<\/span><br \/>\n<span style=\"font-family:Verdana;font-size:small;\">-Canon (J.Pachelbel)<br \/>\n-Jesus, alegr\u00eda del hombre (J.S.Bach)<br \/>\n-Ave Verum (W.A.Mozart)<br \/>\n-Aria en la cuerda de Sol (J.S.Bach)<br \/>\n-Concerto \u201cAlla Rustica\u201d (A.Vivaldi)<br \/>\n-La Stravaganza (A.Vivaldi)<br \/>\n-Concierto para viola y orquesta en Sol Mayor (G.P.Tellemann)<br \/>\nSolista: Alexander Ortiz<br \/>\n-Concierto para viol\u00edn y orquesta en La menor (J.S.Bach)<br \/>\nSolista: Diego Humberto Mantuani<\/span><br \/>\n<span style=\"font-family:Verdana;font-size:small;\">El evento, como en cada oportunidad, cuenta con el apoyo de Pilar Hoy Noticias, Qu\u00e1sar Comunicaci\u00f3n y Pilar GPS<\/span><\/p>\n","protected":false},"excerpt":{"rendered":"<p>Este s\u00e1bado S\u00e1bado 15 de Diciembre a las 21 hs en la Biblioteca Popular Bartolom\u00e9 Mitre (Belgrano 553, Pilar) tendr\u00e1 [&hellip;]<\/p>\n","protected":false},"author":2,"featured_media":0,"comment_status":"open","ping_status":"open","sticky":false,"template":"","format":"standard","meta":[],"categories":[2],"tags":[],"_links":{"self":[{"href":"https:\/\/quasarcomunicacion.com.ar\/web\/wp-json\/wp\/v2\/posts\/1171"}],"collection":[{"href":"https:\/\/quasarcomunicacion.com.ar\/web\/wp-json\/wp\/v2\/posts"}],"about":[{"href":"https:\/\/quasarcomunicacion.com.ar\/web\/wp-json\/wp\/v2\/types\/post"}],"author":[{"embeddable":true,"href":"https:\/\/quasarcomunicacion.com.ar\/web\/wp-json\/wp\/v2\/users\/2"}],"replies":[{"embeddable":true,"href":"https:\/\/quasarcomunicacion.com.ar\/web\/wp-json\/wp\/v2\/comments?post=1171"}],"version-history":[{"count":0,"href":"https:\/\/quasarcomunicacion.com.ar\/web\/wp-json\/wp\/v2\/posts\/1171\/revisions"}],"wp:attachment":[{"href":"https:\/\/quasarcomunicacion.com.ar\/web\/wp-json\/wp\/v2\/media?parent=1171"}],"wp:term":[{"taxonomy":"category","embeddable":true,"href":"https:\/\/quasarcomunicacion.com.ar\/web\/wp-json\/wp\/v2\/categories?post=1171"},{"taxonomy":"post_tag","embeddable":true,"href":"https:\/\/quasarcomunicacion.com.ar\/web\/wp-json\/wp\/v2\/tags?post=1171"}],"curies":[{"name":"wp","href":"https:\/\/api.w.org\/{rel}","templated":true}]}}