{"id":11701,"date":"2022-03-11T13:30:51","date_gmt":"2022-03-11T13:30:51","guid":{"rendered":"https:\/\/quasarcomunicacion.com.ar\/web\/?p=11701"},"modified":"2022-03-11T13:30:51","modified_gmt":"2022-03-11T13:30:51","slug":"la-camara-pyme-de-pilar-realizo-un-encuentro-para-mujeres-empresarias-y-emprendedoras","status":"publish","type":"post","link":"https:\/\/quasarcomunicacion.com.ar\/web\/la-camara-pyme-de-pilar-realizo-un-encuentro-para-mujeres-empresarias-y-emprendedoras\/","title":{"rendered":"La C\u00e1mara Pyme de Pilar realiz\u00f3 un encuentro para mujeres empresarias y emprendedoras"},"content":{"rendered":"<p>El pasado martes 8 de marzo, en ocasi\u00f3n del D\u00eda de la Mujer, la <strong>C\u00e1mara de la Mediana y Peque\u00f1a Empresa de Pilar<\/strong> realiz\u00f3 un encuentro para mujeres empresarias y emprendedoras de Pilar con el fin de brindar un espacio de networking e intercambio de experiencias para generar v\u00ednculos sociales y comerciales entre ellas.<!--more--><\/p>\n<p>El cocktail tuvo lugar en el house de Pilar del Lago, donde se congregaron unas 50 mujeres que compartieron la experiencia gastron\u00f3mica de Miranda Grand (<a href=\"http:\/\/www.mirandagrand.com\/\">http:\/\/www.mirandagrand.com\/<\/a>).<\/p>\n<p>Adem\u00e1s, coordinados por Silvia Fincic de Rhis, se realiz\u00f3 una actividad de networking con teor\u00eda y pr\u00e1ctica sobre Elevator Pitch donde cada asistente tuvo su minuto para presentarse al resto.<\/p>\n<p><a href=\"https:\/\/quasarcomunicacion.com.ar\/web\/wp-content\/uploads\/2022\/03\/mujeres2022.gif\"><img class=\"aligncenter\" src=\"https:\/\/quasarcomunicacion.com.ar\/web\/wp-content\/uploads\/2022\/03\/mujeres2022.gif\" \/><\/a><\/p>\n<p>Hubo un brindis de despedida y sorteos para todas las presentes.<\/p>\n<p>De la actividad particip\u00f3 el presidente de la Entidad, Ing. Silvio Ferraro; la vicepresidenta, Julita Maristany; la directora de Relaciones Institucionales, Marta Yezerski y el tesorero, Leonardo Barrera.<\/p>\n<p>Las palabras de bienvenida estuvieron a cargo de Marta Yezerski, directora de Relaciones Institucionales de la C\u00e1mara y el cierre lo hizo el presidente, el Ing. Silvio Ferraro quien asegur\u00f3 que <em> \u00abeste es uno de mis \u00faltimos eventos como presidente, la idea es que la pr\u00f3xima presidencia est\u00e9 en manos de una mujer, porque les cuento que esta C\u00e1mara naci\u00f3 como una C\u00e1mara de Mujeres PyMEs. Desde su fundaci\u00f3n me sent\u00ed sorprendido por ver a las mujeres trabajar, con la forma directa con la cual hacen negocios, la impronta que le pon\u00edan a todo\u00bb. <\/em><\/p>\n<p>Por otro lado, Ferraro hizo hincapi\u00e9 en que <em>\u00abla C\u00e1mara es una caja de herramientas en la cual uds van a encontrar distintos elementos en los cuales apoyarse para sus emprendimientos. Las invito a sumarse porque hay herramientas muy interesantes y gente que las puede ayudar a avanzar. Lo que buscamos es el progreso del conjunto. Necesitamos de uds para poder seguir creciendo y que todos podamos continuar ayud\u00e1ndonos\u00bb.<\/em><\/p>\n<p><a href=\"https:\/\/quasarcomunicacion.com.ar\/web\/wp-content\/uploads\/2022\/03\/mujers2022a.gif\"><img class=\"aligncenter\" src=\"https:\/\/quasarcomunicacion.com.ar\/web\/wp-content\/uploads\/2022\/03\/mujers2022a.gif\" \/><\/a><\/p>\n<p><strong>Otras actividades institucionales<\/strong><\/p>\n<p>Con anterioridad, luego del receso de vacaciones, la C\u00e1mara PyME hab\u00eda retomado sus actividades con un desayuno en el Howard Johnson de Pilar que tuvo lugar el 18 de febrero.<\/p>\n<p>Se trat\u00f3 del primer desayuno del a\u00f1o para empresarios PyMEs de la zona, del que participaron socios, miembros de la Comisi\u00f3n Directiva e invitados especiales. El mismo se desarroll\u00f3 en el <a href=\"https:\/\/133843.clicks.tstes.net\/track\/click?u=2831595&amp;p=3133333834333a32393a32353a303a323a30&amp;s=00e6e9fa455728516add6c428761f42c&amp;m=2260\"> Howard Johnson Pilar<\/a> (Ruta N\u00b08 Panamericana Ramal Pilar Km. 52 Cancha Rayada y Dr. Argerich).<\/p>\n<p>El desayuno estuvo coordinado por el Ing. Gabriel Bresler, titular de Redise\u00f1arte Coaching y coach ontol\u00f3gico profesional quien con diversas din\u00e1micas gener\u00f3 el intercambio y networking entre los asistentes. Bresler adem\u00e1s es Miembro fundador de ICF Argentina (International Coaching Federation) y Miembro de la AACOP (Asociaci\u00f3n Argentina de Coaching Ontol\u00f3gico Profesional) donde es co-lider del proyecto PUJA (Pymes Unidas Juntas por Argentina)<\/p>\n<p><a href=\"https:\/\/quasarcomunicacion.com.ar\/web\/wp-content\/uploads\/2022\/03\/mujer2022b.gif\"><img class=\"aligncenter\" src=\"https:\/\/quasarcomunicacion.com.ar\/web\/wp-content\/uploads\/2022\/03\/mujer2022b.gif\" \/><\/a><\/p>\n<p>Un agradecimiento especial para el gerente del hotel, Lic. Sebasti\u00e1n Tob\u00edas que particip\u00f3 de la actividad y nos brind\u00f3 el marco imprescindible para disfrutar de un rico desayuno.<\/p>\n<p>Un desayuno mano a mano entre empresari@s y soci@s de la C\u00e1mara para conocerse, para preguntar y responderse, para difundir lo que cada uno hace, generar alianzas comerciales y estrat\u00e9gicas.<\/p>\n<p>El objetivo de estos encuentros es generar equipo e inteligencia colectiva entre pares y apoyar el desarrollo de nuestras empresas y emprendimientos.<\/p>\n<p>Los interesados en participar del pr\u00f3ximo desayuno pueden preinscribirse dejando sus datos aqu\u00ed <a href=\"https:\/\/133843.clicks.tstes.net\/track\/click?u=2831596&amp;p=3133333834333a32393a32353a303a333a30&amp;s=00e6e9fa455728516add6c428761f42c&amp;m=2260\"> https:\/\/forms.gle\/ZVB6DXLeQG2yAU7c8<\/a><br \/>\nSeg\u00fan la disponibilidad de vacantes, se les confirmar\u00e1 v\u00eda mail y\/o telef\u00f3nicamente<\/p>\n<p><a href=\"https:\/\/quasarcomunicacion.com.ar\/web\/wp-content\/uploads\/2022\/03\/desayunofebrero2022.gif\"><img class=\"aligncenter\" src=\"https:\/\/quasarcomunicacion.com.ar\/web\/wp-content\/uploads\/2022\/03\/desayunofebrero2022.gif\" \/><\/a><\/p>\n<p>La Entidad, adem\u00e1s, contin\u00faa manteniendo encuentros para potenciar al sector. El pasado viernes 25 de febrero, el presidente de la C\u00e1mara, Ing. Silvio Ferraro se reuni\u00f3 con el presidente de la C\u00e1mara de Comercio de Presidente Derqui , Gast\u00f3n Acu\u00f1a junto a Gonzalo Mayorca y Agust\u00edn Ipucha de la Direcci\u00f3n de Juventudes Pilar del Programa Empleo Joven del Municipio de Pilar. Este encuentro tuvo como fin colaborar en la difusi\u00f3n de los Programas de Entrenamiento e Inserci\u00f3n laboral que llevan adelante y que est\u00e1 destinado a las PyMEs de Pilar.<\/p>\n<p>El jueves 10 representantes de la C\u00e1mara participaron de la presentaci\u00f3n del informe \u00abMiPyMEs lideradas por mujeres\u201d, realizado de manera conjunta con el Centro de Estudios para la Producci\u00f3n (CEPXX), y la l\u00ednea de Aportes No Reembolsables \u201cProducir con Equidad\u201d.\u00a0 La invitaci\u00f3n lleg\u00f3 desde la Coordinaci\u00f3n del Gabinete de G\u00e9nero y la Secretar\u00eda de la Peque\u00f1a y Mediana Empresa y los Emprendedores del Ministerio de Desarrollo Productivo de la Naci\u00f3n.<\/p>\n<p>Tambi\u00e9n, la <strong> C\u00e1mara de la Mediana y Peque\u00f1a Empresa de Pilar <\/strong>se encuentra trabajando en la concreci\u00f3n de convenios de colaboraci\u00f3n con otras entidades a fin de ampliar su abanico de beneficios para los asociados. De esta manera se firmar\u00e1 un convenio con Identidad Argentina, entidad nacional fundada en la industria de la innovaci\u00f3n y el conocimiento para ofrecer capacitaciones y asesoramiento. Adem\u00e1s, con la Escuela Argentina de Negocios (EAN) para brindar cursos y charlas gratuitos a sus asociados a partir del mes de marzo.<\/p>\n<p><a href=\"https:\/\/quasarcomunicacion.com.ar\/web\/wp-content\/uploads\/2022\/03\/empleo2022.jpg\"><img class=\"aligncenter\" src=\"https:\/\/quasarcomunicacion.com.ar\/web\/wp-content\/uploads\/2022\/03\/empleo2022.jpg\" \/><\/a><\/p>\n<p>Por otro lado, anunciaron la realizaci\u00f3n de la <strong>Ronda Multisectorial de Negocios \u00abUn Pilar de Oportunidades Productivas\u00bb<\/strong> en la 2da semana de Septiembre. Desde la Instituci\u00f3n ir\u00e1n publicando con tiempo la Agenda de Capacitaci\u00f3n previas y todas las actividades que organizar\u00e1n para que este Encuentro mantenga la excelencia que lo caracteriza hace ya m\u00e1s de 10 a\u00f1os.<\/p>\n<p>Se trata de un evento anual que desde el a\u00f1o 2010 convoca a empresas PyME del Partido del Pilar y municipios cercanos para poder reunirse personalmente con gerentes de grandes empresas y agregados comerciales de diferentes pa\u00edses. Una ronda con una novedosa modalidad, caracterizada por su alta jerarqu\u00eda, reconocimiento y sobre todo por su gran valor productivo.<\/p>\n<p>Por \u00faltimo, est\u00e1n trabajando en el armado de dos nuevos espacios de trabajo dentro de la Entidad, uno para desarrolladores inmobiliarios\/ constructores y profesionales afines y otro para emprendedores y emprendedoras locales a fin de potenciar sus \u00e1reas de desarrollo.<\/p>\n<p><strong>Acerca de la C\u00e1mara PyME de Pilar<\/strong><\/p>\n<p>Desde su creaci\u00f3n la <strong>C\u00e1mara PyME de Pilar<\/strong> foment\u00f3 convenios con otras Instituciones como AIME (Asociaci\u00f3n Iberoamericana de Mujeres Empresarias), la CEPIP (C\u00e1mara Empresaria del Parque Industrial Pilar), es socio institucional del Consejo Consultivo de la C\u00e1mara Argentina de Comercio (CAC, miembro de la Uni\u00f3n Industrial de la Provincia de Buenos Aires (UIPBA), la FIE\u00a0Argentina (Federaci\u00f3n Interamericana Empresarial) y la USAM (Universidad Nacional de San Mart\u00edn) donde la Entidad forma parte del Consejo de Ciencias Econ\u00f3micas en la persona de Marta Yezerski; en 2021 firm\u00f3 convenio con Pilar Emprende para potenciar emprendedores.<\/p>\n<p>En estas d\u00e9cadas integraron la comisi\u00f3n la Mujer y el Trabajo de la Uni\u00f3n Industrial Argentina (UIA), fueron panelistas por Argentina en el Congreso Iberoamericano de Mujeres Empresarias (CIME), llevaron adelante el programa televisivo multipremiado llamado Impacto Productivo, lanzaron ProUmPi (la Universidad P\u00fablica de Pilar), hicieron actividades junto a la Uni\u00f3n Industrial de Pilar, editaron la primera revista para Mujeres Empresarias de la regi\u00f3n, participaron del Foro de Mujeres del Mercosur, etc.<\/p>\n<p>Firmaron infinidad de convenios, por ejemplo con Pilar Emprende, con el Consejo Superior de la Universidad de Luj\u00e1n, con el Ministerio de Trabajo de la Provincia de Buenos Aires, con la Universidad del Salvador, con la Subsecretar\u00eda de Promoci\u00f3n y Desarrollo de Microempresas del Ministerio de Producci\u00f3n y el Empleo de la Provincia de Buenos Aires,\u00a0 Medif\u00e9 y la lista es interminable.<\/p>\n<p>La <strong>C\u00e1mara Pyme de Pilar<\/strong> busca fortalecer, promover y desarrollar la tarea empresarial por medio de la capacitaci\u00f3n y la formaci\u00f3n de nuevos contactos actuando como n\u00facleo para el desarrollo de negocios. Su propuesta tiende a obtener un crecimiento conjunto, donde las experiencias vayan enriqueciendo las posibilidades de cada empresa, respondiendo as\u00ed a las necesidades cambiantes del mercado global.<\/p>\n<p>Los interesados en sumarse a la Entidad podr\u00e1 asociarse con precios promocionales durante este mes de marzo haciendo click aqu\u00ed <a href=\"https:\/\/cpymepilar.org.ar\/asociese\/\">https:\/\/cpymepilar.org.ar\/asociese\/<\/a><\/p>\n<p><strong><em>Por otras im\u00e1genes, audios o entrevistas no dude en contactarse<\/em><\/strong><\/p>\n<p><strong><em> Contactos de Prensa<\/em><\/strong><\/p>\n<table width=\"100%\">\n<tbody>\n<tr>\n<td width=\"50%\"><strong> Candela Villanueva &#8211; Asistente de Cuentas<\/p>\n<p><\/strong> <b> Directo<\/b><strong>: <\/strong> 0230-4664772<br \/>\n<b> Skype:<\/b> quasarcomunicacion<br \/>\n<b> Instagram<\/b>: @quasarcomunicacion<br \/>\n<b> Twitter:<\/b> @quasarpilar<br \/>\n<b> Gr<\/b><b>upo y p\u00e1gina en Facebook: <\/b> www.facebook.com\/<a href=\"mailto:mfipata@gmail.com\">Quasar<\/a>Comunicacion<br \/>\n<b> Web:<\/b> <a href=\"http:\/\/www.quasarcomunicacion.com.ar\"> www.quasarcomunicacion.com.ar<\/a><\/p>\n<p><b> Mail<\/b><strong>:<\/strong> <a href=\"mailto:fernanda@quasarcomunicacion.com.ar\"> candela<\/a><a href=\"mailto:fernanda@quasarcomunicacion.com.ar\">@quasarcomunicacion.com.ar<\/a><\/td>\n<td width=\"50%\"><strong> Lic. Mar\u00eda Fernanda Ipata &#8211; Directora<br \/>\n<\/strong> <b><br \/>\n<\/b> <b> M\u00f3vil:<\/b> 0230-15-4584535<br \/>\n<b> Whatsapp<\/b><b>:<\/b><a href=\"https:\/\/bit.ly\/2J4cUvm\"> 11 5312 6795<\/a><br \/>\n<a href=\"https:\/\/bit.ly\/2Sn1zLP\"> Enviar whatsapp aqu\u00ed<\/a><br \/>\n<b> Skype:<\/b> quasarcomunicacion<br \/>\n<b> LinkedIn<\/b><strong>:\u00a0 <\/strong> <strong> <a href=\"http:\/\/www.linkedin.com\/in\/mfipata\"> http:\/\/www.linkedin.com\/in\/mfipata<\/a><\/strong><br \/>\n<a href=\"https:\/\/www.linkedin.com\/company\/quasarcomunicacion\"> https:\/\/www.linkedin.com\/company\/quasarcomunicacion<\/a><br \/>\n<b> Instagram y Facebook:<\/b> @quasarcomunicacion <b><br \/>\nWeb:<\/b> <a href=\"http:\/\/www.quasarcomunicacion.com.ar\"> www.quasarcomunicacion.com.ar<\/a><br \/>\n<b> Mail<\/b><strong>:<\/strong><a href=\"mailto:fernanda@quasarcomunicacion.com.ar\"> fernanda@quasarcomunicacion.com.ar<\/a><br \/>\n<b> Telegram: https:\/\/t.me\/QuasarComunicacion<\/b><br \/>\n<b> Canal de Telegram para acceder a comunicados:<\/b> https:\/\/t.me\/comunicadosQC<\/td>\n<\/tr>\n<\/tbody>\n<\/table>\n","protected":false},"excerpt":{"rendered":"<p>El pasado martes 8 de marzo, en ocasi\u00f3n del D\u00eda de la Mujer, la C\u00e1mara de la Mediana y Peque\u00f1a [&hellip;]<\/p>\n","protected":false},"author":2,"featured_media":11697,"comment_status":"closed","ping_status":"closed","sticky":false,"template":"","format":"standard","meta":[],"categories":[2],"tags":[],"_links":{"self":[{"href":"https:\/\/quasarcomunicacion.com.ar\/web\/wp-json\/wp\/v2\/posts\/11701"}],"collection":[{"href":"https:\/\/quasarcomunicacion.com.ar\/web\/wp-json\/wp\/v2\/posts"}],"about":[{"href":"https:\/\/quasarcomunicacion.com.ar\/web\/wp-json\/wp\/v2\/types\/post"}],"author":[{"embeddable":true,"href":"https:\/\/quasarcomunicacion.com.ar\/web\/wp-json\/wp\/v2\/users\/2"}],"replies":[{"embeddable":true,"href":"https:\/\/quasarcomunicacion.com.ar\/web\/wp-json\/wp\/v2\/comments?post=11701"}],"version-history":[{"count":1,"href":"https:\/\/quasarcomunicacion.com.ar\/web\/wp-json\/wp\/v2\/posts\/11701\/revisions"}],"predecessor-version":[{"id":11702,"href":"https:\/\/quasarcomunicacion.com.ar\/web\/wp-json\/wp\/v2\/posts\/11701\/revisions\/11702"}],"wp:featuredmedia":[{"embeddable":true,"href":"https:\/\/quasarcomunicacion.com.ar\/web\/wp-json\/wp\/v2\/media\/11697"}],"wp:attachment":[{"href":"https:\/\/quasarcomunicacion.com.ar\/web\/wp-json\/wp\/v2\/media?parent=11701"}],"wp:term":[{"taxonomy":"category","embeddable":true,"href":"https:\/\/quasarcomunicacion.com.ar\/web\/wp-json\/wp\/v2\/categories?post=11701"},{"taxonomy":"post_tag","embeddable":true,"href":"https:\/\/quasarcomunicacion.com.ar\/web\/wp-json\/wp\/v2\/tags?post=11701"}],"curies":[{"name":"wp","href":"https:\/\/api.w.org\/{rel}","templated":true}]}}