{"id":11691,"date":"2022-03-10T22:20:01","date_gmt":"2022-03-10T22:20:01","guid":{"rendered":"https:\/\/quasarcomunicacion.com.ar\/web\/?p=11691"},"modified":"2022-03-11T20:43:02","modified_gmt":"2022-03-11T20:43:02","slug":"abrio-sus-puertas-mapa-feria-en-la-rural-con-una-mirada-federal-del-arte-argentino","status":"publish","type":"post","link":"https:\/\/quasarcomunicacion.com.ar\/web\/abrio-sus-puertas-mapa-feria-en-la-rural-con-una-mirada-federal-del-arte-argentino\/","title":{"rendered":"Abri\u00f3 sus puertas MAPA FERIA en La Rural con una mirada federal del Arte Argentino"},"content":{"rendered":"<p><strong> MAPA FERIA<\/strong> abri\u00f3 sus puertas en <strong>La Rural (<\/strong>Av. Sarmiento 2704, Buenos Aires), donde se exhibir\u00e1 hasta el domingo un panorama de la producci\u00f3n de arte actual de todo el pa\u00eds. La feria permanecer\u00e1 abierta al p\u00fablico el Viernes 11 y S\u00e1bado 12 de 15 a 22 hs y el Domingo 13 de 14 a 20 hs. Las entradas pueden adquirirse en <a href=\"https:\/\/mapaferia.art\/entradas\/\"> https:\/\/mapaferia.art\/entradas\/<\/a> <!--more--><\/p>\n<p>El acto de apertura tuvo lugar en la tarde del jueves con las palabras de bienvenida de Agust\u00edn Montes de Oca, Fundador y Director de <strong>MAPA FERIA<\/strong>, quien agradeci\u00f3 el haber podido hacer esta cuarta edici\u00f3n de la reconocida feria luego de la pandemia. <em>\u00abEra una feria que ten\u00edamos pensada para noviembre de 2020 y la estamos inaugurando ahora con la presencia de m\u00e1s de 52 galer\u00edas y proyectos de todo el pa\u00eds. Adem\u00e1s, agradecemos la presencia de MERIDIANO, c\u00e1mara argentina de galer\u00edas de arte, FARO, Asociaci\u00f3n de galer\u00edas de arte de C\u00f3rdoba y GIRO\u00bb.<\/em><\/p>\n<p><a href=\"https:\/\/quasarcomunicacion.com.ar\/web\/wp-content\/uploads\/2022\/03\/mapa22a.gif\"><img class=\"aligncenter\" src=\"https:\/\/quasarcomunicacion.com.ar\/web\/wp-content\/uploads\/2022\/03\/mapa22a.gif\" \/><\/a><\/p>\n<p>Luego de agradecer a las autoridades presentes, fue el turno de Bettina Romero, intendenta de la ciudad de Salta quien agradeci\u00f3 a Agust\u00edn Montes de Oca a los organizadores resaltando que \u00ab<em>es un honor como intendente de Salta, desde el Norte argentino poder estar presente y haber acompa\u00f1ado y hacer posible que cuatro artistas emergentes y talentosos de nuestra ciudad hoy sean parte de MAPA. Agradecemos <\/em><em>a Claudio Roncoli y a la Fundaci\u00f3n FAM (Fundaci\u00f3n Arte M\u00f3vil) por hacerlo posible\u00bb.\u00a0<\/em><em>La intendenta, finaliz\u00f3 diciendo \u00ab<\/em><em>esperamos que pronto podamos generar una feria de este nivel en la ciudad de Salta\u00bb.<\/em><\/p>\n<p>A continuaci\u00f3n fue el momento del representante de la Asociaci\u00f3n de Galer\u00edas de C\u00f3rdoba &#8211; FARO quien remarc\u00f3 que <em>\u00abpara nosotros fue un logro importante en virtud que hace tiempo queremos estar y hoy 14 galer\u00edas de C\u00f3rdoba est\u00e1n presentes. Quiero felicitarlo a Agust\u00edn de coraz\u00f3n porque desde que empez\u00f3 MAPA lo acompa\u00f1o y se del trabajo que realiza\u00bb.<\/em><\/p>\n<p>A su vez dijo que <em>\u00aben nombre de las galer\u00edas de C\u00f3rdoba estamos muy emocionados y contentos porque fue un trabajo de varios meses y henos tenido el apoyo de la Agencia C\u00f3rdoba Cultura que cuando fuimos como Asociaci\u00f3n nos dio un apoyo m\u00e1s que importante y permiti\u00f3 que hoy artistas de C\u00f3rdoba que nunca participaron de una feria, hoy est\u00e9n presentes en Buenos Aires en una feria realmente federal\u00bb.<\/em><\/p>\n<p>Luego habl\u00f3 Jorge Alvarez, Vicepresidente de la Agencia C\u00f3rdoba Cultura indicando <em>\u00abque lindo, que se note que est\u00e1n cambiando cosas, qu\u00e9 bueno que se note que no solo hay galer\u00edas buenas en Buenos Aires, sino que en todo el pa\u00eds hay buenos artistas. Pero la cuesti\u00f3n no es la divisi\u00f3n, sino poder trabajar juntos, coordinemos esfuerzos, hagamos las cosas juntos por la cultura que es lo que va a terminar con todas las brechas posibles, trabajemos juntos provincias, el interior y Capital Federal porque juntos vamos a poder mostrarle al exterior la riqueza que tiene la Argentina\u00bb.<\/em><\/p>\n<p>Por \u00faltimo, se dirigi\u00f3 a los asistentes Enrique Avogadro, Ministro de Cultura del Gobierno de la Ciudad de Buenos Aires felicitando a Agust\u00edn y a todo el equipo por <em>\u00abla realizaci\u00f3n de esta cuarta edici\u00f3n de MAPA, realmente es emocionante volver a encontrarnos en la primera feria presencial que se da en la ciudad de Buenos Aires y que congrega a artistas de todo el pa\u00eds. Una feria que ya est\u00e1 en plena ebullici\u00f3n y que esperamos genere muchas ventas. Destacar que no fue f\u00e1cil llegar hasta ac\u00e1 y no es f\u00e1cil para MAPA llegar a estos cuatro a\u00f1os por eso destacar el esfuerzo que los trajo hasta ac\u00e1. Es una feria aut\u00e9nticamente federal, Argentina es un pa\u00eds enormemente diverso, cada una de las regiones y provincias del pa\u00eds nos muestra una cultura original, \u00fanica, que ojal\u00e1 tengamos la posibilidad de conocer mucho m\u00e1s\u00bb.<\/em><\/p>\n<p><a href=\"https:\/\/quasarcomunicacion.com.ar\/web\/wp-content\/uploads\/2022\/03\/mapa22.gif\"><img class=\"aligncenter\" src=\"https:\/\/quasarcomunicacion.com.ar\/web\/wp-content\/uploads\/2022\/03\/mapa22.gif\" \/><\/a><\/p>\n<p><em>\u00abEl mensaje siempre es el mismo, desde la Ciudad de Buenos Aires, la ciudad de todos los argentinos, lo que queremos es conectar con las escenas de todo el pa\u00eds, tenemos la suerte de ser una ciudad donde trabajan, estudian y viven muchos argentinos que la eligen, y tambi\u00e9n tenemos la suerte de tener muchos artistas. A trav\u00e9s de ellos y ellas tenemos la posibilidad de conectarnos con esas escenas tan ricas de todo el pa\u00eds. Ferias como MAPA nos permiten tener un panorama integral as\u00ed que felicitaciones Agust\u00edn, felicitaciones a C\u00f3rdoba y a la ciudad de Salta por acompa\u00f1ar iniciativas como esta. Desde el gobierno de la ciudad de Buenos Aires, a trav\u00e9s de la Ley de Mecenazgo, estamos apoyando esta iniciativa. Estamos muy contentos de estar presentes y de la efervescencia cultural que est\u00e1 viviendo la Ciudad de Buenos Aires\u00bb, <\/em>culmin\u00f3 Avogadro.<\/p>\n<p>Al respecto, los asistentes podr\u00e1n participar de las visitas guiadas curadas por Melisa Boratyn a cargo de Rosario Villani y Julieta Pons -ciclo presentado por el Ministerio de Cultura del Gobierno de la Ciudad de Buenos Aires que tambi\u00e9n apoya la feria a trav\u00e9s de Mecenazgo. Las mismas tendr\u00e1n lugar el s\u00e1bado 12 y Domingo 13 a las 18 hs.<\/p>\n<p>Cabe resaltar que en su cuarta edici\u00f3n, <strong>MAPA FERIA<\/strong> re\u00fane a 52 galer\u00edas y proyectos de todo el pa\u00eds. Con la participaci\u00f3n de las asociaciones <strong>MERIDIANO, c\u00e1mara argentina de galer\u00edas de arte, FARO, Asociaci\u00f3n de galer\u00edas de arte de C\u00f3rdoba y GIRO<\/strong>, circuito de galer\u00edas de Rosario con el objetivo de descentralizar y fomentar el arte en todas las regiones del pa\u00eds. Las propuestas fueron seleccionadas por un comit\u00e9 integrado por <strong>Sof\u00eda Torres Kosiba, Roberto Echen y Ra\u00fal Flores.<\/strong><\/p>\n<p><a href=\"https:\/\/quasarcomunicacion.com.ar\/web\/wp-content\/uploads\/2022\/03\/mapa2022b.gif\"><img class=\"aligncenter\" src=\"https:\/\/quasarcomunicacion.com.ar\/web\/wp-content\/uploads\/2022\/03\/mapa2022b.gif\" \/><\/a><\/p>\n<p>Por primera vez en la feria, participar\u00e1 la plataforma de arte y tecnolog\u00eda Artlab.\u00a0 Desde su secci\u00f3n con pantalla curva de alta definici\u00f3n, ofrecer\u00e1 una programaci\u00f3n conformada por proyectos art\u00edsticos interdisciplinares con producciones que combinan las artes electr\u00f3nicas anal\u00f3gicas y digitales con otras disciplinas art\u00edsticas: proyectos audiovisuales, performances musicales, y exhibici\u00f3n de NFT. La propuesta incluir\u00e1 conferencias y charlas relacionadas a la irrupci\u00f3n de las producciones digitales en el contexto del Arte Contempor\u00e1neo.<\/p>\n<p>Este espacio tendr\u00e1 el honor de recibir al reconocido artista argentino\u00a0Julio Le Parc\u00a0que en colaboraci\u00f3n con su hijo Juan Le Parc, presentar\u00e1n su nuevo proyecto art\u00edstico:\u00a0<em>Visual Labyrinthusmuseum.<\/em>\u00a0\u00a0Se trata de un\u00a0Museo Virtual\u00a0que contendr\u00e1 las obras m\u00e1s emblem\u00e1ticas de este artista, as\u00ed como producciones in\u00e9ditas digitalizadas, a las que el p\u00fablico podr\u00e1 acceder a trav\u00e9s de cascos de Realidad Virtual y Aumentada y proyecciones audiovisuales.<\/p>\n<p>Se incorporan a la feria tecnolog\u00eda NFT y obras de realidad aumentada presentadas por la galer\u00eda Aura, Nodo940 &amp; The dream Machine, Pabellon4, Delta.<\/p>\n<p>Participan Galer\u00edas de referencia en arte contempor\u00e1neo de Buenos Aires como Pasto, Quimera, Aldo de Sousa, Wunsch, Otto\u00a0 y proyectos emergentes como Galer\u00eda Grasa, Valeries Factory, Colada, Ramos Generales, Talenta y Arde<\/p>\n<p>La galer\u00eda MAMAN Fine Art presenta un espacio dedicado a los grandes maestros del arte moderno argentino con obras de: R\u00f3mulo Macci\u00f3, Alberto Greco, Luis F. Benedit, Luis Wells y Alberto Heredia.<\/p>\n<p>La galer\u00eda Rubbers presenta un solo show de Yuyo No\u00e9, con obras hist\u00f3ricas y actuales.<\/p>\n<p>FAM,\u00a0 Fundaci\u00f3n de arte m\u00f3vil invita a <strong>MAPA 2022<\/strong> a 6 proyectos Argentinos emergentes con el objetivo de descentralizar y fomentar el arte en todas las regiones del pa\u00eds. Para esta edici\u00f3n participan OSTREA (Chubut) , CASA PROYECTO (Buenos Aires), DELTA (Santa Fe), GALERIA EXPUESTA (R\u00edo Negro) y artistas de San Juan y Salta.<\/p>\n<p>La feria tendr\u00e1 su versi\u00f3n virtual en la plataforma <strong>MAPAFERIA.ART<\/strong> donde se podr\u00e1 ver el cat\u00e1logo de obras\u00a0 y adquirir las entradas.<\/p>\n<p><strong><u> GALER\u00cdAS<\/u><\/strong><\/p>\n<p>25 unidades disponibles (CABA)<\/p>\n<p>Abre (C\u00f3rdoba)<\/p>\n<p>Aldo de Sousa (Buenos Aires)<\/p>\n<p>Ambos Mundos (Buenos Aires)<\/p>\n<p>Ankara arte contempor\u00e1neo(C\u00f3rdoba)<\/p>\n<p>Arde (Buenos Aires)<\/p>\n<p>Arte Cerca (C\u00f3rdoba)<\/p>\n<p>Artis (C\u00f3rdoba)<\/p>\n<p>Artlab (Buenos Aires)<\/p>\n<p>Aura (C\u00f3rdoba)<\/p>\n<p>Ciend\u00edas (C\u00f3rdoba)<\/p>\n<p>Colada (Buenos Aires)<\/p>\n<p>Crudo (Rosario)<\/p>\n<p>Delta (Santa Fe)<\/p>\n<p>Diego Obligado (Rosario)<\/p>\n<p>Espacio FAM<\/p>\n<p>Espacio La Juana (Entre R\u00edos)<\/p>\n<p>Estudio G (Rosario)<\/p>\n<p>Fabulaciones by Zeitgeist<\/p>\n<p>Casa Proyecto (Buenos Aires)<\/p>\n<p>Gabelich contempor\u00e1neo (Rosario)<\/p>\n<p>Galer\u00eda Expuesta (Rio Negro)<\/p>\n<p>Galer\u00eda Grasa (Buenos Aires)<\/p>\n<p>Jamaica (Rosario)<\/p>\n<p>Luogo (Rosario)<\/p>\n<p>LyV(Buenos Aires)<\/p>\n<p>Maman fine art (Buenos Aires)<\/p>\n<p>Maria Wonda (C\u00f3rdoba)<\/p>\n<p>MM (Buenos Aires)<\/p>\n<p>Moonlight art Space (Buenos Aires)<\/p>\n<p>Nodo 940 &amp; the dream Machine (C\u00f3rdoba)<\/p>\n<p>ODA (Buenos Aires)<\/p>\n<p>Ostrea (Chubut)<\/p>\n<p>Otto (Buenos Aires)<\/p>\n<p>Pabell\u00f3n 4 (Buenos Aires)<\/p>\n<p>Pasto (Buenos Aires)<\/p>\n<p>Piccadilly (C\u00f3rdoba)<\/p>\n<p>Popa (CABA)<\/p>\n<p>Prima (Chile)<\/p>\n<p>Quimera (Buenos Aires)<\/p>\n<p>Ramos Generales (La Plata)<\/p>\n<p>Rubbers (CABA)<\/p>\n<p>Sasha D (C\u00f3rdoba)<\/p>\n<p>Subsuelo (Rosario)<\/p>\n<p>Talenta (Buenos Aires)<\/p>\n<p>The White Lodge (C\u00f3rdoba)<\/p>\n<p>Tierra (C\u00f3rdoba)<\/p>\n<p>Valeries Factory (Mendoza)<\/p>\n<p>Valk (Buenos Aires)<\/p>\n<p>Via Margutta (C\u00f3rdoba)<\/p>\n<p>Wunsch (Buenos Aires)<\/p>\n<p>Zeitgeist\u00a0 (Chile)<\/p>\n<p><strong>MAPA FERIA DE ARTE 2022 | LA RURAL |<\/strong><br \/>\nAv. Sarmiento 2704, Buenos Aires<\/p>\n<p>Del 10 al 13 de Marzo<\/p>\n<p><strong>Inauguraci\u00f3n<\/strong><br \/>\nJueves 10 de marzo de 19 a 23 hs.<\/p>\n<p><strong>Horarios<\/strong><br \/>\nViernes 11 y S\u00e1bado 12 de 15 a 22 hs.<br \/>\nDomingo 13 de 14 a 20 hs<\/p>\n<p>Adquir\u00ed las entradas en <a href=\"https:\/\/mapaferia.art\/entradas\/\"> https:\/\/mapaferia.art\/entradas\/<\/a><\/p>\n<p><b> Acerca de MAPA<\/b><\/p>\n<p><strong> MAPA<\/strong> es una plataforma de difusi\u00f3n, circulaci\u00f3n y comercializaci\u00f3n de artes visuales. Un espacio donde galer\u00edas y proyectos art\u00edsticos acercan al p\u00fablico sus obras. Durante sus dos primeras ediciones la feria se realiz\u00f3 en el Hip\u00f3dromo Argentino de Palermo.\u00a0 En 2019 se realiz\u00f3 en C, Complejo Art Media en Chacarita, Buenos Aires. Desde su primera edici\u00f3n participaron m\u00e1s de cien proyectos de siete pa\u00edses representando a m\u00e1s de seiscientos artistas de diferentes disciplinas.<\/p>\n<p><strong> MAPA FERIA <\/strong> es una creaci\u00f3n de la editorial <strong>MAPA DE LAS ARTES<\/strong>, una publicaci\u00f3n que desde 2004 difunde el panorama art\u00edstico de Argentina.\u00a0 El proyecto est\u00e1 dirigido por Agust\u00edn Montes de Oca y producido por Mar\u00eda Villanueva.<\/p>\n<p><a href=\"http:\/\/www.mapaferia.art\"><strong> www.mapaferia.art<\/strong><\/a><u><br \/>\nwww.mapadelasartes.art<\/u><\/p>\n<p><strong><em>Por otras im\u00e1genes, audios o entrevistas no dude en contactarse<\/em><\/strong><\/p>\n<p><strong><em> Contactos de Prensa<\/em><\/strong><\/p>\n<table width=\"100%\">\n<tbody>\n<tr>\n<td width=\"50%\"><strong> Ayel\u00e9n Segovia &#8211; Asistente de Cuentas<\/strong><\/p>\n<p><b> Directo<\/b><strong>: <\/strong> 0230-4664772<br \/>\n<b> Skype:<\/b> quasarcomunicacion<br \/>\n<b> Instagram<\/b>: @quasarcomunicacion<br \/>\n<b> Twitter:<\/b> @quasarpilar<br \/>\n<b> Gr<\/b><b>upo y p\u00e1gina en Facebook: <\/b> www.facebook.com\/<a href=\"mailto:mfipata@gmail.com\">Quasar<\/a>Comunicacion<br \/>\n<b> Web:<\/b> <a href=\"http:\/\/www.quasarcomunicacion.com.ar\"> www.quasarcomunicacion.com.ar<\/a><\/p>\n<p><b> Mail<\/b><strong>:<\/strong> <a href=\"mailto:fernanda@quasarcomunicacion.com.ar\"> asistente<\/a><a href=\"mailto:fernanda@quasarcomunicacion.com.ar\">@quasarcomunicacion.com.ar<\/a><\/td>\n<td width=\"50%\"><strong> Lic. Mar\u00eda Fernanda Ipata &#8211; Directora<br \/>\n<\/strong> <b><br \/>\n<\/b> <b> M\u00f3vil:<\/b> 0230-15-4584535<br \/>\n<b> Whatsapp<\/b><b>:<\/b><a href=\"https:\/\/bit.ly\/2J4cUvm\"> 11 5312 6795<\/a><br \/>\n<a href=\"https:\/\/bit.ly\/2Sn1zLP\"> Enviar whatsapp aqu\u00ed<\/a><br \/>\n<b> Skype:<\/b> quasarcomunicacion<br \/>\n<b> LinkedIn<\/b><strong>:\u00a0 <\/strong> <strong> <a href=\"http:\/\/www.linkedin.com\/in\/mfipata\"> http:\/\/www.linkedin.com\/in\/mfipata<\/a><\/strong><br \/>\n<a href=\"https:\/\/www.linkedin.com\/company\/quasarcomunicacion\"> https:\/\/www.linkedin.com\/company\/quasarcomunicacion<\/a><br \/>\n<b> Instagram y Facebook:<\/b> @quasarcomunicacion <b><br \/>\nWeb:<\/b> <a href=\"http:\/\/www.quasarcomunicacion.com.ar\"> www.quasarcomunicacion.com.ar<\/a><br \/>\n<b> Mail<\/b><strong>:<\/strong><a href=\"mailto:fernanda@quasarcomunicacion.com.ar\"> fernanda@quasarcomunicacion.com.ar<\/a><br \/>\n<b> Canal de Telegram para acceder a comunicados:<\/b> https:\/\/t.me\/comunicadosQC<\/td>\n<\/tr>\n<\/tbody>\n<\/table>\n","protected":false},"excerpt":{"rendered":"<p>MAPA FERIA abri\u00f3 sus puertas en La Rural (Av. Sarmiento 2704, Buenos Aires), donde se exhibir\u00e1 hasta el domingo un [&hellip;]<\/p>\n","protected":false},"author":2,"featured_media":11703,"comment_status":"closed","ping_status":"closed","sticky":false,"template":"","format":"standard","meta":[],"categories":[2],"tags":[],"_links":{"self":[{"href":"https:\/\/quasarcomunicacion.com.ar\/web\/wp-json\/wp\/v2\/posts\/11691"}],"collection":[{"href":"https:\/\/quasarcomunicacion.com.ar\/web\/wp-json\/wp\/v2\/posts"}],"about":[{"href":"https:\/\/quasarcomunicacion.com.ar\/web\/wp-json\/wp\/v2\/types\/post"}],"author":[{"embeddable":true,"href":"https:\/\/quasarcomunicacion.com.ar\/web\/wp-json\/wp\/v2\/users\/2"}],"replies":[{"embeddable":true,"href":"https:\/\/quasarcomunicacion.com.ar\/web\/wp-json\/wp\/v2\/comments?post=11691"}],"version-history":[{"count":7,"href":"https:\/\/quasarcomunicacion.com.ar\/web\/wp-json\/wp\/v2\/posts\/11691\/revisions"}],"predecessor-version":[{"id":11709,"href":"https:\/\/quasarcomunicacion.com.ar\/web\/wp-json\/wp\/v2\/posts\/11691\/revisions\/11709"}],"wp:featuredmedia":[{"embeddable":true,"href":"https:\/\/quasarcomunicacion.com.ar\/web\/wp-json\/wp\/v2\/media\/11703"}],"wp:attachment":[{"href":"https:\/\/quasarcomunicacion.com.ar\/web\/wp-json\/wp\/v2\/media?parent=11691"}],"wp:term":[{"taxonomy":"category","embeddable":true,"href":"https:\/\/quasarcomunicacion.com.ar\/web\/wp-json\/wp\/v2\/categories?post=11691"},{"taxonomy":"post_tag","embeddable":true,"href":"https:\/\/quasarcomunicacion.com.ar\/web\/wp-json\/wp\/v2\/tags?post=11691"}],"curies":[{"name":"wp","href":"https:\/\/api.w.org\/{rel}","templated":true}]}}