{"id":1168,"date":"2012-12-10T17:27:13","date_gmt":"2012-12-10T17:27:13","guid":{"rendered":"http:\/\/quasarcomunicacion.wordpress.com\/?p=1168"},"modified":"2012-12-10T17:27:13","modified_gmt":"2012-12-10T17:27:13","slug":"la-depresion-infantil-un-mal-de-estos-tiempos","status":"publish","type":"post","link":"https:\/\/quasarcomunicacion.com.ar\/web\/la-depresion-infantil-un-mal-de-estos-tiempos\/","title":{"rendered":"La Depresi\u00f3n Infantil, un mal de estos tiempos"},"content":{"rendered":"<p style=\"text-align:left;\" align=\"center\">Desde\u00a0<b style=\"font-size:small;\">Momento Cero<\/b>, un espacio dedicado a padres que desean criar ni\u00f1os con adecuada autoestima y emocionalmente sano, hablaron sobre depresi\u00f3n infantil, un mal de estos tiempos que puede prevenirse facilitando el desarrollo de las cualidades propias del ni\u00f1o y fomentando las actividades l\u00fadicas<!--more--><\/p>\n<p><span style=\"font-family:Verdana;font-size:small;\">Las licenciadas Adriana L\u00f3pez y Emilia Canzutti, creadoras de\u00a0<b>Momento Cero<\/b>, aseguran que la infancia es un momento donde el ser humano adquiere todas las capacidades: el lenguaje, las capacidades afectivas, intelectuales, los h\u00e1bitos, las motivaciones, etc. que luego despliega a lo largo de su vida.<\/span><br \/>\n<span style=\"font-family:Verdana;font-size:small;\">Pensando en\u00a0<b>Depresi\u00f3n Infantil\u00a0<\/b>y la incidencia que tiene en nuestra sociedad, para las licenciadas es importante reflexionar en c\u00f3mo favorecer el desarrollo de la capacidad para estar a solas durante la infancia. (D. Winnicott 1958).<\/span><br \/>\n<span style=\"font-family:Verdana;font-size:small;\">Seg\u00fan Emilia Canzutti \u201ctodo ni\u00f1o menor de 3 o 4 a\u00f1os necesita crear un espacio donde desarrollar la capacidad para estar solo en compa\u00f1\u00eda de alguien. All\u00ed surge espont\u00e1neamente su rica fantas\u00eda, motor necesario para desplegar el m\u00e1s fant\u00e1stico de los juegos. La actividad l\u00fadica es la base para poder elaborar los futuros conflictos y poder ampliar los recursos genuinos y creativos de cada ni\u00f1o. Bases fundamentales para el desarrollo adecuado de la autoestima, la autonom\u00eda y el autoconcepto\u201d.<\/span><br \/>\n<span style=\"font-family:Verdana;font-size:small;\">Esta capacidad que se\u00f1alan las expertas de\u00a0<b>Momento Cero,<\/b>\u00a0se puede desarrollar si se cuenta con un apego seguro dentro del ambiente familiar.<\/span><br \/>\n<span style=\"font-family:Verdana;font-size:small;\">Cuando un ni\u00f1o no juega, no puede desplegar su fantas\u00eda, no encuentra un momento de soledad donde encontrarse y enriquecerse, entonces comienza a mostrar signos de desvitalizaci\u00f3n y pierde el inter\u00e9s, aisl\u00e1ndose de su entorno.<\/span><br \/>\n<span style=\"font-family:Verdana;font-size:small;\">La tristeza y la depresi\u00f3n en un ni\u00f1o\/a no se muestran con las mismas caracter\u00edsticas que en los adultos. Ellos despliegan otras formas como: alteraciones de la conducta, irritabilidad, llanto f\u00e1cil, falta de concentraci\u00f3n, alteraciones del apetito. Pueden perder el placer, surgen sentimientos de no ser querido, retraerse socialmente, y la mayor\u00eda de las veces desciende su nivel acad\u00e9mico.<\/span><br \/>\n<span style=\"font-family:Verdana;font-size:small;\">Por estas razones, las especialistas de\u00a0<b>Momento Cero<\/b>\u00a0indican que \u201ces importante estar atentos para poder detectar dichas alteraciones o comportamientos que den muestra de la posibilidad de sufrimiento ps\u00edquico del ni\u00f1o para realizar la consulta adecuada y eficaz. No dejar pasar tiempo pensando que va a pasar r\u00e1pido, que es un estado transitorio. Puede ser, pero es necesaria una respuesta profesional a los s\u00edntomas que presenta, y evitar que se agudicen\u201d.<\/span><br \/>\n<span style=\"font-family:Verdana;font-size:small;\"><b>Momento Cero<\/b>,\u00a0<a href=\"http:\/\/www.momentocero.com.ar\/\">www.momentocero.com.ar<\/a>\u00a0\/<a href=\"mailto:contacto@momentocero.com.ar\">contacto@momentocero.com.ar<\/a>\u00a0\/ facebook.com\/somosmomentocero \/<\/span><\/p>\n<p align=\"center\"><b><span style=\"font-family:Arial;font-size:small;\">Toda la info de Momento Cero ingresando en\u00a0<\/span><\/b><br \/>\n<a href=\"http:\/\/www.quasarcomunicacion.com.ar\/momentocero\">http:\/\/www.quasarcomunicacion.com.ar\/momentocero<\/a><\/p>\n","protected":false},"excerpt":{"rendered":"<p>Desde\u00a0Momento Cero, un espacio dedicado a padres que desean criar ni\u00f1os con adecuada autoestima y emocionalmente sano, hablaron sobre depresi\u00f3n [&hellip;]<\/p>\n","protected":false},"author":2,"featured_media":0,"comment_status":"open","ping_status":"open","sticky":false,"template":"","format":"standard","meta":[],"categories":[34],"tags":[],"_links":{"self":[{"href":"https:\/\/quasarcomunicacion.com.ar\/web\/wp-json\/wp\/v2\/posts\/1168"}],"collection":[{"href":"https:\/\/quasarcomunicacion.com.ar\/web\/wp-json\/wp\/v2\/posts"}],"about":[{"href":"https:\/\/quasarcomunicacion.com.ar\/web\/wp-json\/wp\/v2\/types\/post"}],"author":[{"embeddable":true,"href":"https:\/\/quasarcomunicacion.com.ar\/web\/wp-json\/wp\/v2\/users\/2"}],"replies":[{"embeddable":true,"href":"https:\/\/quasarcomunicacion.com.ar\/web\/wp-json\/wp\/v2\/comments?post=1168"}],"version-history":[{"count":0,"href":"https:\/\/quasarcomunicacion.com.ar\/web\/wp-json\/wp\/v2\/posts\/1168\/revisions"}],"wp:attachment":[{"href":"https:\/\/quasarcomunicacion.com.ar\/web\/wp-json\/wp\/v2\/media?parent=1168"}],"wp:term":[{"taxonomy":"category","embeddable":true,"href":"https:\/\/quasarcomunicacion.com.ar\/web\/wp-json\/wp\/v2\/categories?post=1168"},{"taxonomy":"post_tag","embeddable":true,"href":"https:\/\/quasarcomunicacion.com.ar\/web\/wp-json\/wp\/v2\/tags?post=1168"}],"curies":[{"name":"wp","href":"https:\/\/api.w.org\/{rel}","templated":true}]}}