{"id":11666,"date":"2022-02-24T18:38:08","date_gmt":"2022-02-24T18:38:08","guid":{"rendered":"https:\/\/quasarcomunicacion.com.ar\/web\/?p=11666"},"modified":"2022-02-25T12:41:48","modified_gmt":"2022-02-25T12:41:48","slug":"instituciones-llevan-adelante-la-campana-pilarporcorrientes","status":"publish","type":"post","link":"https:\/\/quasarcomunicacion.com.ar\/web\/instituciones-llevan-adelante-la-campana-pilarporcorrientes\/","title":{"rendered":"Instituciones llevan adelante la Campa\u00f1a #PilarPorCorrientes"},"content":{"rendered":"<p><em> Buenos Aires (24\/02\/2022)<\/em> &#8211; Coordinados por la <strong>Red de Costureras Solidarias de Pilar<\/strong> junto a la <strong>Asociaci\u00f3n Solidaria 8 de Diciembre, <\/strong>se puso en marcha una campa\u00f1a para\u00a0 ayudar a la provincia de Corrientes <strong>#PilarPorCorrientes<\/strong> a la que se sumaron varias instituciones, empresas y particulares. Como punto central de recepci\u00f3n, de lunes a s\u00e1bado se reciben las donaciones en <strong>Radio X Pilar<\/strong>, en el primer piso de <strong> Pilar Point<\/strong>. Todo lo recolectado ser\u00e1 llevado a Corrientes para colaborar con las v\u00edctimas de los incendios que se desataron en la provincia.<!--more--><\/p>\n<p>El s\u00e1bado 26 de 17 a 21 hs la <strong>Asociaci\u00f3n Solidaria 8 de Diciembre<\/strong> recibir\u00e1 donaciones en la Plaza de Villa Astolfi. Voluntaria responsable +54 9 11 5844-8898 (Susana)<\/p>\n<p>Los voluntarios tambi\u00e9n est\u00e1n a disposici\u00f3n para retirar las donaciones por el domicilio de quienes no puedan acercarla, s\u00f3lo hay que comunicarse por whatsapp al 11 6742 7635 (Red de Costureras Solidarias de Pilar) o +54 9 11 3226-8912 (Adriana) o +54 9 11 6035-9065 (Alberto).<\/p>\n<p><a href=\"https:\/\/quasarcomunicacion.com.ar\/web\/wp-content\/uploads\/2022\/02\/corrientes.gif\"><img class=\"alignnone\" src=\"https:\/\/quasarcomunicacion.com.ar\/web\/wp-content\/uploads\/2022\/02\/corrientes.gif\" \/><\/a><\/p>\n<p>Tambi\u00e9n se puede dejar la donaci\u00f3n en VILLA ASTOLFI: Iglesia San Marcelino Champagnat. Soler 3068 entre Vertiz y Rondeau. Coordinar con Nancy +54 9 11 5036-3471. O en SAN FERNANDO comunic\u00e1ndose al +54 9 11 5612-1160 (Lazos Solidarios)<\/p>\n<p><span style=\"font-family: Verdana,sans-serif; font-size: small;\">Se necesita prioritariamente:<\/span><\/p>\n<p><span style=\"font-family: Verdana,sans-serif; font-size: small;\">Agua mineral &#8211; Bebidas energizantes<br \/>\nAguas saborizadas<br \/>\nComida enlatada<br \/>\nPicadillo<br \/>\nFideos<br \/>\nArroz<br \/>\nGalletitas<br \/>\nPur\u00e9 de tomate<br \/>\nCaramelos<br \/>\nSoluci\u00f3n fisiol\u00f3gica x 500ml<br \/>\nDextrosa 5% x 500ml<br \/>\nAgua destilada o para lavaje de heridas<br \/>\nPlatsul<br \/>\nGasas est\u00e9riles<br \/>\nAnalg\u00e9sicos: dipirona, meloxicam, tramadol<br \/>\nperfus N\u00b01 y pedi\u00e1trico<br \/>\nGasas furacinadas<br \/>\nAlgod\u00f3n<br \/>\nCinta de papel<br \/>\nSoluciones con electrolitos<br \/>\nDexametasona inyectable<br \/>\nAntibi\u00f3ticos de dep\u00f3sito<br \/>\nAbocath varias medidas<br \/>\nJeringas 1, 3 , 5 y 10<br \/>\nAgujas 25\/8, 40\/12<br \/>\nAlcohol<br \/>\nAntiparras para moto<br \/>\nMonja para bomberos<br \/>\nPantalones, Camisas<br \/>\nRopa en general<\/span><br \/>\nMochilas de agua<br \/>\nMochilas para cargar objetos<br \/>\nRadio Comunicador<br \/>\nGuantes para bomberos<\/p>\n<p>Colaboran la Fundaci\u00f3n Creciendo en Pilar, Comprometidas Asociaci\u00f3n Civil, Lazos Solidarios, El Term\u00f3metro Informativo, Pilar Hoy Noticias, Qu\u00e1sar Comunicaci\u00f3n, entre otros.<\/p>\n<p>M\u00e1s info en <a href=\"https:\/\/linktr.ee\/costureraspilar\"> https:\/\/linktr.ee\/costureraspilar<\/a> o por whatsapp al 11 6742 7635 o escribiendo <a href=\"mailto:costureraspilar@gmail.com\"> costureraspilar@gmail.com<\/a><\/p>\n<p><b> El trabajo de la Red<\/b><\/p>\n<p>La <strong>Red de Costureras Solidarias de Pilar<\/strong> es un proyecto colaborativo surgido del trabajo en equipo entre diversas instituciones y un gran n\u00famero de costureras de todos los barrios de Pilar. All\u00e1 por marzo de 2020, cuando comenzaban a surgir los primeros casos de coronavirus en el pa\u00eds y se decretaba el Aislamiento Social Preventivo y Obligatorio, un grupo de instituciones y voluntarios se uni\u00f3 con la coordinaci\u00f3n de <strong>Pilar Emprende<\/strong>\u00a0 para darle nacimiento a la red.<\/p>\n<p>Toda esta gran tarea de trabajo en equipo llev\u00f3 al proyecto a ser uno de los finalistas del Premio Abanderados de Canal 13 en su edici\u00f3n especial Covid-19.<\/p>\n<p>Ya llevan confeccionados m\u00e1s de 71 mil tapabocas y contin\u00faan confeccionando y donando ante esta segunda ola de coronavirus. Los voluntarios de la red distribuyen los insumos y cada costurera, desde su domicilio confecciona los tapabocas que luego son entregados a instituciones de la zona para llegar a los vecinos que los necesitan.<\/p>\n<p>Adem\u00e1s, ya confeccionaron y donaron casi 500 kits de cuidado para un regreso seguro a las aulas. Los kits son para ni\u00f1os y contienen bolsita de g\u00e9nero, toalla, tapaboca y alcohol en gel o al 70%.<\/p>\n<p>Para Pascuas brindaron talleres de Elaboraci\u00f3n de Huevos de Pascuas y donaron huevitos a los ni\u00f1os de barrios carecientes de Pilar.<\/p>\n<p>Comenzamos con los talleres de introducci\u00f3n a la costura en los barrios para capacitar a nuevas emprendedoras textiles y brindarles oportunidades laborales y de crecimiento de sus proyectos.<\/p>\n<p>En este momento pusieron en marcha un Proyecto de Confecci\u00f3n de Toallitas Ecol\u00f3gicas de tela para adolescentes que se entregar\u00e1n junto con una charla para ense\u00f1arles a utilizarlas correctamente y a hacer las propias.<\/p>\n<p>Los proyectos de la red tratan de fomentar el cuidado del medio ambiente reciclando y reutilizando tela y otros desechos. Fomentamos a los emprendedores en el suprarreciclaje o tambi\u00e9n conocido como reutilizaci\u00f3n creativa, se basa en el uso de materiales desechados recuperados para lograr productos que contin\u00faen en la econom\u00eda circular.<\/p>\n<p>Desde el Taller de la Red un grupo de emprendedores confecciona este tipo de productos que se venden en ferias y con el dinero recaudado se le paga al emprendedor y un porcentaje ingresa a la red para comprar insumos y herramientas para continuar haciendo para donar.<\/p>\n<p>Como siempre reciben donaciones de insumos de todo tipo: telas, retazos, hilos, agujas, etc.<\/p>\n<p><strong><em> Por otras im\u00e1genes, audios o entrevistas no dude en contactarse<\/em><\/strong><\/p>\n<p><strong><em> Contactos de Prensa<\/em><\/strong><\/p>\n<table width=\"100%\">\n<tbody>\n<tr>\n<td width=\"50%\"><strong> Candela Villanueva &#8211; Asistente de Cuentas<\/strong><\/p>\n<p><b> Directo<\/b><strong>: <\/strong> 0230-4664772<br \/>\n<b> Skype:<\/b> quasarcomunicacion<br \/>\n<b> Instagram<\/b>: @quasarcomunicacion<br \/>\n<b> Twitter:<\/b> @quasarpilar<br \/>\n<b> Gr<\/b><b>upo y p\u00e1gina en Facebook: <\/b> www.facebook.com\/<a href=\"mailto:mfipata@gmail.com\">Quasar<\/a>Comunicacion<br \/>\n<b> Web:<\/b> <a href=\"http:\/\/www.quasarcomunicacion.com.ar\"> www.quasarcomunicacion.com.ar<\/a><\/p>\n<p><b> Mail<\/b><strong>:<\/strong> <a href=\"mailto:fernanda@quasarcomunicacion.com.ar\"> candela<\/a><a href=\"mailto:fernanda@quasarcomunicacion.com.ar\">@quasarcomunicacion.com.ar<\/a><\/td>\n<td width=\"50%\"><strong> Lic. Mar\u00eda Fernanda Ipata &#8211; Directora<br \/>\n<\/strong> <b><br \/>\n<\/b> <b> M\u00f3vil:<\/b> 0230-15-4584535<br \/>\n<b> Whatsapp<\/b><b>:<\/b><a href=\"https:\/\/bit.ly\/2J4cUvm\"> 11 5312 6795<\/a><br \/>\n<a href=\"https:\/\/bit.ly\/2Sn1zLP\"> Enviar whatsapp aqu\u00ed<\/a><br \/>\n<b> Skype:<\/b> quasarcomunicacion<br \/>\n<b> LinkedIn<\/b><strong>:\u00a0 <\/strong> <strong> <a href=\"http:\/\/www.linkedin.com\/in\/mfipata\"> http:\/\/www.linkedin.com\/in\/mfipata<\/a><\/strong><br \/>\n<a href=\"https:\/\/www.linkedin.com\/company\/quasarcomunicacion\"> https:\/\/www.linkedin.com\/company\/quasarcomunicacion<\/a><br \/>\n<b> Instagram y Facebook:<\/b> @quasarcomunicacion <b><br \/>\nWeb:<\/b> <a href=\"http:\/\/www.quasarcomunicacion.com.ar\"> www.quasarcomunicacion.com.ar<\/a><br \/>\n<b> Mail<\/b><strong>:<\/strong><a href=\"mailto:fernanda@quasarcomunicacion.com.ar\"> fernanda@quasarcomunicacion.com.ar<\/a><br \/>\n<b> Telegram: https:\/\/t.me\/QuasarComunicacion<\/b><br \/>\n<b> Canal de Telegram para acceder a comunicados:<\/b> https:\/\/t.me\/comunicadosQC<\/td>\n<\/tr>\n<\/tbody>\n<\/table>\n","protected":false},"excerpt":{"rendered":"<p>Buenos Aires (24\/02\/2022) &#8211; Coordinados por la Red de Costureras Solidarias de Pilar junto a la Asociaci\u00f3n Solidaria 8 de [&hellip;]<\/p>\n","protected":false},"author":2,"featured_media":11665,"comment_status":"closed","ping_status":"closed","sticky":false,"template":"","format":"standard","meta":[],"categories":[2],"tags":[],"_links":{"self":[{"href":"https:\/\/quasarcomunicacion.com.ar\/web\/wp-json\/wp\/v2\/posts\/11666"}],"collection":[{"href":"https:\/\/quasarcomunicacion.com.ar\/web\/wp-json\/wp\/v2\/posts"}],"about":[{"href":"https:\/\/quasarcomunicacion.com.ar\/web\/wp-json\/wp\/v2\/types\/post"}],"author":[{"embeddable":true,"href":"https:\/\/quasarcomunicacion.com.ar\/web\/wp-json\/wp\/v2\/users\/2"}],"replies":[{"embeddable":true,"href":"https:\/\/quasarcomunicacion.com.ar\/web\/wp-json\/wp\/v2\/comments?post=11666"}],"version-history":[{"count":2,"href":"https:\/\/quasarcomunicacion.com.ar\/web\/wp-json\/wp\/v2\/posts\/11666\/revisions"}],"predecessor-version":[{"id":11668,"href":"https:\/\/quasarcomunicacion.com.ar\/web\/wp-json\/wp\/v2\/posts\/11666\/revisions\/11668"}],"wp:featuredmedia":[{"embeddable":true,"href":"https:\/\/quasarcomunicacion.com.ar\/web\/wp-json\/wp\/v2\/media\/11665"}],"wp:attachment":[{"href":"https:\/\/quasarcomunicacion.com.ar\/web\/wp-json\/wp\/v2\/media?parent=11666"}],"wp:term":[{"taxonomy":"category","embeddable":true,"href":"https:\/\/quasarcomunicacion.com.ar\/web\/wp-json\/wp\/v2\/categories?post=11666"},{"taxonomy":"post_tag","embeddable":true,"href":"https:\/\/quasarcomunicacion.com.ar\/web\/wp-json\/wp\/v2\/tags?post=11666"}],"curies":[{"name":"wp","href":"https:\/\/api.w.org\/{rel}","templated":true}]}}