{"id":1166,"date":"2012-12-07T18:59:48","date_gmt":"2012-12-07T18:59:48","guid":{"rendered":"http:\/\/quasarcomunicacion.wordpress.com\/?p=1166"},"modified":"2012-12-07T18:59:48","modified_gmt":"2012-12-07T18:59:48","slug":"valeria-macedo-recibio-el-premio-al-educador-del-ano-del-polo-educativo-pilar","status":"publish","type":"post","link":"https:\/\/quasarcomunicacion.com.ar\/web\/valeria-macedo-recibio-el-premio-al-educador-del-ano-del-polo-educativo-pilar\/","title":{"rendered":"Valeria Macedo recibi\u00f3 el Premio al Educador del A\u00f1o del Polo Educativo Pilar"},"content":{"rendered":"<p style=\"text-align:left;\" align=\"center\">En una ceremonia que tuvo lugar el pasado mi\u00e9rcoles 21 de noviembre en el Auditorio del Campus de la Universidad del Salvador, el Polo Educativo Pilar entreg\u00f3 el premio al Educador del A\u00f1o. La ganadora fue Valeria Macedo, del Bede`s Gramma School.<!--more--><\/p>\n<p>De esta manera, por cuarto a\u00f1o consecutivo se entreg\u00f3 el\u00a0<b>Premio al Educador del A\u00f1o<\/b>\u00a0que es otorgado por el\u00a0<b>Polo Educativo Pilar<\/b>\u00a0con el fin de consagrar las buenas pr\u00e1cticas docentes, la profesionalizaci\u00f3n de la tarea diaria, el honrar la profesi\u00f3n y el ofrecer una capacitaci\u00f3n especial.<br \/>\nEn esta ocasi\u00f3n, el concurso fue abierto a los tres niveles de ense\u00f1anza y debi\u00f3 girar sobre Neurociencia y Motivaci\u00f3n. Los tres finalistas fueron Valeria Macedo, Mar\u00eda In\u00e9s Macchi y Emiliano Villagra<br \/>\nEl jurado destac\u00f3 los tres trabajos finales, aclarando que \u00abla selecci\u00f3n se bas\u00f3 en la construcci\u00f3n total, integral del trabajo, no solo en los conceptos sino tambi\u00e9n en la calidad de la redacci\u00f3n y la presentaci\u00f3n.\u00a0 Los tres trabajos respondieron a esos objetivos, pero hubo uno que se destac\u00f3 en su producci\u00f3n por la buena fundamentaci\u00f3n te\u00f3rica de las propuestas que presentaba en el trabajo, profundizada en los conceptos de neurociencia asociados a la motivaci\u00f3n\u00bb, asegur\u00f3 la Lic. Marcela Raggi miembro del jurado y docente de la Universidad del Salvador,<br \/>\nA su vez, hizo hincapi\u00e9 en que \u00abel trabajo ganador justific\u00f3 de manera pertinente las intervenciones docentes que propon\u00eda y eso fue otro punto importante a tener en cuenta\u00bb.<br \/>\nPor otra parte, asegur\u00f3 que \u00abla fortaleza del trabajo es el buen nivel de coherencia y cohesi\u00f3n manteniendo un registro adecuado en toda la extensi\u00f3n del mismo. Adem\u00e1s, con los tres finalistas hemos tenido una entrevista personal y apreciamos los objetivos, el deseo y la motivaci\u00f3n que los tres pusieron en el trabajo. Destaco en los tres el compromiso propuesto invitando a todos los docentes a que en la edici\u00f3n 2013 se presenten porque la docencia se enriquece no s\u00f3lo con el ejercicio \u00e1ulico sino tambi\u00e9n con la expresi\u00f3n escrita que podemos hacer del mismo\u00bb,destac\u00f3 la Lic. Marcela Raggi.<br \/>\nPara finalizar, dijo que \u00abquiero aclarar que lo que se destac\u00f3 en este trabajo fue la coherencia total desde los objetivos que la docente se propuso y la forma de plasmarlo sobre escrito y sobre todo la pasi\u00f3n que supo transmitir de c\u00f3mo encara la tarea docente y creo que esto es el plus que tiene su trabajo. La felicito en nombre de los componentes del jurado\u00bb<br \/>\n&nbsp;<br \/>\n<span style=\"font-family:Verdana;font-size:small;\">Tras esta devoluci\u00f3n, la docente Valeria Macedo, asegur\u00f3 muy emocionada que \u00ablo primero que se me viene a la cabeza es que me siento muy afortunada, porque me gusta tanto lo que hago y que adem\u00e1s me den un premio por eso, me parece incre\u00edble\u00bb<\/span><br \/>\n<span style=\"font-family:Verdana;font-size:small;\">Luego de los agradecimientos de rigor, agradeci\u00f3 especialmente al Polo Educativo por tener un objetivo poco visto, que es fomentar la buena pr\u00e1ctica docente Tambi\u00e9n agradeci\u00f3 al jurado la devoluci\u00f3n<\/span><br \/>\n<span style=\"font-family:Verdana;font-size:small;\">Macedo dijo, \u00abgracias a los docentes que a pesar de todo dedican su vida a esta profesi\u00f3n y lo hacen con tanto cari\u00f1o. Por \u00faltimo quer\u00eda hacer una reflexi\u00f3n respecto del trabajo presentado acerca de las neurociencias y la educaci\u00f3n. Por suerte la ciencia nos pone en las manos elementos valios\u00edsimos acerca del cerebro humano y lo que sucede en el cerebro durante el proceso de aprendizaje. A mi me parece que la educaci\u00f3n necesita un cambio, me parece que estamos en un proceso de transformaci\u00f3n y si queremos aulas donde suceda el verdadero aprendizaje debemos dirigirnos hacia una educaci\u00f3n que est\u00e9 m\u00e1s basada en el cerebro\u00bb<\/span><br \/>\n<span style=\"font-family:Verdana;font-size:small;\">Finaliz\u00f3 invitando \u00aba toda la comunidad educativa, a los pap\u00e1s , a los chicos, a los docentes a que descubran y exploren el mundo de las neurociencias porque ver\u00e1n que es un camino incre\u00edble en la educaci\u00f3n<br \/>\nEs un camino sin retorno, pero es un camino de verdadero aprendizaje\u00bb<\/span><br \/>\n<b><span style=\"font-family:Verdana;font-size:small;\">Los ganadores de los \u00faltimos a\u00f1os<\/span><\/b><br \/>\n<span style=\"font-size:small;\">En esta oportunidad, la ganadora fue la docente Valeria Macedo, del\u00a0<\/span><span style=\"font-family:Verdana;font-size:small;\">Bede\u00b4s Grammar School<\/span><span style=\"font-size:small;\">, quien se suma a K<\/span><span style=\"font-size:small;\">arina Araceli Seifert, docente del Dailan School &amp; Sports (ganadora 2011), Mirta Frank (2010) y Mariela Laura Mellado (2009)<\/span><br \/>\n<span style=\"font-size:small;\">El premio consiste en un viaje a Estados Unidos por dos semanas para interactuar con docentes de ese pa\u00eds y visitar escuelas a fin de compartir a su regreso la experiencia con el resto de los docentes.<\/span><br \/>\n<b><span style=\"font-family:Verdana;font-size:small;\">Acerca de los finalistas<\/span><\/b><br \/>\n<span style=\"font-family:Verdana;font-size:small;\">\u201cSCARLETT O.\u201d Su nombre es Valeria Macedo, es Profesora Nacional de Ingl\u00e9s egresada del Instituto Nacional del Profesorado Joaqu\u00edn V. Gonz\u00e1lez. Posee el First Certificate in English, IGCSE First Language English, IGCSE English Literature, IGCSE Biology y IGCSE History todos de la Universidad de Cambridge. Es casada, dos hijos y actualmente se desempe\u00f1a como docente en Bede\u2019s Grammar School ense\u00f1ando IGCSE first Language English, IGCSE English Literature y Social Studies en la Escuela Secundaria<\/span><br \/>\n<span style=\"font-family:Verdana;font-size:small;\">\u201cELSA BER\u201d. Su nombre es Mar\u00eda In\u00e9s Macchi. Es Profesora de Ense\u00f1anza Primaria, Licenciada en Gesti\u00f3n de la Calidad Educativa de la Universidad del Salvador y Psic\u00f3loga Social de la Escuela Argentina de Psicolog\u00eda Social. Es Analista en Grafolog\u00eda. Actualmente es Secretaria Docente\/Administrativa en el St. Matthew\u2019s College North, Coordinadora del \u00e1rea pedag\u00f3gica y L\u00edder de Proyecto en creaci\u00f3n de material did\u00e1ctico y tecnolog\u00eda para e-learning y autoaprendizaje.<\/span><br \/>\n<span style=\"font-family:Verdana;font-size:small;\">\u201cFULCO\u201d. Su nombre es Emiliano Villagra, es Licenciado en Gesti\u00f3n Educativa con especializaci\u00f3n en Investigaci\u00f3n Educacional de la Universidad Nacional de Lan\u00fas, es Profesor Especializado en Ense\u00f1anza Media y Superior de Ciencias Antropol\u00f3gicas de la Facultad de Filosof\u00eda y Letras de la UBA. Actualmente se desempe\u00f1a como Profesor de Historia, Sociolog\u00eda, Pol\u00edtica y Ciudadan\u00eda, Formaci\u00f3n \u00c9tica y Ciudadana, Filosof\u00eda, y otras materias de Ciencias Sociales en el Godspell College.<\/span><\/p>\n","protected":false},"excerpt":{"rendered":"<p>En una ceremonia que tuvo lugar el pasado mi\u00e9rcoles 21 de noviembre en el Auditorio del Campus de la Universidad [&hellip;]<\/p>\n","protected":false},"author":2,"featured_media":0,"comment_status":"open","ping_status":"open","sticky":false,"template":"","format":"standard","meta":[],"categories":[2],"tags":[],"_links":{"self":[{"href":"https:\/\/quasarcomunicacion.com.ar\/web\/wp-json\/wp\/v2\/posts\/1166"}],"collection":[{"href":"https:\/\/quasarcomunicacion.com.ar\/web\/wp-json\/wp\/v2\/posts"}],"about":[{"href":"https:\/\/quasarcomunicacion.com.ar\/web\/wp-json\/wp\/v2\/types\/post"}],"author":[{"embeddable":true,"href":"https:\/\/quasarcomunicacion.com.ar\/web\/wp-json\/wp\/v2\/users\/2"}],"replies":[{"embeddable":true,"href":"https:\/\/quasarcomunicacion.com.ar\/web\/wp-json\/wp\/v2\/comments?post=1166"}],"version-history":[{"count":0,"href":"https:\/\/quasarcomunicacion.com.ar\/web\/wp-json\/wp\/v2\/posts\/1166\/revisions"}],"wp:attachment":[{"href":"https:\/\/quasarcomunicacion.com.ar\/web\/wp-json\/wp\/v2\/media?parent=1166"}],"wp:term":[{"taxonomy":"category","embeddable":true,"href":"https:\/\/quasarcomunicacion.com.ar\/web\/wp-json\/wp\/v2\/categories?post=1166"},{"taxonomy":"post_tag","embeddable":true,"href":"https:\/\/quasarcomunicacion.com.ar\/web\/wp-json\/wp\/v2\/tags?post=1166"}],"curies":[{"name":"wp","href":"https:\/\/api.w.org\/{rel}","templated":true}]}}