{"id":11637,"date":"2022-01-25T12:38:53","date_gmt":"2022-01-25T12:38:53","guid":{"rendered":"https:\/\/quasarcomunicacion.com.ar\/web\/?p=11637"},"modified":"2022-01-25T12:38:53","modified_gmt":"2022-01-25T12:38:53","slug":"el-polo-educativo-pilar-beca-a-docentes-para-participar-del-xviii-congreso-de-educacion-en-formato-blend","status":"publish","type":"post","link":"https:\/\/quasarcomunicacion.com.ar\/web\/el-polo-educativo-pilar-beca-a-docentes-para-participar-del-xviii-congreso-de-educacion-en-formato-blend\/","title":{"rendered":"El Polo Educativo Pilar beca a docentes para participar del\u00a0 XVIII Congreso de Educaci\u00f3n en formato blend"},"content":{"rendered":"<p>El <strong>Polo Educativo Pilar<\/strong> contin\u00faa con las inscripciones para participar del <strong> XVIII Congreso de Educaci\u00f3n<\/strong> el 16, 17 y 18 de febrero de 2022 en formato presencial y virtual bajo el t\u00edtulo <strong>\u201cBig Bang: en busca de nuevos Ecosistemas de Aprendizaje\u201d.\u00a0<\/strong> Informes y consultas escribiendo a <a href=\"mailto:info@poloeducativopilar.org.ar\"> info@poloeducativopilar.org.ar<\/a> Como cada a\u00f1o, los docentes, directivos y profesionales de Colegios asociados al Polo Educativo Pilar y de escuelas de gesti\u00f3n p\u00fablica de Pilar participan sin cargo, s\u00f3lo es requisito inscribirse en <a href=\"https:\/\/poloeducativopilar.wixsite.com\/congreso2022\/inscripcion\"> https:\/\/poloeducativopilar.wixsite.com\/congreso2022\/inscripcion<\/a>\u00a0 o ingresando en <a href=\"http:\/\/www.poloeducativopilar.org.ar\">www.poloeducativopilar.org.ar<\/a><!--more--><\/p>\n<p>Colegios asociados al Polo Educativo Pilar y Escuelas de gesti\u00f3n p\u00fablica de Pilar:<\/p>\n<p><a href=\"https:\/\/www.congresovirtual.ar\/pltfrm\/Inscripciones.aspx?PlanillaInscripcion_CabId=26\" data-saferedirecturl=\"https:\/\/www.google.com\/url?q=https:\/\/www.congresovirtual.ar\/pltfrm\/Inscripciones.aspx?PlanillaInscripcion_CabId%3D26&amp;source=gmail&amp;ust=1643199971522000&amp;usg=AOvVaw2F3K4e64dKOvvJNPFn0xQe\"> https:\/\/www.congresovirtual.ar\/pltfrm\/Inscripciones.aspx?PlanillaInscripcion_CabId=26<\/a><br \/>\n<a href=\"https:\/\/quasarcomunicacion.com.ar\/web\/wp-content\/uploads\/2020\/02\/auditorio-1.gif\"><img class=\"alignnone\" src=\"https:\/\/quasarcomunicacion.com.ar\/web\/wp-content\/uploads\/2020\/02\/auditorio-1.gif\" \/><\/a><\/p>\n<p>Para profesionales independientes, docentes, directivos de otras instituciones \u00a0educativas no abarcadas en los puntos anteriores:<\/p>\n<p><a href=\"https:\/\/www.congresovirtual.ar\/pltfrm\/Inscripciones.aspx?PlanillaInscripcion_CabId=27\" data-saferedirecturl=\"https:\/\/www.google.com\/url?q=https:\/\/www.congresovirtual.ar\/pltfrm\/Inscripciones.aspx?PlanillaInscripcion_CabId%3D27&amp;source=gmail&amp;ust=1643199971522000&amp;usg=AOvVaw0J7L_wTEv7g8KjGbgXGCv5\"> https:\/\/www.congresovirtual.ar\/pltfrm\/Inscripciones.aspx?PlanillaInscripcion_CabId=27<\/a><\/p>\n<p>El evento que contar\u00e1 con expositores de primer nivel est\u00e1 dirigido a directivos y docentes de institutos de ense\u00f1anza de gesti\u00f3n p\u00fablica y privada, investigadores y profesionales relacionados con la educaci\u00f3n.<\/p>\n<p>En formato blend, las actividades comenzar\u00e1n el mi\u00e9rcoles 16 de febrero con dos charlas de manera presencial y s\u00f3lo con inscripci\u00f3n previa por cuestiones de aforo y protocolo. A las 10 hs en la Universidad Austral (Mariano Acosta 1611, Pilar) tendr\u00e1 lugar el taller \u00abAutoevaluaci\u00f3n de Instituciones Educativas) a cargo de Angela Corengia y Karina Brahim. A las 11\u00a0 hs, ser\u00e1 el momento de la charla en el Campus de la Universidad del Salvador (Champagnat 1599), en la que Gabriela Renault abordar\u00e1 el tema \u201cEl Big Bang de los aprendizajes, acompa\u00f1ar, arropar para ser aut\u00f3nomos\u201d.<\/p>\n<p>El jueves 17 por la ma\u00f1ana las actividades se realizar\u00e1n de manera presencial en el Auditorio del Campus de la Universidad del Salvador (USAL) donde tendr\u00e1 lugar la apertura oficial y tres charlas exclusivas para docentes, directivos del PEP e invitados especiales. Tanto la apertura como las tres charlas tambi\u00e9n podr\u00e1n seguirse virtualmente.<\/p>\n<p>Esas charlas ser\u00e1n:<\/p>\n<p>A las 9.30 Mercedes Miguel abordar\u00e1 el tema \u201cEnjaulados: la imperiosa necesidad de liberar el aprendizaje\u201d. A las 11 hs, Santiago Bellomo dar\u00e1 la conferencia \u201cTradici\u00f3n e innovaci\u00f3n en el nuevo escenario educativo\u201d.<\/p>\n<p>A las 12:15 hs ser\u00e1 el turno, una vez m\u00e1s, de Grace Bertolini con su ponencia \u201cEl talento se puede desarrollar: impulsemos el esfuerzo, los desaf\u00edos y la persistencia para fortalecer una Mentalidad de Crecimiento en tu escuela\u201d.<\/p>\n<p>El resto de las actividades ser\u00e1n virtuales seg\u00fan el siguiente cronograma:<\/p>\n<p>A las 15:30 hs Andrea Saporitti abordar\u00e1 el tema \u00abEl proceso de re- vinculaci\u00f3n desde una mirada integral\u00bb. Sigue a las 16.45 Rufina Pearson con la charla \u00abUna alfabetizaci\u00f3n eficaz\u00bb. Para finalizar a las 18 hs con Sergio Sinay y \u201c\u00bfQui\u00e9n educa a nuestros hijos?. Reconstrucci\u00f3n de la sociedad Hogar-Escuela\u00bb.<\/p>\n<p>La \u00faltima jornada ser\u00e1 el viernes 18 de febrero de manera virtual.<\/p>\n<p>Comenzar\u00e1 a las 9 hs con la ponencia de H\u00e9ctor Ru\u00edz Mart\u00edn con el tema \u00abAprendiendo a aprender. Una aproximaci\u00f3n cient\u00edfica\u00bb. Contin\u00faa a las 10:30 hs Mar\u00eda In\u00e9s Montserrat y el tema \u00abRepensar la escuela: \u00bfQu\u00e9 cambi\u00f3 y qu\u00e9 queremos cambiar?\u00bb.<\/p>\n<p>A las 11.45 hs, Guillermo Jaim Etcheverry vuelve al Congreso de Educaci\u00f3n organizado por el Polo Educativo Pilar para hablar de \u00abEducaci\u00f3n. La tragedia contin\u00faa\u00bb.<\/p>\n<p>Por la tarde, a las 14.40 hs, Sabino Garc\u00eda y Alejandro Almaz\u00e1n hablar\u00e1n de \u201cSoluciones para transformar la educaci\u00f3n con Google for Education\u201d. A las 15.30 hs, Mar\u00eda Laura S\u00e1nchez abordar\u00e1 el tema \u00abSin equipo, no se potencia la creatividad. En la b\u00fasqueda de docentes sincronizados para lograr pensamientos creativos\u00bb. Y por \u00faltimo, a las 16.45 hs Florencia Salvarezza dar\u00e1 la charla \u201cModelos educativos basados en la evidencia\u201d.<\/p>\n<p>Este a\u00f1o, adem\u00e1s de contar con la presencia de prestigiosos profesionales, se realizar\u00e1 el Encuentro Anual de Educaci\u00f3n F\u00edsica en el Colegio Oakhill (Patricias Argentinas 3250 &#8211; Del Viso). Este encuentro tendr\u00e1 un taller con actividades pr\u00e1cticas y una capacitaci\u00f3n a cargo de Luc\u00eda Spragon sobre motivaci\u00f3n e inteligencia deportiva y estimulaci\u00f3n cognitiva en deportistas.<\/p>\n<p>Adem\u00e1s, durante el Congreso los docentes tendr\u00e1n la posibilidad de acceder a un espacio virtual en el que profesionales compartir\u00e1n proyectos, talleres, experiencias, recursos para la mejora de la ense\u00f1anza, experiencias y pr\u00e1cticas en innovaci\u00f3n educativa que pueden enriquecer tu trabajo diario.<\/p>\n<p>Para m\u00e1s informaci\u00f3n escribir a info@poloeducativopilar.org.ar o a trav\u00e9s de la p\u00e1gina web <a href=\"http:\/\/www.poloeducativopilar.org.ar\"> www.poloeducativopilar.org.ar<\/a>. Tambi\u00e9n podr\u00e1 hacer consultas en Facebook o instagram @poloeducativo<\/p>\n<table width=\"100%\">\n<tbody>\n<tr>\n<td width=\"50%\"><strong> Candela Villanueva &#8211; Ejecutiva de Cuentas<\/p>\n<p><\/strong> <b> Directo<\/b><strong>: <\/strong> 0230-4664772<br \/>\n<b> Skype:<\/b> quasarcomunicacion<br \/>\n<b> Instagram<\/b>: @quasarcomunicacion<br \/>\n<b> Twitter:<\/b> @quasarpilar<br \/>\n<b> Gr<\/b><b>upo y p\u00e1gina en Facebook: <\/b> www.facebook.com\/<a href=\"mailto:mfipata@gmail.com\">Quasar<\/a>Comunicacion<br \/>\n<b> Web:<\/b> <a href=\"http:\/\/www.quasarcomunicacion.com.ar\"> www.quasarcomunicacion.com.ar<\/a><\/p>\n<p><b> Mail<\/b><strong>:<\/strong> <a href=\"mailto:fernanda@quasarcomunicacion.com.ar\"> candela<\/a><a href=\"mailto:fernanda@quasarcomunicacion.com.ar\">@quasarcomunicacion.com.ar<\/a><\/td>\n<td width=\"50%\"><strong> Lic. Mar\u00eda Fernanda Ipata &#8211; Directora<br \/>\n<\/strong> <b><br \/>\n<\/b> <b> M\u00f3vil:<\/b> 0230-15-4584535<br \/>\n<b> Whatsapp<\/b><b>:<\/b><a href=\"https:\/\/bit.ly\/2J4cUvm\"> 11 5312 6795<\/a><br \/>\n<a href=\"https:\/\/bit.ly\/2Sn1zLP\"> Enviar whatsapp aqu\u00ed<\/a><br \/>\n<b> Skype:<\/b> quasarcomunicacion<br \/>\n<b> LinkedIn<\/b><strong>:\u00a0 <\/strong> <strong> <a href=\"http:\/\/www.linkedin.com\/in\/mfipata\"> http:\/\/www.linkedin.com\/in\/mfipata<\/a><\/strong><br \/>\n<a href=\"https:\/\/www.linkedin.com\/company\/quasarcomunicacion\"> https:\/\/www.linkedin.com\/company\/quasarcomunicacion<\/a><br \/>\n<b> Instagram y Facebook:<\/b> @quasarcomunicacion <b><br \/>\nWeb:<\/b> <a href=\"http:\/\/www.quasarcomunicacion.com.ar\"> www.quasarcomunicacion.com.ar<\/a><br \/>\n<b> Mail<\/b><strong>:<\/strong><a href=\"mailto:fernanda@quasarcomunicacion.com.ar\"> fernanda@quasarcomunicacion.com.ar<\/a><br \/>\n<b> Canal de Telegram para acceder a comunicados:<\/b> https:\/\/t.me\/comunicadosQC<\/td>\n<\/tr>\n<\/tbody>\n<\/table>\n<p><strong> Acerca del Polo Educativo Pilar<\/strong><\/p>\n<p>El\u00a0<strong>Polo Educativo Pilar\u00a0<\/strong>es una asociaci\u00f3n civil sin fines de lucro que fue fundada en el a\u00f1o 2002, que re\u00fane a instituciones educativas tanto p\u00fablicas como privadas y tiene como objetivo principal el promover y desarrollar la educaci\u00f3n, p\u00fablica y privada, en todo el distrito.<\/p>\n<p>La asociaci\u00f3n nace a partir de 1999 cuando los directivos de los j\u00f3venes colegios privados de Pilar, junto con los que llevaban m\u00e1s a\u00f1os en la ciudad, comienzan a reunirse para considerar sus problem\u00e1ticas comunes. Este hecho, in\u00e9dito en la educaci\u00f3n privada en la Argentina, alcanza un alto grado de sinergia cuando los Colegios deciden trazar un plan para convertir al Partido de Pilar en una localidad que sea conocida por su alto nivel educativo, tanto en las instituciones privadas como en las p\u00fablicas. Con esa idea, un grupo original de 14 Colegios de distintos niveles, funda el\u00a0<strong>Polo Educativo Pilar<\/strong>.<\/p>\n<p>Cabe destacar que entidad obtuvo su personer\u00eda jur\u00eddica en diciembre de 2004 bajo el Nro. 7000\/04 expedido por la Inspecci\u00f3n de Persona jur\u00eddica de la Provincia de Buenos Aires. En el a\u00f1o 2003 es declarada entidad de Bien P\u00fablico por el Municipio de Pilar por Decreto Municipal Nro. 6679\/2003.<\/p>\n","protected":false},"excerpt":{"rendered":"<p>El Polo Educativo Pilar contin\u00faa con las inscripciones para participar del XVIII Congreso de Educaci\u00f3n el 16, 17 y 18 [&hellip;]<\/p>\n","protected":false},"author":2,"featured_media":10028,"comment_status":"closed","ping_status":"closed","sticky":false,"template":"","format":"standard","meta":[],"categories":[2],"tags":[],"_links":{"self":[{"href":"https:\/\/quasarcomunicacion.com.ar\/web\/wp-json\/wp\/v2\/posts\/11637"}],"collection":[{"href":"https:\/\/quasarcomunicacion.com.ar\/web\/wp-json\/wp\/v2\/posts"}],"about":[{"href":"https:\/\/quasarcomunicacion.com.ar\/web\/wp-json\/wp\/v2\/types\/post"}],"author":[{"embeddable":true,"href":"https:\/\/quasarcomunicacion.com.ar\/web\/wp-json\/wp\/v2\/users\/2"}],"replies":[{"embeddable":true,"href":"https:\/\/quasarcomunicacion.com.ar\/web\/wp-json\/wp\/v2\/comments?post=11637"}],"version-history":[{"count":1,"href":"https:\/\/quasarcomunicacion.com.ar\/web\/wp-json\/wp\/v2\/posts\/11637\/revisions"}],"predecessor-version":[{"id":11638,"href":"https:\/\/quasarcomunicacion.com.ar\/web\/wp-json\/wp\/v2\/posts\/11637\/revisions\/11638"}],"wp:featuredmedia":[{"embeddable":true,"href":"https:\/\/quasarcomunicacion.com.ar\/web\/wp-json\/wp\/v2\/media\/10028"}],"wp:attachment":[{"href":"https:\/\/quasarcomunicacion.com.ar\/web\/wp-json\/wp\/v2\/media?parent=11637"}],"wp:term":[{"taxonomy":"category","embeddable":true,"href":"https:\/\/quasarcomunicacion.com.ar\/web\/wp-json\/wp\/v2\/categories?post=11637"},{"taxonomy":"post_tag","embeddable":true,"href":"https:\/\/quasarcomunicacion.com.ar\/web\/wp-json\/wp\/v2\/tags?post=11637"}],"curies":[{"name":"wp","href":"https:\/\/api.w.org\/{rel}","templated":true}]}}