{"id":11564,"date":"2021-12-17T14:52:07","date_gmt":"2021-12-17T14:52:07","guid":{"rendered":"https:\/\/quasarcomunicacion.com.ar\/web\/?p=11564"},"modified":"2021-12-17T14:54:03","modified_gmt":"2021-12-17T14:54:03","slug":"en-febrero-de-2022-el-polo-educativo-pilar-realizara-el-xviii-congreso-de-educacion-en-formato-blend","status":"publish","type":"post","link":"https:\/\/quasarcomunicacion.com.ar\/web\/en-febrero-de-2022-el-polo-educativo-pilar-realizara-el-xviii-congreso-de-educacion-en-formato-blend\/","title":{"rendered":"En febrero de 2022 el Polo Educativo Pilar realizar\u00e1 el XVIII Congreso de Educaci\u00f3n en formato blend"},"content":{"rendered":"<p>El <strong>Polo Educativo Pilar<\/strong> anunci\u00f3 la realizaci\u00f3n del<strong> XVIII Congreso de Educaci\u00f3n<\/strong> para el 16, 17 y 18 de febrero de 2022 en formato presencial y virtual bajo el t\u00edtulo <strong>\u201cBig Bang: en busca de nuevos Ecosistemas de Aprendizaje\u201d<\/strong>.\u00a0 Informes y consultas escribiendo a <a href=\"mailto:info@poloeducativopilar.org.ar\"> info@poloeducativopilar.org.ar<\/a><!--more--><\/p>\n<p>El evento que contar\u00e1 con expositores de primer nivel est\u00e1 dirigido a directivos y docentes de institutos de ense\u00f1anza de gesti\u00f3n p\u00fablica y privada, investigadores y profesionales relacionados con la educaci\u00f3n.<\/p>\n<p><a href=\"https:\/\/quasarcomunicacion.com.ar\/web\/wp-content\/uploads\/2020\/01\/auditorio3.gif\"><img class=\"aligncenter\" src=\"https:\/\/quasarcomunicacion.com.ar\/web\/wp-content\/uploads\/2020\/01\/auditorio3.gif\" \/><\/a><\/p>\n<p>En formato blend, las actividades comenzar\u00e1n el mi\u00e9rcoles 16 de febrero con una charla en el campus de la Universidad Austral y otra en la Universidad del Salvador.<\/p>\n<p>El jueves 17 por la ma\u00f1ana las actividades se realizar\u00e1n de manera presencial en el Auditorio del Campus de la Universidad del Salvador (USAL) donde tendr\u00e1 lugar la apertura oficial y tres charlas.<\/p>\n<p>El resto de las actividades ser\u00e1n virtuales. Todas las charlas del mi\u00e9rcoles y jueves se transmitir\u00e1n por el canal de youtube del <strong>Polo Educativo Pilar <\/strong>(suscribite aqu\u00ed https:\/\/www.youtube.com\/channel\/UC3AlMNIuFn7CVQd6E8lhzkA).<\/p>\n<p>Este a\u00f1o, adem\u00e1s de contar con la presencia de prestigiosos profesionales, se realizar\u00e1 el Encuentro Anual de Educaci\u00f3n F\u00edsica.<\/p>\n<p>Al momento est\u00e1n confirmados los siguientes oradores y temas:<\/p>\n<p>Bellomo, Santiago &#8211; \u201cTradici\u00f3n e innovaci\u00f3n en el nuevo escenario educativo\u201d.<\/p>\n<p>Bertolini, Grace &#8211; \u201cEl talento se puede desarrollar: impulsemos el esfuerzo, los desaf\u00edos y la persistencia para fortalecer una Mentalidad de Crecimiento en tu escuela\u201d.<\/p>\n<p>Corengia, Angela y Brahim, Karina &#8211; \u201cAutoevaluaci\u00f3n de Instituciones Educativas\u201d.<\/p>\n<p>Jaim Etcheverry, Guillermo &#8211; \u00abEducaci\u00f3n. La tragedia contin\u00faa\u00bb.<\/p>\n<p>Miguel, Mercedes &#8211; \u201cEnjaulados: la imperiosa necesidad de liberar el aprendizaje\u201d.<\/p>\n<p>Montserrat, Mar\u00eda In\u00e9s &#8211; \u201cRepensar la escuela: \u00bfqu\u00e9 cambi\u00f3 y qu\u00e9 queremos cambiar?\u201d.<\/p>\n<p>Pearson, Rufina &#8211; \u201cHacia una alfabetizaci\u00f3n eficaz: Qu\u00e9 y C\u00f3mo ense\u00f1ar a leer y escribir\u201d.<\/p>\n<p>Renault, Gabriela &#8211; \u201cEl big ban de los aprendizajes, acompa\u00f1ar, arropar para ser aut\u00f3nomos\u201d.<\/p>\n<p>Ruiz Mart\u00edn, H\u00e9ctor &#8211; \u00abAprendiendo a aprender. Una aproximaci\u00f3n cient\u00edfica\u00bb.<\/p>\n<p>Salvarezza, Florencia &#8211; \u201cModelos educativos basados en la evidencia\u201d.<\/p>\n<p>S\u00e1nchez, Mar\u00eda Laura &#8211; \u00abSin equipo, no se potencia la creatividad. En la b\u00fasqueda de docentes sincronizados para lograr pensamientos creativos\u00bb.<\/p>\n<p>Saporiti, Andrea -\u00abEl proceso de re- vinculaci\u00f3n desde una mirada integral\u00bb.<\/p>\n<p>Sinay, Sergio &#8211; \u00ab\u00bfQui\u00e9n educa a nuestros hijos?. Reconstrucci\u00f3n de la sociedad Hogar-Escuela\u00bb.<\/p>\n<p>Para m\u00e1s informaci\u00f3n escribir a info@poloeducativopilar.org.ar o a trav\u00e9s de la p\u00e1gina web <a href=\"http:\/\/www.poloeducativopilar.org.ar\"> www.poloeducativopilar.org.ar<\/a>. Tambi\u00e9n podr\u00e1 hacer consultas en Facebook o instagram @poloeducativo<\/p>\n<table width=\"100%\">\n<tbody>\n<tr>\n<td width=\"50%\"><strong> Candela Villanueva &#8211; Ejecutiva de Cuentas<\/strong><\/p>\n<p><b> Directo<\/b><strong>: <\/strong> 0230-4664772<br \/>\n<b> Skype:<\/b> quasarcomunicacion<br \/>\n<b> Instagram<\/b>: @quasarcomunicacion<br \/>\n<b> Twitter:<\/b> @quasarpilar<br \/>\n<b> Gr<\/b><b>upo y p\u00e1gina en Facebook: <\/b> www.facebook.com\/<a href=\"mailto:mfipata@gmail.com\">Quasar<\/a>Comunicacion<br \/>\n<b> Web:<\/b> <a href=\"http:\/\/www.quasarcomunicacion.com.ar\"> www.quasarcomunicacion.com.ar<\/a><\/p>\n<p><b> Mail<\/b><strong>:<\/strong> <a href=\"mailto:fernanda@quasarcomunicacion.com.ar\"> candela<\/a><a href=\"mailto:fernanda@quasarcomunicacion.com.ar\">@quasarcomunicacion.com.ar<\/a><\/td>\n<td width=\"50%\"><strong> Lic. Mar\u00eda Fernanda Ipata &#8211; Directora<br \/>\n<\/strong> <b><br \/>\n<\/b> <b> M\u00f3vil:<\/b> 0230-15-4584535<br \/>\n<b> Whatsapp<\/b><b>:<\/b><a href=\"https:\/\/bit.ly\/2J4cUvm\"> 11 5312 6795<\/a><br \/>\n<a href=\"https:\/\/bit.ly\/2Sn1zLP\"> Enviar whatsapp aqu\u00ed<\/a><br \/>\n<b> Skype:<\/b> quasarcomunicacion<br \/>\n<b> LinkedIn<\/b><strong>:\u00a0 <\/strong> <strong> <a href=\"http:\/\/www.linkedin.com\/in\/mfipata\"> http:\/\/www.linkedin.com\/in\/mfipata<\/a><\/strong><br \/>\n<a href=\"https:\/\/www.linkedin.com\/company\/quasarcomunicacion\"> https:\/\/www.linkedin.com\/company\/quasarcomunicacion<\/a><br \/>\n<b> Instagram y Facebook:<\/b> @quasarcomunicacion <b><br \/>\nWeb:<\/b> <a href=\"http:\/\/www.quasarcomunicacion.com.ar\"> www.quasarcomunicacion.com.ar<\/a><br \/>\n<b> Mail<\/b><strong>:<\/strong><a href=\"mailto:fernanda@quasarcomunicacion.com.ar\"> fernanda@quasarcomunicacion.com.ar<\/a><br \/>\n<b> Canal de Telegram para acceder a comunicados:<\/b> https:\/\/t.me\/comunicadosQC<\/td>\n<\/tr>\n<\/tbody>\n<\/table>\n<p><strong> Acerca del Polo Educativo Pilar<\/strong><\/p>\n<p>El\u00a0<strong>Polo Educativo Pilar\u00a0<\/strong>es una asociaci\u00f3n civil sin fines de lucro que fue fundada en el a\u00f1o 2002, que re\u00fane a instituciones educativas tanto p\u00fablicas como privadas y tiene como objetivo principal el promover y desarrollar la educaci\u00f3n, p\u00fablica y privada, en todo el distrito.<\/p>\n<p>La asociaci\u00f3n nace a partir de 1999 cuando los directivos de los j\u00f3venes colegios privados de Pilar, junto con los que llevaban m\u00e1s a\u00f1os en la ciudad, comienzan a reunirse para considerar sus problem\u00e1ticas comunes. Este hecho, in\u00e9dito en la educaci\u00f3n privada en la Argentina, alcanza un alto grado de sinergia cuando los Colegios deciden trazar un plan para convertir al Partido de Pilar en una localidad que sea conocida por su alto nivel educativo, tanto en las instituciones privadas como en las p\u00fablicas. Con esa idea, un grupo original de 14 Colegios de distintos niveles, funda el\u00a0<strong>Polo Educativo Pilar<\/strong>.<\/p>\n<p>Cabe destacar que entidad obtuvo su personer\u00eda jur\u00eddica en diciembre de 2004 bajo el Nro. 7000\/04 expedido por la Inspecci\u00f3n de Persona jur\u00eddica de la Provincia de Buenos Aires. En el a\u00f1o 2003 es declarada entidad de Bien P\u00fablico por el Municipio de Pilar por Decreto Municipal Nro. 6679\/2003.<\/p>\n","protected":false},"excerpt":{"rendered":"<p>El Polo Educativo Pilar anunci\u00f3 la realizaci\u00f3n del XVIII Congreso de Educaci\u00f3n para el 16, 17 y 18 de febrero [&hellip;]<\/p>\n","protected":false},"author":2,"featured_media":10798,"comment_status":"closed","ping_status":"closed","sticky":false,"template":"","format":"standard","meta":[],"categories":[2],"tags":[],"_links":{"self":[{"href":"https:\/\/quasarcomunicacion.com.ar\/web\/wp-json\/wp\/v2\/posts\/11564"}],"collection":[{"href":"https:\/\/quasarcomunicacion.com.ar\/web\/wp-json\/wp\/v2\/posts"}],"about":[{"href":"https:\/\/quasarcomunicacion.com.ar\/web\/wp-json\/wp\/v2\/types\/post"}],"author":[{"embeddable":true,"href":"https:\/\/quasarcomunicacion.com.ar\/web\/wp-json\/wp\/v2\/users\/2"}],"replies":[{"embeddable":true,"href":"https:\/\/quasarcomunicacion.com.ar\/web\/wp-json\/wp\/v2\/comments?post=11564"}],"version-history":[{"count":3,"href":"https:\/\/quasarcomunicacion.com.ar\/web\/wp-json\/wp\/v2\/posts\/11564\/revisions"}],"predecessor-version":[{"id":11567,"href":"https:\/\/quasarcomunicacion.com.ar\/web\/wp-json\/wp\/v2\/posts\/11564\/revisions\/11567"}],"wp:featuredmedia":[{"embeddable":true,"href":"https:\/\/quasarcomunicacion.com.ar\/web\/wp-json\/wp\/v2\/media\/10798"}],"wp:attachment":[{"href":"https:\/\/quasarcomunicacion.com.ar\/web\/wp-json\/wp\/v2\/media?parent=11564"}],"wp:term":[{"taxonomy":"category","embeddable":true,"href":"https:\/\/quasarcomunicacion.com.ar\/web\/wp-json\/wp\/v2\/categories?post=11564"},{"taxonomy":"post_tag","embeddable":true,"href":"https:\/\/quasarcomunicacion.com.ar\/web\/wp-json\/wp\/v2\/tags?post=11564"}],"curies":[{"name":"wp","href":"https:\/\/api.w.org\/{rel}","templated":true}]}}