{"id":11561,"date":"2021-12-16T12:46:13","date_gmt":"2021-12-16T12:46:13","guid":{"rendered":"https:\/\/quasarcomunicacion.com.ar\/web\/?p=11561"},"modified":"2021-12-16T12:46:13","modified_gmt":"2021-12-16T12:46:13","slug":"fiestas-pandemia-incertidumbre-y-el-estres-de-fin-de-ano","status":"publish","type":"post","link":"https:\/\/quasarcomunicacion.com.ar\/web\/fiestas-pandemia-incertidumbre-y-el-estres-de-fin-de-ano\/","title":{"rendered":"Fiestas, pandemia, incertidumbre y el estr\u00e9s de fin de a\u00f1o"},"content":{"rendered":"<p>Llega a su final un nuevo a\u00f1o, el segundo conviviendo con la pandemia que le puso un plus al estr\u00e9s normal para esta \u00e9poca. Ya sabemos que durante el fin de a\u00f1o es normal sentirse envuelto en un manojo de emociones que desencadena en mucho estr\u00e9s.<!--more--><\/p>\n<p>Luego de un 2020 que atraves\u00f3 la sociedad argentina y el mundo en general vino un 2021 que no cambi\u00f3 demasiado el panorama y que finaliza con m\u00e1s incertidumbre, nuevas cepas, restricciones, pase sanitario y mucho m\u00e1s.<\/p>\n<p>Fueron a\u00f1os particularmente dif\u00edciles. La pandemia por el COVID-19 trajo consigo un elevado nivel de preocupaci\u00f3n y miedo que se suman al cansancio y el estr\u00e9s de un a\u00f1o t\u00edpico. Desde el <strong>Centro de Estudios Especializados en Trastornos de Ansiedad (CEETA),<\/strong> consideran que estos factores funcionaron como un desencadenante para que los casos por ansiedad aumenten considerablemente, sobre todo para quienes est\u00e1n propensos a sufrirla.<\/p>\n<p><a href=\"https:\/\/quasarcomunicacion.com.ar\/web\/wp-content\/uploads\/2021\/12\/finano.gif\"><img class=\"aligncenter\" src=\"https:\/\/quasarcomunicacion.com.ar\/web\/wp-content\/uploads\/2021\/12\/finano.gif\" \/><\/a><\/p>\n<p>\u00abEstamos realmente todos los fines de a\u00f1o m\u00e1s ansiosos por el estr\u00e9s acumulado durante el a\u00f1o, las obligaciones y por supuesto en estos \u00faltimos dos a\u00f1os esto se ve potenciado por la llegada de la pandemia, la distancia social, el impedimento de socializar de manera normal, el regreso de las fiestas de fin de a\u00f1o con algunos o no tantos cuidados, etc\u00bb, expresa la licenciada Mart\u00ednez Castro, directora del <strong> Centro de Estudios Especializado en Trastornos de Ansiedad (CEETA).<\/strong><\/p>\n<p>\u00abDesde lo emocional socializar nos tranquiliza mucho, y no poder hacerlo con seguridad aumenta los niveles de estr\u00e9s. Si a esto le sumamos los problemas pol\u00edticos, la incertidumbre econ\u00f3mica, y el futuro de la pandemia que es tan incierto, las nuevas cepas, la efectividad de las vacunas. Todo esto se suma al cansancio \u00abnormal\u00bb y a fin de a\u00f1o hace explosi\u00f3n, aumentando el nivel de consulta\u00bb, agrega Mart\u00ednez Castro, experta en Trastornos de Ansiedad.<\/p>\n<p>La ansiedad puede corromper nuestra vida diaria a tal punto que nos puede dejar sin vida, sin la capacidad de trabajar, de circular, de establecer relaciones sociales, de estudiar, de transitar una vida familiar tranquila y saludable. La ansiedad es un s\u00edntoma, una sensaci\u00f3n, una ilusi\u00f3n que empieza de manera sana pero cuando aumentan sus niveles, comienza a generar s\u00edntomas preocupantes tanto f\u00edsicos como cognitivos y hace que la persona detenga su vida normal.<\/p>\n<p>Cuando la ansiedad se torna incapacitante, es cuando hay que recurrir a un especialista.<\/p>\n<p>\u00abAlgunos de los s\u00edntomas de alarma para consultar con un profesional son sufrir taquicardia, sudoraci\u00f3n, falta de aire, mareos, insomnio, problemas para dormir, irritabilidad, dificultad en la concentraci\u00f3n, falta de memoria, hasta llegar a una crisis de p\u00e1nico que lo llevar\u00e1 a evitar lugares y situaci\u00f3n transform\u00e1ndose en incapacitante para quien lo padece\u00bb, complementa la especialista.<\/p>\n<p>Desde el <strong> CEETA<\/strong> aseguran que \u00ablamentablemente cada vez ni\u00f1os m\u00e1s peque\u00f1os sufren esta clase de s\u00edntomas a trav\u00e9s de las manifestaciones infantiles como dificultades en el sue\u00f1o, problemas para alimentarse, problemas de sociabilizaci\u00f3n, irritabilidad, rabietas, dificultades para estudiar, para insertarse en la vida familiar. Esto se da desde preescolar, m\u00e1s si se da en una familia ansiosa\u00bb, agregan.<\/p>\n<p><a href=\"https:\/\/quasarcomunicacion.com.ar\/web\/wp-content\/uploads\/2020\/12\/navidad.gif\"><img class=\"aligncenter\" src=\"https:\/\/quasarcomunicacion.com.ar\/web\/wp-content\/uploads\/2020\/12\/navidad.gif\" \/><\/a><\/p>\n<p>Los trastornos de ansiedad se resuelven con la psicoterapia cognitivo conductual, de tipo breve y focalizada en el problema. En personas sumamente comprometidas con sus vidas, que ya est\u00e1n imposibilitadas, se medica al paciente para poder luego sacar la medicaci\u00f3n y lograr recuperar la calidad de vida.<\/p>\n<p>Es bueno saber que se da una plena recuperaci\u00f3n de los pacientes con trastornos de ansiedad, y cuando el paciente se recupera tiene una mejor calidad de vida que la que ten\u00eda antes de enfermar.<\/p>\n<p>Otro factor que aument\u00f3 las consultas fue la vuelta al trabajo y a la vida presencial.<\/p>\n<p>\u00abAl principio de la cuarentena el teletrabajo y el encierro impactaron de una manera muy fuerte porque fue un cambio abrupto, una necesidad de establecer un lugar de trabajo combinado con el lugar propio, la convivencia con el resto de la familia y esto exacerb\u00f3 la ansiedad en muchas personas. La contracara de esto fue que mucha gente que no pod\u00eda salir de la casa por problemas de ansiedad como ataques de p\u00e1nico, ansiedad generalizada o ansiedad social, se sinti\u00f3 aliviada porque pudieron quedarse protegidos detr\u00e1s de la pantalla, estableciendo distancia, evitando circular, unos se sent\u00edan m\u00e1s acogido y m\u00e1s seguro. Pero ahora ante la posibilidad de volver a lo presencial o de hacer un mix, semipresencial, vuelven a sentir ansiedad al sentirse expuestas nuevamente\u00bb, comenta Mart\u00ednez Castro.<\/p>\n<p>Se da que mucha gente no quiera volver a trabajar porque el hecho de volver hace que las personas se sientan m\u00e1s expuestas, que se sientan con la necesidad de circular, de subirse a un colectivo, a un taxi, etc.<\/p>\n<p>Por otro lado, el contacto con la tecnolog\u00eda hizo que muchas personas comenzan a consultar en redes sociales, o en internet sobre los s\u00edntomas que padec\u00eda. \u00abEsto aumenta el nivel de ansiedad. Siempre les decimos a nuestros pacientes que no consulten al Dr. Google porque hay demasiada informaci\u00f3n en internet y al no tener contexto ni conocimiento Google desinforma o sobreinforma y aumenta los niveles de temor, incertidumbre, duda, desconocimiento. Ese rol de diagnosticar, lo hacen los profesionales que son los que est\u00e1n preparados para eso, porque una persona puede tener un s\u00edntoma pero no tener cierto trastorno o enfermedad, solo por el s\u00edntoma no se pede diagnosticar\u00bb, agregan los profesionales.<\/p>\n<p>\u201cLo nuevo siempre trae incertidumbre y genera ansiedad en todas las personas, ahora lo nuevo es algo nunca vivido antes, no hay experiencias recientes anteriores que sirvan de base para saber c\u00f3mo ser\u00e1 esta \u201cnueva normalidad\u201d que ya est\u00e1 entre nosotros y esto aumenta los umbrales de ansiedad en toda la poblaci\u00f3n\u201d, indican desde el <strong>CEETA<\/strong>.<\/p>\n<p>Fue esperable que los repentinos cambios que se atravesaron en estos casi dos a\u00f1os de pandemia desembocaran en un aumento de la ansiedad e incertidumbre por saber qu\u00e9 suceder\u00e1 en adelante. Es por esto, que la Licenciada considera que \u201ces importante no adelantarse a los eventos que est\u00e1n por suceder. Aunque resulte dif\u00edcil, lo mejor es estar lo m\u00e1s presentes posibles con la conciencia en el momento que se est\u00e1 viviendo, m\u00e1s all\u00e1 de las inseguridades que puedan surgir sobre el futuro\u201d.<\/p>\n<p>Adicionalmente a estas preocupaciones, tambi\u00e9n se encuentran la angustia o frustraci\u00f3n de no poder compartir las fiestas con quienes se desee para seguir protegi\u00e9ndose. \u201cLas personas terminan adelant\u00e1ndose al futuro de manera negativa y surge un rebrote del trastorno de ansiedad generalizada\u00bb, expresa la licenciada Mart\u00ednez Castro.<\/p>\n<table width=\"90%\">\n<tbody>\n<tr>\n<td width=\"100%\"><em> El equipo de profesionales del <strong>CEETA<\/strong> est\u00e1 disponible para consultas o entrevistas sobre el tema <\/em> <a href=\"https:\/\/bit.ly\/2Sn1zLP\"> enviar whatsapp aqu\u00ed<\/a> <em> \u00a0<\/em><a href=\"https:\/\/bit.ly\/2J4cUvm\">11 5312 6795<\/a> <em> para concretarlas o enviar un mail a <a href=\"mailto:asistente@quasarcomunicacion.com.ar\"> candela@quasarcomunicacion.com.ar \u00a0<\/a><\/em><\/td>\n<\/tr>\n<\/tbody>\n<\/table>\n<p>Los profesionales aconsejan continuar con los protocolos para cuidarse unos a otros. La Licenciada considera que, \u201ces importante tener un pensamiento lo m\u00e1s realista posible, cuidarnos y saber que tenemos que ser precavidos\u201d. Por otro lado, la vida social vuelve a jugar un papel importante en las personas, por lo cual aconseja que se eduque e instruya sobre todo los m\u00e1s j\u00f3venes, quienes considera son los que m\u00e1s lo necesitan.<\/p>\n<p>\u201cLas personas entre 15 y 30 a\u00f1os no tienen la personalidad configurada, y b\u00e1sicamente su identidad se forma a trav\u00e9s de los lazos sociales. El promover la vida social, especialmente en ellos, es una necesidad b\u00e1sica que le contin\u00faa al comer, beber y el abrigo. Es importante tambi\u00e9n, para el equilibrio de la psiquis de cualquier humano\u201d, contin\u00faa. Por otro lado, las personas al aislarse tienden a angustiarse o deprimirse, ya que, como seres sociales, relacionarse con otros es necesario. \u201cTodo es peor cuando estamos solos y mejora cuando estamos acompa\u00f1ados\u201d, reflexiona Mart\u00ednez Castro.<\/p>\n<p>Considerando el rebrote que se est\u00e1 sufriendo en pa\u00edses de Europa y la llegada de la variante Delta y Omicr\u00f3n a nuestro pa\u00eds, las probabilidades de que se vuelva a una cuarentena est\u00e1n nuevamente en las noticias, aunque nada sea seguro. En respuesta a esta posibilidad, la Licenciada considera fundamental dise\u00f1ar una vida posible teniendo en cuenta los elementos que cada cual tiene. El haber vivido una primera experiencia de lo que se puede avecinar en el 2022, sirve para que se puedan modificar y mejorar aquellas cosas que se pueden controlar, entre ellas menciona \u201cel tener una buena conexi\u00f3n, dividir las tareas, tener un momento de cada uno, para leer un libro o hacer gimnasia. Estos son factores que ayudan a tener un buen \u00e1nimo, y el relacionarse con otros tambi\u00e9n, ya que, los lazos afectivos son una fuente de tranquilidad importante\u201d, concluye la experta en trastornos de ansiedad.<\/p>\n<p>El\u00a0<strong>Centro de Estudios Especializados en Trastornos de Ansiedad (CEETA)<\/strong>\u00a0tiene su sede central en 46 Plaza, Edificio Agora 3, 1\u00ba piso oficina 109 (Ramal Pilar Km 46). Tel\u00e9fono: 0230-4667175 o al 011-4788-6245 \/\u00a0<a href=\"http:\/\/www.ceeta.org\/\">www.ceeta.org<\/a>\u00a0 Tambi\u00e9n tiene sedes en\u00a0 Parque Patricios, Barrio Norte, Belgrano, San Isidro, Mor\u00f3n, Lomas de Zamora, Avellaneda, Quilmes, Uruguay, entre otras. En\u00a0<strong>facebook<\/strong> y en <strong> instagram<\/strong> el usuario es <a href=\"https:\/\/www.instagram.com\/ceeta.ansiedad\/\"> @ceeta.ansiedad<\/a>\u00a0\u00a0Consultas por <strong>WHATSAPP<\/strong>: +54 9 11 2376-6633 o haciendo click aqui <a href=\"http:\/\/bit.ly\/whatsappceeta\"> http:\/\/bit.ly\/whatsappceeta<\/a><\/p>\n<p>Acceso a toda la informaci\u00f3n ingresando en <a href=\"http:\/\/www.quasarcomunicacion.com.ar\/ceeta\"> www.quasarcomunicacion.com.ar\/web\/ceeta<\/a><\/p>\n<p><strong><em> Por\u00a0 im\u00e1genes, audios o entrevistas no dude en contactarse<br \/>\n<\/em><\/strong><br \/>\n<strong><em> Contactos de Prensa<\/em><\/strong><\/p>\n<table width=\"100%\">\n<tbody>\n<tr>\n<td width=\"50%\"><strong> Candela Villanueva &#8211; Asistente de Cuentas<\/p>\n<p><\/strong> <b> Directo<\/b><strong>: <\/strong> 0230-4664772<br \/>\n<b> Skype:<\/b> quasarcomunicacion<br \/>\n<b> Instagram<\/b>: @quasarcomunicacion<br \/>\n<b> Twitter:<\/b> @quasarpilar<br \/>\n<b> Gr<\/b><b>upo y p\u00e1gina en Facebook: <\/b> www.facebook.com\/<a href=\"mailto:mfipata@gmail.com\">Quasar<\/a>Comunicacion<br \/>\n<b> Web:<\/b> <a href=\"http:\/\/www.quasarcomunicacion.com.ar\"> www.quasarcomunicacion.com.ar<\/a><\/p>\n<p><b> Mail<\/b><strong>:<\/strong> <a href=\"mailto:fernanda@quasarcomunicacion.com.ar\"> candela<\/a><a href=\"mailto:fernanda@quasarcomunicacion.com.ar\">@quasarcomunicacion.com.ar<\/a><\/td>\n<td width=\"50%\"><strong> Lic. Mar\u00eda Fernanda Ipata &#8211; Directora<br \/>\n<\/strong> <b><br \/>\n<\/b> <b> M\u00f3vil:<\/b> 0230-15-4584535<br \/>\n<b> Whatsapp<\/b><b>:<\/b><a href=\"https:\/\/bit.ly\/2J4cUvm\"> 11 5312 6795<\/a><br \/>\n<a href=\"https:\/\/bit.ly\/2Sn1zLP\"> Enviar whatsapp aqu\u00ed<\/a><br \/>\n<b> Skype:<\/b> quasarcomunicacion<br \/>\n<b> LinkedIn<\/b><strong>:\u00a0 <\/strong> <strong> <a href=\"http:\/\/www.linkedin.com\/in\/mfipata\"> http:\/\/www.linkedin.com\/in\/mfipata<\/a><\/strong><br \/>\n<a href=\"https:\/\/www.linkedin.com\/company\/quasarcomunicacion\"> https:\/\/www.linkedin.com\/company\/quasarcomunicacion<\/a><br \/>\n<b> Instagram y Facebook:<\/b> @quasarcomunicacion <b><br \/>\nWeb:<\/b> <a href=\"http:\/\/www.quasarcomunicacion.com.ar\"> www.quasarcomunicacion.com.ar<\/a><br \/>\n<b> Mail<\/b><strong>:<\/strong><a href=\"mailto:fernanda@quasarcomunicacion.com.ar\"> fernanda@quasarcomunicacion.com.ar<\/a><br \/>\n<b> Canal de Telegram para acceder a comunicados:<\/b> https:\/\/t.me\/comunicadosQC<\/td>\n<\/tr>\n<\/tbody>\n<\/table>\n<p><strong>Acerca de la Lic. Gabriela Mart\u00ednez Castro<\/strong><\/p>\n<p><em>Gabriela Mart\u00ednez Castro es Licenciada en Psicolog\u00eda egresada de la Universidad de Belgrano en 1991. M\u00e1ster en Psicolog\u00eda Cl\u00ednica en M\u00e9xico. <\/em><\/p>\n<p><em>Post-grado en Trastornos de Ansiedad de la Asociaci\u00f3n Argentina de Trastornos de Ansiedad. Psicoterapeuta Cognitiva-Conductual, orientada al trabajo con Trastornos de Ansiedad y Trastornos de la Personalidad.<\/em><\/p>\n<p><em>Formaci\u00f3n en Terapia Cognitivo Conductual de Tercera Ola en la Fundaci\u00f3n Favaloro.<\/p>\n<p>Ex coordinadora docente de la c\u00e1tedra de Psicolog\u00eda General en la Universidad de Belgrano. Ex coordinadora del Departamento de Psicodiagn\u00f3stico del Hospital Franc\u00e9s, \u00e1rea de Consultorios Externos. <\/em><\/p>\n<p><em>Miembro de la Asociaci\u00f3n Argentina de Trastornos de Ansiedad. <\/em><\/p>\n<p><em>Directora de CEETA (Centro de Estudios Especializados en Trastornos de Ansiedad).<\/em><em> Matr\u00edcula Nacional 18627<\/em><\/p>\n<p><strong><em>Acerca de la Terapia Cognitivo Conductual de Tercera Ola o Tercera Generaci\u00f3n<\/em><\/strong><\/p>\n<p><em>Se trata de una innovadora terapia cognitivo conductual, que a diferencia de otras terapias, se aboca a modificar comportamientos y pensamientos. Est\u00e1 orientada hacia el presente, se investiga el funcionamiento actual. El \u00e9nfasis de la TCC est\u00e1 puesto m\u00e1s en el \u201cQu\u00e9 tengo que hacer para cambiar\u201d que en el \u201cPor qu\u00e9\u201d. Muchas veces, el explorar expresamente y conocer cu\u00e1les son los motivos de lo que nos ocurre no alcanza a brindar una soluci\u00f3n y no es suficiente para producir un cambio.<\/em><\/p>\n<p><em>Es una psicoterapia basada en la evidencia y con un basamento cient\u00edfico y 100% comprobado. Los resultados se ven en el cort\u00edsimo plazo. El paciente tiene un papel activo, con tareas para realizar dentro y fuera de la sesi\u00f3n a trav\u00e9s de la aplicaci\u00f3n de las herramientas que se le brindan.<\/em><\/p>\n<p><em>La terapia cognitiva conductual de tercera ola o tercera generaci\u00f3n cuenta con numerosos aportes validados cient\u00edficamente en los \u00faltimos a\u00f1os. Son las denominadas Terapias de Tercera Generaci\u00f3n o Contextuales.<br \/>\nSon modelos de intervenci\u00f3n que ponen su foco de atenci\u00f3n en el contexto y la funci\u00f3n de nuestros eventos privados como ser los pensamientos, emociones, sensaciones en lugar de su contenido, frecuencia o duraci\u00f3n. La Terapia de Aceptaci\u00f3n y Compromiso (ACT), uno de los nuevos modelos de tratamiento que ofrecen las terapias contextuales, es uno de los mas reconocidos con evidencia emp\u00edrica. El objetivo de la misma es lograr flexibilidad psicol\u00f3gica ante las situaciones dif\u00edciles de la vida y ante el sufrimiento, entender que nuestra vida es significativa y valiosa aun cuando sufrimos.<br \/>\nUtiliza diferentes t\u00e9cnicas como Mindfulness y ejercicios experienciales entre otros. <\/em><\/p>\n<p><em>Se pueden medir los progresos obtenidos desde la primera sesi\u00f3n, se administran cuestionarios y planillas en los que se eval\u00faan los s\u00edntomas espec\u00edficos, en su frecuencia, duraci\u00f3n, intensidad y caracter\u00edsticas. Esta medici\u00f3n es repetida peri\u00f3dicamente hasta la sesi\u00f3n final, para tener una idea del cambio obtenido. La relaci\u00f3n terapeuta-paciente es de colaboraci\u00f3n y activa. Paciente y terapeuta se comprometen a trabajar con un objetivo com\u00fan. Los pacientes pueden aportar sugerencias y participar en el dise\u00f1o de las tareas para el hogar. <\/em><\/p>\n<p><em>En muchos casos, se utiliza la biblioterapia, que consiste en que el terapeuta recomiende o facilite libros, folletos o apuntes acerca del problema para que el paciente se informe de lo que le sucede. Tiende a fomentar la independencia del paciente. Est\u00e1 centrada en los s\u00edntomas y su resoluci\u00f3n. Se definen objetivos concretos a lograr. La meta de la TCC es eliminar, o al menos reducir los s\u00edntomas, y postula que si desaparecen, por ejemplo, los s\u00edntomas de p\u00e1nico, inmediatamente tambi\u00e9n va a haber una mejor\u00eda en otras \u00e1reas, sin que aparezcan otros s\u00edntomas que los reemplacen. Pone \u00e9nfasis en el cambio. Se le solicita al paciente practicar nuevas conductas y cogniciones en las sesiones, y generalizarlas afuera como parte de la tarea. Desafia la posici\u00f3n del paciente, sus conductas y sus creencias. Se centra en la resoluci\u00f3n de problemas. Utiliza planes de tratamiento. Generalmente, la terapia utiliza planes espec\u00edficos de tratamiento para cada problema, no utilizando un formato \u201c\u00fanico\u201d para las diversas consultas. Propone una continuidad tem\u00e1tica entre las sesiones. Es decir, m\u00e1s que simplemente decir que funciona, esta comprobado que funciona.<br \/>\nLos recursos disponibles en este portal, son de car\u00e1cter informativo y no constituyen ni reemplazan el asesoramiento y tratamiento profesional.<\/em><\/p>\n","protected":false},"excerpt":{"rendered":"<p>Llega a su final un nuevo a\u00f1o, el segundo conviviendo con la pandemia que le puso un plus al estr\u00e9s [&hellip;]<\/p>\n","protected":false},"author":2,"featured_media":11559,"comment_status":"closed","ping_status":"closed","sticky":false,"template":"","format":"standard","meta":[],"categories":[2],"tags":[],"_links":{"self":[{"href":"https:\/\/quasarcomunicacion.com.ar\/web\/wp-json\/wp\/v2\/posts\/11561"}],"collection":[{"href":"https:\/\/quasarcomunicacion.com.ar\/web\/wp-json\/wp\/v2\/posts"}],"about":[{"href":"https:\/\/quasarcomunicacion.com.ar\/web\/wp-json\/wp\/v2\/types\/post"}],"author":[{"embeddable":true,"href":"https:\/\/quasarcomunicacion.com.ar\/web\/wp-json\/wp\/v2\/users\/2"}],"replies":[{"embeddable":true,"href":"https:\/\/quasarcomunicacion.com.ar\/web\/wp-json\/wp\/v2\/comments?post=11561"}],"version-history":[{"count":1,"href":"https:\/\/quasarcomunicacion.com.ar\/web\/wp-json\/wp\/v2\/posts\/11561\/revisions"}],"predecessor-version":[{"id":11562,"href":"https:\/\/quasarcomunicacion.com.ar\/web\/wp-json\/wp\/v2\/posts\/11561\/revisions\/11562"}],"wp:featuredmedia":[{"embeddable":true,"href":"https:\/\/quasarcomunicacion.com.ar\/web\/wp-json\/wp\/v2\/media\/11559"}],"wp:attachment":[{"href":"https:\/\/quasarcomunicacion.com.ar\/web\/wp-json\/wp\/v2\/media?parent=11561"}],"wp:term":[{"taxonomy":"category","embeddable":true,"href":"https:\/\/quasarcomunicacion.com.ar\/web\/wp-json\/wp\/v2\/categories?post=11561"},{"taxonomy":"post_tag","embeddable":true,"href":"https:\/\/quasarcomunicacion.com.ar\/web\/wp-json\/wp\/v2\/tags?post=11561"}],"curies":[{"name":"wp","href":"https:\/\/api.w.org\/{rel}","templated":true}]}}