{"id":11550,"date":"2021-12-10T14:10:53","date_gmt":"2021-12-10T14:10:53","guid":{"rendered":"https:\/\/quasarcomunicacion.com.ar\/web\/?p=11550"},"modified":"2021-12-10T14:10:53","modified_gmt":"2021-12-10T14:10:53","slug":"el-artista-internacional-claudio-roncoli-lanza-su-fundacion-arte-movil-fam-en-san-juan","status":"publish","type":"post","link":"https:\/\/quasarcomunicacion.com.ar\/web\/el-artista-internacional-claudio-roncoli-lanza-su-fundacion-arte-movil-fam-en-san-juan\/","title":{"rendered":"El artista internacional Claudio Roncoli lanza su Fundaci\u00f3n Arte M\u00f3vil (FAM) en SAN JUAN"},"content":{"rendered":"<p>El reconocido artista internacional Claudio Roncoli lanza su <strong> Fundaci\u00f3n Arte M\u00f3vil (FAM)<\/strong>, una organizaci\u00f3n sin fines de lucro que trabajar\u00e1 activamente para el fortalecimiento de los artistas y el Arte; el desarrollo de la cultura y la sociedad en miras a democratizar la cultura en todo el pa\u00eds.<!--more--><\/p>\n<p>La <strong>FAM<\/strong> busca llevar el arte a todo el pa\u00eds, pero a su vez dar la posibilidad de brindar capacitaci\u00f3n y herramientas de negocios, generar la articulaci\u00f3n productiva para poner en contacto a los artistas con ecosistemas econ\u00f3micos-productivos para que puedan llevar adelante un proyecto de negocio, potenciando el arte y la cultura y acompa\u00f1\u00e1ndolos para incrementar su autoestima y dar el salto.<\/p>\n<p><a href=\"https:\/\/quasarcomunicacion.com.ar\/web\/wp-content\/uploads\/2021\/12\/famcordoba.gif\"><img class=\"aligncenter\" src=\"https:\/\/quasarcomunicacion.com.ar\/web\/wp-content\/uploads\/2021\/12\/famcordoba.gif\" \/><\/a><\/p>\n<p>Acompa\u00f1an a Claudio en el Consejo Directivo de la <strong>FAM<\/strong> el Mgter Guillermo Su\u00e1rez, destacado profesional del \u00e1mbito de la educaci\u00f3n y aprendizaje digital, la Lic. Natalia Gurny, con reconocida trayectoria en el \u00e1mbito de la innovaci\u00f3n abierta y competitividad, apoyando la transversalidad y multidiciplinariedad en el desarrollo de la Fundaci\u00f3n.<\/p>\n<p>Por intermedio de la Delegada Regional de la <strong>FAM<\/strong> en SAN JUAN, Edith Flores, se dise\u00f1\u00f3 una intensa agenda de actividades en la ciudad para promover el arte, los artistas y cumplir con la misi\u00f3n fundacional junto a la presencia de todo el Consejo Directivo de la <strong>FAM<\/strong>.<\/p>\n<p><u> Cronograma de Actividades en San Juan<\/u><\/p>\n<p><strong><em> CONVERSATORIO <\/em><\/strong><em> con<strong> CLAUDIO RONCOLI<\/strong><\/em><\/p>\n<p>Lugar: Las Heras 209 sur (casi esquina Rivadavia)<\/p>\n<p>Dia: 13 de Diciembre<\/p>\n<p>Horario: 19 hs<\/p>\n<p><strong><em> PRESENTACI\u00d3N LIBRO \u00abEMPTY PROJECT\u00bb, de Claudio Roncoli<\/em><\/strong><\/p>\n<p>Lugar: Aula magna de la Facultad de Filosof\u00eda Humanidades y Artes. (Calle Ignacio de la Roza 230 &#8211; oeste)<\/p>\n<p>Dia: 14 de Diciembre<\/p>\n<p>Horario: 19.30.<\/p>\n<p><strong> LECTURA DE PORTFOLIOS de artistas locales + CLAUDIO RONCOLI<\/strong><\/p>\n<p>Lugar: Museo Provincial de Bellas Artes Franklin (Avenida libertador gral San Martin 862 este)<\/p>\n<p>Dia: 15 de Diciembre<\/p>\n<p>Horario: 09 a 12.30 hs<\/p>\n<p>\u00ab<em>Creemos en la cultura, el arte y la creatividad como bienes de primera necesidad, fundamentales para asegurar una vida digna y el desarrollo de las capacidades intelectuales y sensitivas de las personas. Su lenguaje, universal e inclusivo, es comprensible por cada uno de los seres humanos que habitan en el mundo, ya que apela a nuestras emociones y sentidos y a nuestra capacidad de pensar e imaginar. Transciende a trav\u00e9s de las generaciones, contando historias y creando nuestro propio futuro\u00bb<\/em>, aseguran desde la flamante fundaci\u00f3n.<\/p>\n<p>Claudio Roncoli explica los ejes fundacionales de la <strong>FAM<\/strong>: <em>\u00aben Educaci\u00f3n queremos acercar y brindar herramientas y capacitaciones t\u00e9cnicas, creativas, de innovaci\u00f3n y negocios, a todos los artistas, promoviendo su desarrollo, crecimiento y expansi\u00f3n; en el \u00e1rea de Articulaci\u00f3n productiva buscamos conectar a los artistas con el sector de desarrollo productivo, a trav\u00e9s de la cual se genere valor agregado a las industrias, productivas y servicios, y se generen oportunidades econ\u00f3micas y de desarrollo para el ecosistema cultural e innovador de artistas en Argentina. Tambi\u00e9n habr\u00e1 un \u00e1rea de Real State donde vincularemos el arte al sector de la arquitectura y todas sus intervenciones; y por \u00faltimo Innovaci\u00f3n y Tecnolog\u00eda, en el marco de un mundo cada vez m\u00e1s digital, con proyectos h\u00edbridos y enfoques interdisciplinarios, promover herramientas para democratizar la Cultura desde todas las oportunidades de la Innovaci\u00f3n y el Conocimiento\u00bb. <\/em><\/p>\n<p>La experiencia y el resultado del trabajo de Claudio Roncoli es lo que inspira a <strong>FAM<\/strong>, <em>\u00aben mi camino no encontr\u00e9 personas reales, sino \u00e1ngeles con nombre y apellido que supieron darme la informaci\u00f3n necesaria para vivir de lo que mas me apasiona; el arte. Ahora es mi turno junto a un equipo de nuevos \u00e1ngeles ayudar a otros\u00bb,<\/em> invita.<\/p>\n<p><em> \u00abDesde la FAM convocamos y detectamos artistas para ayudarlos y acompa\u00f1arlos a desarrollar todo su talento, incentivando y visibilizando la producci\u00f3n art\u00edstica contempor\u00e1nea. Generamos oportunidades para que todo persona artista, creativa y generadora de ideas pueda fortalecer sus capacidades y potencie sus creaciones de valor a trav\u00e9s de nuestra academia formativa y a trav\u00e9s de nuestro ecosistema creativo con modelos de desarrollo sustentables y de triple impacto\u00bb,<\/em> adelantan.<\/p>\n<p>Alientan el desarrollo de proyectos creativos, art\u00edsticos, de dise\u00f1o, arquitect\u00f3nicos y culturales como as\u00ed tambi\u00e9n actividades que incluyan acciones responsables hacia las personas y el planeta.<\/p>\n<p><em> \u00abPromovemos una mayor vinculaci\u00f3n entre distintas disciplinas, sectores productivos y modelos interdisciplinarios favoreciendo el desarrollo con una visi\u00f3n integral; tendiendo puentes entre distintos \u00e1mbitos y comunidades tradicionales e innovadoras, nacionales e internacionales. Exploramos escenarios a futuro para conectar el potencial de las industrias creativas y culturales, visualizar las tendencias y transformaciones que permitan apoyar al sector, promover identidad de lo cultural e innovaci\u00f3n en la creaci\u00f3n de un futuro sustentable con sentido de pertenencia y experiencias \u00fanicas, haciendo uso responsable de la tecnolog\u00eda\u00bb, <\/em> completan con una visi\u00f3n de la cultura como negocio sustentable.<\/p>\n<p>Desde la <strong>FAM<\/strong> buscar\u00e1n articular para redise\u00f1ar e innovar en el uso de espacios p\u00fablicos y privados poniendo siempre en valor la riqueza y diversidad de las expresiones creativas y culturales. Impulsar\u00e1n la creaci\u00f3n de nuevos espacios, ArtLabs y centros tecnol\u00f3gicos sustentables e inclusivos orientados a la innovaci\u00f3n digital del sector creativo, como as\u00ed tambi\u00e9n a museos que diversifican sus modelos de negocio y los adaptan a las nuevas tendencias de modo sustentable e inclusivo.<\/p>\n<p>Adem\u00e1s, fomentar\u00e1n la difusi\u00f3n y la puesta en valor de producciones art\u00edsticas; proteger\u00e1n el valor patrimonial de los contenidos culturales, fortaleciendo la identidad y la cohesi\u00f3n social para crear modelos de desarrollo sustentable a partir de saberes locales, valorando los aspectos individuales e intr\u00ednsecos de cada persona, en la creaci\u00f3n de escenarios que aseguren la trascendencia de los valores de la Fundaci\u00f3n de Arte M\u00f3vil.<\/p>\n<p>La <strong>FAM<\/strong> cree en un mundo donde todas las personas, puedan desarrollar sus capacidades art\u00edsticas y manifestarlas en todo su potencial, en el marco de un mundo m\u00e1s gentil y cuidadoso con el entorno y el planeta.<\/p>\n<p><em> \u00abSomos un grupo de profesionales que ofrecemos ayuda, asistencia y asesoramiento gratuito para que artistas visuales, de la m\u00fasica, el teatro, la escritura y todas las expresiones art\u00edsticas y culturales logren plasmar sus dones y concretar sus proyectos<\/em>\u00ab, se autodescriben.<\/p>\n<p>Con esta nueva entidad, \u00abaspiramos a convocar y detectar artistas emergentes que necesitan ayuda, asesoramiento y apoyo para poder desarrollar sus proyectos. Brindar oportunidades para que los artistas puedan lanzarse con sus obras ya sea por medio de redes de contactos, asesoramiento para presentaci\u00f3n de proyectos, enlace con entidades p\u00fablicas y privadas que les permitan iniciar su actividad art\u00edstica. Brindar capacitaciones, charlas y talleres para los artistas que se inician. Desarrollar concursos que aliente y premien desarrollos art\u00edsticos de calidad. Alentar el desarrollo de proyectos y actividades que incluyan la acci\u00f3n responsable con el planeta, tanto a trav\u00e9s de los materiales que emplea, sus mensajes como el impacto que pueda generar\u00bb.<\/p>\n<p>Dentro del \u00e1mbito de la Capacitaci\u00f3n y la Formaci\u00f3n, el programa de la FAM desarrollar\u00e1 charlas, talleres, cursos, y capacitaciones gratuitas para artistas que se inician logren desarrollar obra, cuenten con herramientas para desarrollar el marketing y la comercializaci\u00f3n en el mercado fin a su especialidad.<\/p>\n<p><strong> FAM<\/strong>, busca desarrollar actividades art\u00edsticas junto con la comunidad, los barrios y vecinos de las ciudades. El objetivo es generar integraci\u00f3n y promover la participaci\u00f3n en zonas vulnerables donde el arte es un puente y un medio para trascender.<\/p>\n<p>Se buscar\u00e1 la intervenci\u00f3n urbana de fachadas, promoci\u00f3n de diferentes expresiones del arte en eventos y festivales abiertos a la comunidad y desarrollados con la comunidad.<br \/>\nDiferentes actores de la sociedad tienen la posibilidad de confluir en intereses comunes que beneficien el entorno, donde surgen tem\u00e1ticas que involucran aspectos tales<br \/>\ncomo la diversidad cultural, la integraci\u00f3n, la igualdad de g\u00e9nero, la inclusi\u00f3n, y todo factor fundamental que permita conectar la cultura, el arte y la comunidad a trav\u00e9s de<br \/>\nla participaci\u00f3n ciudadana<\/p>\n<p>Tambi\u00e9n organizar\u00e1n muestras y exposiciones, a trav\u00e9s de un programa que se propone brindar apoyo a los artistas y colaborar para que participen en muestras y exposiciones. Para esto se trabajar\u00e1 con las redes de contactos y la agenda de galer\u00edas, museos y centros culturales, muestras y exposiciones.<\/p>\n<p>No caben dudas que en los tiempos que corren, la creatividad, el talento y la innovaci\u00f3n son recursos inagotables. Por eso desde la entidad impulsan la transici\u00f3n a nuevos modelos de negocio que incorporen diferentes formatos de monetizaci\u00f3n de producciones creativas, articulada por proyectos orientados hacia la creaci\u00f3n y la innovaci\u00f3n haciendo uso responsable de la tecnolog\u00eda y eliminando fronteras en las posibilidades de crecimiento y expansi\u00f3n.<\/p>\n<p><b> Acerca de la FAM<\/b><\/p>\n<p>La <strong> Fundaci\u00f3n de Arte M\u00f3vil<\/strong> busca llevar el arte a todo el pa\u00eds, pero a su vez dar la posibilidad de brindar capacitaci\u00f3n y herramientas de negocios, generar la articulaci\u00f3n productiva para poner en contacto a los artistas con ecosistemas econ\u00f3micos-productivos para que puedan llevar adelante un proyecto de negocio, potenciando el arte y la cultura y acompa\u00f1\u00e1ndolos para incrementar su autoestima y dar el salto.<\/p>\n<p>\u00ab<em>Creemos en la cultura, el arte y la creatividad como bienes de primera necesidad, fundamentales para asegurar una vida digna y el desarrollo de las capacidades intelectuales y sensitivas de las personas. Su lenguaje, universal e inclusivo, es comprensible por cada uno de los seres humanos que habitan en el mundo, ya que apela a nuestras emociones y sentidos y a nuestra capacidad de pensar e imaginar. Transciende a trav\u00e9s de las generaciones, contando historias y creando nuestro propio futuro\u00bb<\/em>, aseguran desde la flamante fundaci\u00f3n.<\/p>\n<p>Claudio Roncoli explica los ejes fundacionales de la <strong> FAM<\/strong>: <em> \u00aben Educaci\u00f3n queremos acercar y brindar herramientas y capacitaciones t\u00e9cnicas, creativas, de innovaci\u00f3n y negocios, a todos los artistas, promoviendo su desarrollo, crecimiento y expansi\u00f3n; en el \u00e1rea de Articulaci\u00f3n productiva buscamos conectar a los artistas con el sector de desarrollo productivo, a trav\u00e9s de la cual se genere valor agregado a las industrias, productivas y servicios, y se generen oportunidades econ\u00f3micas y de desarrollo para el ecosistema cultural e innovador de artistas en Argentina. Tambi\u00e9n habr\u00e1 un \u00e1rea de Real State donde vincularemos el arte al sector de la arquitectura y todas sus intervenciones; y por \u00faltimo Innovaci\u00f3n y Tecnolog\u00eda, en el marco de un mundo cada vez m\u00e1s digital, con proyectos h\u00edbridos y enfoques interdisciplinarios, promover herramientas para democratizar la Cultura desde todas las oportunidades de la Innovaci\u00f3n y el Conocimiento\u00bb. <\/em><\/p>\n<p>La experiencia y el resultado del trabajo de Claudio Roncoli es lo que inspira a <strong> FAM<\/strong>, <em> \u00aben mi camino no encontr\u00e9 personas reales, sino \u00e1ngeles con nombre y apellido que supieron darme la informaci\u00f3n necesaria para vivir de lo que mas me apasiona; el arte. Ahora es mi turno junto a un equipo de nuevos \u00e1ngeles ayudar a otros\u00bb,<\/em> invita.<\/p>\n<p><em> \u00abDesde la FAM convocamos y detectamos artistas para ayudarlos y acompa\u00f1arlos a desarrollar todo su talento, incentivando y visibilizando la producci\u00f3n art\u00edstica contempor\u00e1nea. Generamos oportunidades para que todo persona artista, creativa y generadora de ideas pueda fortalecer sus capacidades y potencie sus creaciones de valor a trav\u00e9s de nuestra academia formativa y a trav\u00e9s de nuestro ecosistema creativo con modelos de desarrollo sustentables y de triple impacto\u00bb,<\/em> adelantan.<\/p>\n<p>Alientan el desarrollo de proyectos creativos, art\u00edsticos, de dise\u00f1o, arquitect\u00f3nicos y culturales como as\u00ed tambi\u00e9n actividades que incluyan acciones responsables hacia las personas y el planeta.<\/p>\n<p><em> \u00abPromovemos una mayor vinculaci\u00f3n entre distintas disciplinas, sectores productivos y modelos interdisciplinarios favoreciendo el desarrollo con una visi\u00f3n integral; tendiendo puentes entre distintos \u00e1mbitos y comunidades tradicionales e innovadoras, nacionales e internacionales. Exploramos escenarios a futuro para conectar el potencial de las industrias creativas y culturales, visualizar las tendencias y transformaciones que permitan apoyar al sector, promover identidad de lo cultural e innovaci\u00f3n en la creaci\u00f3n de un futuro sustentable con sentido de pertenencia y experiencias \u00fanicas, haciendo uso responsable de la tecnolog\u00eda\u00bb, <\/em> completan con una visi\u00f3n de la cultura como negocio sustentable.<\/p>\n<p>Desde la <strong> FAM<\/strong> buscar\u00e1n articular para redise\u00f1ar e innovar en el uso de espacios p\u00fablicos y privados poniendo siempre en valor la riqueza y diversidad de las expresiones creativas y culturales. Impulsar\u00e1n la creaci\u00f3n de nuevos espacios, ArtLabs y centros tecnol\u00f3gicos sustentables e inclusivos orientados a la innovaci\u00f3n digital del sector creativo, como as\u00ed tambi\u00e9n a museos que diversifican sus modelos de negocio y los adaptan a las nuevas tendencias de modo sustentable e inclusivo.<\/p>\n<p>Adem\u00e1s, fomentar\u00e1n la difusi\u00f3n y la puesta en valor de producciones art\u00edsticas; proteger\u00e1n el valor patrimonial de los contenidos culturales, fortaleciendo la identidad y la cohesi\u00f3n social para crear modelos de desarrollo sustentable a partir de saberes locales, valorando los aspectos individuales e intr\u00ednsecos de cada persona, en la creaci\u00f3n de escenarios que aseguren la trascendencia de los valores de la <strong>Fundaci\u00f3n de Arte M\u00f3vil.<\/strong><\/p>\n<p>La <strong> FAM<\/strong> cree en un mundo donde todas las personas, puedan desarrollar sus capacidades art\u00edsticas y manifestarlas en todo su potencial, en el marco de un mundo m\u00e1s gentil y cuidadoso con el entorno y el planeta.<\/p>\n<p><em>\u00abSomos un grupo de profesionales que ofrecemos ayuda, asistencia y asesoramiento gratuito para que artistas visuales, de la m\u00fasica, el teatro, la escritura y todas las expresiones art\u00edsticas y culturales logren plasmar sus dones y concretar sus proyectos<\/em>\u00ab, se autodescriben.<\/p>\n<p>Acompa\u00f1an a Claudio en el Consejo Directivo de la <strong>FAM<\/strong> el Mgter Guillermo Su\u00e1rez, destacado profesional del \u00e1mbito de la educaci\u00f3n y aprendizaje digital, como la Lic. Natalia Gurny, con reconocida trayectoria en el \u00e1mbito de la innovaci\u00f3n abierta y competitividad, apoyando la transversalidad y multidiciplinariedad en el desarrollo de la Fundaci\u00f3n.<\/p>\n<p>Con esta nueva entidad, <em> \u00abaspiramos a convocar y detectar artistas emergentes que necesitan ayuda, asesoramiento y apoyo para poder desarrollar sus proyectos. Brindar oportunidades para que los artistas puedan lanzarse con sus obras ya sea por medio de redes de contactos, asesoramiento para presentaci\u00f3n de proyectos, enlace con entidades p\u00fablicas y privadas que les permitan iniciar su actividad art\u00edstica. Brindar capacitaciones, charlas y talleres para los artistas que se inician. Desarrollar concursos que aliente y premien desarrollos art\u00edsticos de calidad. Alentar el desarrollo de proyectos y actividades que incluyan la acci\u00f3n responsable con el planeta, tanto a trav\u00e9s de los materiales que emplea, sus mensajes como el impacto que pueda generar\u00bb.<\/em><\/p>\n<p>Dentro del \u00e1mbito de la Capacitaci\u00f3n y la Formaci\u00f3n, el programa de la FAM desarrollar\u00e1 charlas, talleres, cursos, y capacitaciones gratuitas para artistas que se inician logren desarrollar obra, cuenten con herramientas para desarrollar el marketing y la comercializaci\u00f3n en el mercado fin a su especialidad.<\/p>\n<p><strong> FAM<\/strong>, busca desarrollar actividades art\u00edsticas junto con la comunidad, los barrios y vecinos de las ciudades. El objetivo es generar integraci\u00f3n y promover la participaci\u00f3n en zonas vulnerables donde el arte es un puente y un medio para trascender.<\/p>\n<p>Se buscar\u00e1 la intervenci\u00f3n urbana de fachadas, promoci\u00f3n de diferentes expresiones del arte en eventos y festivales abiertos a la comunidad y desarrollados con la comunidad.<br \/>\nDiferentes actores de la sociedad tienen la posibilidad de confluir en intereses comunes que beneficien el entorno, donde surgen tem\u00e1ticas que involucran aspectos tales<br \/>\ncomo la diversidad cultural, la integraci\u00f3n, la igualdad de g\u00e9nero, la inclusi\u00f3n, y todo factor fundamental que permita conectar la cultura, el arte y la comunidad a trav\u00e9s de<br \/>\nla participaci\u00f3n ciudadana.<\/p>\n<p>Tambi\u00e9n organizar\u00e1n muestras y exposiciones, a trav\u00e9s de un programa que se propone brindar apoyo a los artistas y colaborar para que participen en muestras y exposiciones. Para esto se trabajar\u00e1 con las redes de contactos y la agenda de galer\u00edas, museos y centros culturales, muestras y exposiciones.<\/p>\n<p>No caben dudas que en los tiempos que corren, la creatividad, el talento y la innovaci\u00f3n son recursos inagotables. Por eso desde la entidad impulsan la transici\u00f3n a nuevos modelos de negocio que incorporen diferentes formatos de monetizaci\u00f3n de producciones creativas, articulada por proyectos orientados hacia la creaci\u00f3n y la innovaci\u00f3n haciendo uso responsable de la tecnolog\u00eda y eliminando fronteras en las posibilidades de crecimiento y expansi\u00f3n.<\/p>\n<p><strong> Acerca de Claudio Roncoli<\/strong><\/p>\n<p>Claudio se recibi\u00f3 en la Escuela Nacional Bellas Artes P. Pueyrred\u00f3n como Profesor Nacional de Bellas Artes.<\/p>\n<p>A la par de sus estudios art\u00edsticos se desarroll\u00f3 como Director de Arte en agencias de Publicidad, entre otras McCann Erickson, Gowland SA, Grey Direct, S+V, Gonz\u00e1lez Taboada Guevara y Prootion SA.<\/p>\n<p>Su pasi\u00f3n por el dise\u00f1o visual sonoro, hizo que Claudio gane dos Gramy, primero en 2017 el Latin Grammy y en 2018 el Grammy Americano, por la Direcci\u00f3n de Arte y Dise\u00f1o de Art Music Packaging.<\/p>\n<p>A partir de su carrera como artista visual, ha llevado sus obras a importantes galer\u00edas y museos en todo el mundo. Sus murales de gran formato pueden verse en Miami, New York, M\u00e9xico, Madrid y Argentina.<\/p>\n<p>Sus obras han sido expuestas en South Korea, Holanda, Roma, Madrid, Londres, New York, Los Angeles, Miami, M\u00e9xico, Venezuela, Bolivia, Brasil, Uruguay, Chile y Argentina.<\/p>\n<p>Desde 2014 reside en USA y en 2016 recibi\u00f3 la Recipient National Endowment for the Arts Grants, Miami; USA para la realizaci\u00f3n de su serie Empty Project en Bakehouse Art Complex Miami.<\/p>\n<p><strong><em>Por otras im\u00e1genes, audios o entrevistas no dude en contactarse<\/em><\/strong><\/p>\n<p><strong><em> Contactos de Prensa<\/em><\/strong><\/p>\n<table width=\"100%\">\n<tbody>\n<tr>\n<td width=\"50%\"><strong> Candela Villanueva &#8211; Asistente de Cuentas<\/p>\n<p><\/strong> <b> Directo<\/b><strong>: <\/strong> 0230-4664772<br \/>\n<b> Skype:<\/b> quasarcomunicacion<br \/>\n<b> Instagram<\/b>: @quasarcomunicacion<br \/>\n<b> Twitter:<\/b> @quasarpilar<br \/>\n<b> Gr<\/b><b>upo y p\u00e1gina en Facebook: <\/b> www.facebook.com\/<a href=\"mailto:mfipata@gmail.com\">Quasar<\/a>Comunicacion<br \/>\n<b> Web:<\/b> <a href=\"http:\/\/www.quasarcomunicacion.com.ar\"> www.quasarcomunicacion.com.ar<\/a><\/p>\n<p><b> Mail<\/b><strong>:<\/strong> <a href=\"mailto:fernanda@quasarcomunicacion.com.ar\"> candela<\/a><a href=\"mailto:fernanda@quasarcomunicacion.com.ar\">@quasarcomunicacion.com.ar<\/a><\/td>\n<td width=\"50%\"><strong> Lic. Mar\u00eda Fernanda Ipata &#8211; Directora<br \/>\n<\/strong> <b><br \/>\n<\/b> <b> M\u00f3vil:<\/b> 0230-15-4584535<br \/>\n<b> Whatsapp<\/b><b>:<\/b><a href=\"https:\/\/bit.ly\/2J4cUvm\"> 11 5312 6795<\/a><br \/>\n<a href=\"https:\/\/bit.ly\/2Sn1zLP\"> Enviar whatsapp aqu\u00ed<\/a><br \/>\n<b> Skype:<\/b> quasarcomunicacion<br \/>\n<b> LinkedIn<\/b><strong>:\u00a0 <\/strong> <strong> <a href=\"http:\/\/www.linkedin.com\/in\/mfipata\"> http:\/\/www.linkedin.com\/in\/mfipata<\/a><\/strong><br \/>\n<a href=\"https:\/\/www.linkedin.com\/company\/quasarcomunicacion\"> https:\/\/www.linkedin.com\/company\/quasarcomunicacion<\/a><br \/>\n<b> Instagram y Facebook:<\/b> @quasarcomunicacion <b><br \/>\nWeb:<\/b> <a href=\"http:\/\/www.quasarcomunicacion.com.ar\"> www.quasarcomunicacion.com.ar<\/a><br \/>\n<b> Mail<\/b><strong>:<\/strong><a href=\"mailto:fernanda@quasarcomunicacion.com.ar\"> fernanda@quasarcomunicacion.com.ar<\/a><br \/>\n<b> Canal de Telegram para acceder a comunicados:<\/b> https:\/\/t.me\/comunicadosQC<\/td>\n<\/tr>\n<\/tbody>\n<\/table>\n","protected":false},"excerpt":{"rendered":"<p>El reconocido artista internacional Claudio Roncoli lanza su Fundaci\u00f3n Arte M\u00f3vil (FAM), una organizaci\u00f3n sin fines de lucro que trabajar\u00e1 [&hellip;]<\/p>\n","protected":false},"author":2,"featured_media":11551,"comment_status":"closed","ping_status":"closed","sticky":false,"template":"","format":"standard","meta":[],"categories":[2],"tags":[],"_links":{"self":[{"href":"https:\/\/quasarcomunicacion.com.ar\/web\/wp-json\/wp\/v2\/posts\/11550"}],"collection":[{"href":"https:\/\/quasarcomunicacion.com.ar\/web\/wp-json\/wp\/v2\/posts"}],"about":[{"href":"https:\/\/quasarcomunicacion.com.ar\/web\/wp-json\/wp\/v2\/types\/post"}],"author":[{"embeddable":true,"href":"https:\/\/quasarcomunicacion.com.ar\/web\/wp-json\/wp\/v2\/users\/2"}],"replies":[{"embeddable":true,"href":"https:\/\/quasarcomunicacion.com.ar\/web\/wp-json\/wp\/v2\/comments?post=11550"}],"version-history":[{"count":1,"href":"https:\/\/quasarcomunicacion.com.ar\/web\/wp-json\/wp\/v2\/posts\/11550\/revisions"}],"predecessor-version":[{"id":11552,"href":"https:\/\/quasarcomunicacion.com.ar\/web\/wp-json\/wp\/v2\/posts\/11550\/revisions\/11552"}],"wp:featuredmedia":[{"embeddable":true,"href":"https:\/\/quasarcomunicacion.com.ar\/web\/wp-json\/wp\/v2\/media\/11551"}],"wp:attachment":[{"href":"https:\/\/quasarcomunicacion.com.ar\/web\/wp-json\/wp\/v2\/media?parent=11550"}],"wp:term":[{"taxonomy":"category","embeddable":true,"href":"https:\/\/quasarcomunicacion.com.ar\/web\/wp-json\/wp\/v2\/categories?post=11550"},{"taxonomy":"post_tag","embeddable":true,"href":"https:\/\/quasarcomunicacion.com.ar\/web\/wp-json\/wp\/v2\/tags?post=11550"}],"curies":[{"name":"wp","href":"https:\/\/api.w.org\/{rel}","templated":true}]}}