{"id":11544,"date":"2021-12-07T13:44:51","date_gmt":"2021-12-07T13:44:51","guid":{"rendered":"https:\/\/quasarcomunicacion.com.ar\/web\/?p=11544"},"modified":"2021-12-07T13:44:51","modified_gmt":"2021-12-07T13:44:51","slug":"mas-de-120-ninos-con-discapacidad-disfrutaron-de-un-taller-de-serigrafia-junto-al-artista-claudio-roncoli","status":"publish","type":"post","link":"https:\/\/quasarcomunicacion.com.ar\/web\/mas-de-120-ninos-con-discapacidad-disfrutaron-de-un-taller-de-serigrafia-junto-al-artista-claudio-roncoli\/","title":{"rendered":"M\u00e1s de 120 ni\u00f1os con discapacidad disfrutaron de un Taller de Serigraf\u00eda junto al artista Claudio Roncoli\u00a0"},"content":{"rendered":"<p><em>Buenos Aires (07\/12\/2021)<\/em> &#8211; El pasado viernes, en el Complejo Museogr\u00e1fico Provincial Enrique Udaondo, en la ciudad de Luj\u00e1n (Buenos Aires) se llev\u00f3 a cabo un importante evento en el marco del D\u00eda Internacional de la Discapacidad, en el que el reconocido artista internacional y Presidente de la <strong>Fundaci\u00f3n de Arte M\u00f3vil (FAM), <\/strong> brind\u00f3 un <strong> Taller de Serigraf\u00eda en el Arte\u00a0<\/strong>para m\u00e1s de 120 ni\u00f1os con discapacidad.<!--more--><\/p>\n<p>El evento fue organizado por la Fundaci\u00f3n Arte Inclusivo junto con la Red NAP, y all\u00ed Roncoli brind\u00f3 una clase de serigraf\u00eda en vivo, gracias a la cual los chicos experimentaron el oficio de la serigraf\u00eda, que es un sistema de grabado muy antiguo que permite imprimirse sobre cualquier plataforma e infinidad cantidad de veces. El artista desde hace unos 20 a\u00f1os viene realizando algunas de sus obras sobre tela, papel y madera.<\/p>\n<p><a href=\"https:\/\/quasarcomunicacion.com.ar\/web\/wp-content\/uploads\/2021\/12\/fam1.gif\"><img class=\"aligncenter\" src=\"https:\/\/quasarcomunicacion.com.ar\/web\/wp-content\/uploads\/2021\/12\/fam1.gif\" \/><\/a><\/p>\n<p><em>\u00abHicimos serigraf\u00eda y cada uno se llev\u00f3 su obra, algunas firmadas por mi. Fue una experiencia hermosa porque tuvo esta cosa del oficio, del trabajo. Es arte, y pod\u00e9s hacer remeras, imprimir sobre mesa, vidrio, pared. En este caso fue una obra mia que hice especialmente para el evento y los chicos estampaban y m\u00e1s de uno dijo \u00abguau esto es m\u00e1gico\u00bb y es as\u00ed porque la parte negativa pasa al positivo y fue una experiencia hermos\u00edsima compartida con chicos de 12 a\u00f1os hasta 50 que estaban alucinados junto a otros chicos sin discapacidad ya que fue un evento para toda la familia<\/em>\u00ab, asegur\u00f3 Roncoli luego del evento.<\/p>\n<p><em>\u00abCon estas acciones, acerc\u00e1s a las personas al arte, y adem\u00e1s hacen arte, cosa que las galer\u00edas y los museos no lo hacen y logramos desmitificar la imagen del artista alejado, inalcanzable. Alguien que esta m\u00e1s all\u00e1 del bien y del mal; y los artistas somos personas normales. Vimos a las personas disfrutar de hacer una obra con artistas y para mi hacer una obra con las personas, en la calle, en el parque fue hermoso\u00bb<\/em>, finaliz\u00f3 Roncoli.<\/p>\n<p>La\u00a0 <strong> Fundaci\u00f3n Arte M\u00f3vil (FAM)<\/strong>, es una organizaci\u00f3n sin fines de lucro que trabajar\u00e1 activamente para el fortalecimiento de los artistas y el Arte; el desarrollo de la cultura y la sociedad en miras a democratizar la cultura en todo el pa\u00eds.<\/p>\n<p>Guillermo Su\u00e1rez, CEO y fundador de <strong>Identidad Argentina<\/strong>, y Vice Presidente de la <strong>FAM<\/strong>, quien estuvo presente en el evento del d\u00eda viernes, asegur\u00f3 que <em>\u00abcomo <strong>Fundaci\u00f3n de Arte M\u00f3vil<\/strong> nos sentimos muy felices de haber participado en el d\u00eda de las personas con discapacidad a nivel internacional de un evento organizado por la Fundaci\u00f3n de Arte Inclusivo junto a m\u00e1s de 120 alumnos con discapacidad que participaron de un taller de arte inclusivo junto a Claudio Roncoli, presidente de la fundaci\u00f3n y artista pl\u00e1stico internacional\u00bb.<\/em><\/p>\n<p><em>\u00abEstas acciones nos dan la posibilidad de trascender con nuestra misi\u00f3n como fundaci\u00f3n que es democratizar y brindar el acceso de todas las personas al arte, porque creemos que el arte transforma realidades. Desde all\u00ed fue un aporte desde la FAM para toda esta comunidad de Luj\u00e1n que busca a trav\u00e9s de la inclusi\u00f3n, de la accesibilidad, posibilidades de desarrollo y crecimiento. Fue una hermosa oportunidad y muy virtuosa, que deja una huella en nuestra fundaci\u00f3n\u00bb<\/em>, complement\u00f3 Su\u00e1rez.<\/p>\n<p><a href=\"https:\/\/quasarcomunicacion.com.ar\/web\/wp-content\/uploads\/2021\/12\/fam.gif\"><img class=\"aligncenter\" src=\"https:\/\/quasarcomunicacion.com.ar\/web\/wp-content\/uploads\/2021\/12\/fam.gif\" \/><\/a><\/p>\n<p><em>\u00abNos sentimos muy contentos de haber participado en esta jornada que tuvo el acompa\u00f1amiento de Cultura del Gobierno de la Provincia de Buenos Aires como as\u00ed tambi\u00e9n del Municipio de la Ciudad de Luj\u00e1n\u00bb<\/em>, concluy\u00f3.<\/p>\n<p>Tambi\u00e9n hubo un show de Magia Inclusiva, el primer show y espect\u00e1culo argentino que protagoniza un mago con S\u00edndrome de Down, y que fue declarado espect\u00e1culo de inter\u00e9s cultural de la Naci\u00f3n.<\/p>\n<p><b> Acerca de la FAM<\/b><\/p>\n<p>La <strong> Fundaci\u00f3n de Arte M\u00f3vil<\/strong> busca llevar el arte a todo el pa\u00eds, pero a su vez dar la posibilidad de brindar capacitaci\u00f3n y herramientas de negocios, generar la articulaci\u00f3n productiva para poner en contacto a los artistas con ecosistemas econ\u00f3micos-productivos para que puedan llevar adelante un proyecto de negocio, potenciando el arte y la cultura y acompa\u00f1\u00e1ndolos para incrementar su autoestima y dar el salto.<\/p>\n<p>\u00ab<em>Creemos en la cultura, el arte y la creatividad como bienes de primera necesidad, fundamentales para asegurar una vida digna y el desarrollo de las capacidades intelectuales y sensitivas de las personas. Su lenguaje, universal e inclusivo, es comprensible por cada uno de los seres humanos que habitan en el mundo, ya que apela a nuestras emociones y sentidos y a nuestra capacidad de pensar e imaginar. Transciende a trav\u00e9s de las generaciones, contando historias y creando nuestro propio futuro\u00bb<\/em>, aseguran desde la flamante fundaci\u00f3n.<\/p>\n<p>Claudio Roncoli explica los ejes fundacionales de la <strong> FAM<\/strong>: <em> \u00aben Educaci\u00f3n queremos acercar y brindar herramientas y capacitaciones t\u00e9cnicas, creativas, de innovaci\u00f3n y negocios, a todos los artistas, promoviendo su desarrollo, crecimiento y expansi\u00f3n; en el \u00e1rea de Articulaci\u00f3n productiva buscamos conectar a los artistas con el sector de desarrollo productivo, a trav\u00e9s de la cual se genere valor agregado a las industrias, productivas y servicios, y se generen oportunidades econ\u00f3micas y de desarrollo para el ecosistema cultural e innovador de artistas en Argentina. Tambi\u00e9n habr\u00e1 un \u00e1rea de Real State donde vincularemos el arte al sector de la arquitectura y todas sus intervenciones; y por \u00faltimo Innovaci\u00f3n y Tecnolog\u00eda, en el marco de un mundo cada vez m\u00e1s digital, con proyectos h\u00edbridos y enfoques interdisciplinarios, promover herramientas para democratizar la Cultura desde todas las oportunidades de la Innovaci\u00f3n y el Conocimiento\u00bb. <\/em><\/p>\n<p>La experiencia y el resultado del trabajo de Claudio Roncoli es lo que inspira a <strong> FAM<\/strong>, <em> \u00aben mi camino no encontr\u00e9 personas reales, sino \u00e1ngeles con nombre y apellido que supieron darme la informaci\u00f3n necesaria para vivir de lo que mas me apasiona; el arte. Ahora es mi turno junto a un equipo de nuevos \u00e1ngeles ayudar a otros\u00bb,<\/em> invita.<\/p>\n<p><em> \u00abDesde la FAM convocamos y detectamos artistas para ayudarlos y acompa\u00f1arlos a desarrollar todo su talento, incentivando y visibilizando la producci\u00f3n art\u00edstica contempor\u00e1nea. Generamos oportunidades para que todo persona artista, creativa y generadora de ideas pueda fortalecer sus capacidades y potencie sus creaciones de valor a trav\u00e9s de nuestra academia formativa y a trav\u00e9s de nuestro ecosistema creativo con modelos de desarrollo sustentables y de triple impacto\u00bb,<\/em> adelantan.<\/p>\n<p>Alientan el desarrollo de proyectos creativos, art\u00edsticos, de dise\u00f1o, arquitect\u00f3nicos y culturales como as\u00ed tambi\u00e9n actividades que incluyan acciones responsables hacia las personas y el planeta.<\/p>\n<p><em> \u00abPromovemos una mayor vinculaci\u00f3n entre distintas disciplinas, sectores productivos y modelos interdisciplinarios favoreciendo el desarrollo con una visi\u00f3n integral; tendiendo puentes entre distintos \u00e1mbitos y comunidades tradicionales e innovadoras, nacionales e internacionales. Exploramos escenarios a futuro para conectar el potencial de las industrias creativas y culturales, visualizar las tendencias y transformaciones que permitan apoyar al sector, promover identidad de lo cultural e innovaci\u00f3n en la creaci\u00f3n de un futuro sustentable con sentido de pertenencia y experiencias \u00fanicas, haciendo uso responsable de la tecnolog\u00eda\u00bb, <\/em> completan con una visi\u00f3n de la cultura como negocio sustentable.<\/p>\n<p>Desde la <strong> FAM<\/strong> buscar\u00e1n articular para redise\u00f1ar e innovar en el uso de espacios p\u00fablicos y privados poniendo siempre en valor la riqueza y diversidad de las expresiones creativas y culturales. Impulsar\u00e1n la creaci\u00f3n de nuevos espacios, ArtLabs y centros tecnol\u00f3gicos sustentables e inclusivos orientados a la innovaci\u00f3n digital del sector creativo, como as\u00ed tambi\u00e9n a museos que diversifican sus modelos de negocio y los adaptan a las nuevas tendencias de modo sustentable e inclusivo.<\/p>\n<p>Adem\u00e1s, fomentar\u00e1n la difusi\u00f3n y la puesta en valor de producciones art\u00edsticas; proteger\u00e1n el valor patrimonial de los contenidos culturales, fortaleciendo la identidad y la cohesi\u00f3n social para crear modelos de desarrollo sustentable a partir de saberes locales, valorando los aspectos individuales e intr\u00ednsecos de cada persona, en la creaci\u00f3n de escenarios que aseguren la trascendencia de los valores de la <strong>Fundaci\u00f3n de Arte M\u00f3vil.<\/strong><\/p>\n<p>La <strong> FAM<\/strong> cree en un mundo donde todas las personas, puedan desarrollar sus capacidades art\u00edsticas y manifestarlas en todo su potencial, en el marco de un mundo m\u00e1s gentil y cuidadoso con el entorno y el planeta.<\/p>\n<p><em>\u00abSomos un grupo de profesionales que ofrecemos ayuda, asistencia y asesoramiento gratuito para que artistas visuales, de la m\u00fasica, el teatro, la escritura y todas las expresiones art\u00edsticas y culturales logren plasmar sus dones y concretar sus proyectos<\/em>\u00ab, se autodescriben.<\/p>\n<p>Acompa\u00f1an a Claudio en el Consejo Directivo de la <strong>FAM<\/strong> el Mgter Guillermo Su\u00e1rez, destacado profesional del \u00e1mbito de la educaci\u00f3n y aprendizaje digital, como la Lic. Natalia Gurny, con reconocida trayectoria en el \u00e1mbito de la innovaci\u00f3n abierta y competitividad, apoyando la transversalidad y multidiciplinariedad en el desarrollo de la Fundaci\u00f3n.<\/p>\n<p>Con esta nueva entidad, <em> \u00abaspiramos a convocar y detectar artistas emergentes que necesitan ayuda, asesoramiento y apoyo para poder desarrollar sus proyectos. Brindar oportunidades para que los artistas puedan lanzarse con sus obras ya sea por medio de redes de contactos, asesoramiento para presentaci\u00f3n de proyectos, enlace con entidades p\u00fablicas y privadas que les permitan iniciar su actividad art\u00edstica. Brindar capacitaciones, charlas y talleres para los artistas que se inician. Desarrollar concursos que aliente y premien desarrollos art\u00edsticos de calidad. Alentar el desarrollo de proyectos y actividades que incluyan la acci\u00f3n responsable con el planeta, tanto a trav\u00e9s de los materiales que emplea, sus mensajes como el impacto que pueda generar\u00bb.<\/em><\/p>\n<p>Dentro del \u00e1mbito de la Capacitaci\u00f3n y la Formaci\u00f3n, el programa de la FAM desarrollar\u00e1 charlas, talleres, cursos, y capacitaciones gratuitas para artistas que se inician logren desarrollar obra, cuenten con herramientas para desarrollar el marketing y la comercializaci\u00f3n en el mercado fin a su especialidad.<\/p>\n<p><strong> FAM<\/strong>, busca desarrollar actividades art\u00edsticas junto con la comunidad, los barrios y vecinos de las ciudades. El objetivo es generar integraci\u00f3n y promover la participaci\u00f3n en zonas vulnerables donde el arte es un puente y un medio para trascender.<\/p>\n<p>Se buscar\u00e1 la intervenci\u00f3n urbana de fachadas, promoci\u00f3n de diferentes expresiones del arte en eventos y festivales abiertos a la comunidad y desarrollados con la comunidad.<br \/>\nDiferentes actores de la sociedad tienen la posibilidad de confluir en intereses comunes que beneficien el entorno, donde surgen tem\u00e1ticas que involucran aspectos tales<br \/>\ncomo la diversidad cultural, la integraci\u00f3n, la igualdad de g\u00e9nero, la inclusi\u00f3n, y todo factor fundamental que permita conectar la cultura, el arte y la comunidad a trav\u00e9s de<br \/>\nla participaci\u00f3n ciudadana.<\/p>\n<p>Tambi\u00e9n organizar\u00e1n muestras y exposiciones, a trav\u00e9s de un programa que se propone brindar apoyo a los artistas y colaborar para que participen en muestras y exposiciones. Para esto se trabajar\u00e1 con las redes de contactos y la agenda de galer\u00edas, museos y centros culturales, muestras y exposiciones.<\/p>\n<p>No caben dudas que en los tiempos que corren, la creatividad, el talento y la innovaci\u00f3n son recursos inagotables. Por eso desde la entidad impulsan la transici\u00f3n a nuevos modelos de negocio que incorporen diferentes formatos de monetizaci\u00f3n de producciones creativas, articulada por proyectos orientados hacia la creaci\u00f3n y la innovaci\u00f3n haciendo uso responsable de la tecnolog\u00eda y eliminando fronteras en las posibilidades de crecimiento y expansi\u00f3n.<\/p>\n<p><strong> Acerca de Claudio Roncoli<\/strong><\/p>\n<p>Claudio se recibi\u00f3 en la Escuela Nacional Bellas Artes P. Pueyrred\u00f3n como Profesor Nacional de Bellas Artes.<\/p>\n<p>A la par de sus estudios art\u00edsticos se desarroll\u00f3 como Director de Arte en agencias de Publicidad, entre otras McCann Erickson, Gowland SA, Grey Direct, S+V, Gonz\u00e1lez Taboada Guevara y Prootion SA.<\/p>\n<p>Su pasi\u00f3n por el dise\u00f1o visual sonoro, hizo que Claudio gane dos Gramy, primero en 2017 el Latin Grammy y en 2018 el Grammy Americano, por la Direcci\u00f3n de Arte y Dise\u00f1o de Art Music Packaging.<\/p>\n<p>A partir de su carrera como artista visual, ha llevado sus obras a importantes galer\u00edas y museos en todo el mundo. Sus murales de gran formato pueden verse en Miami, New York, M\u00e9xico, Madrid y Argentina.<\/p>\n<p>Sus obras han sido expuestas en South Korea, Holanda, Roma, Madrid, Londres, New York, Los Angeles, Miami, M\u00e9xico, Venezuela, Bolivia, Brasil, Uruguay, Chile y Argentina.<\/p>\n<p>Desde 2014 reside en USA y en 2016 recibi\u00f3 la Recipient National Endowment for the Arts Grants, Miami; USA para la realizaci\u00f3n de su serie Empty Project en Bakehouse Art Complex Miami.<\/p>\n<p><strong><em>Por otras im\u00e1genes, audios o entrevistas no dude en contactarse<\/em><\/strong><\/p>\n<p><strong><em> Contactos de Prensa<\/em><\/strong><\/p>\n<table width=\"100%\">\n<tbody>\n<tr>\n<td width=\"50%\"><strong> Candela Villanueva &#8211; Asistente de Cuentas<\/p>\n<p><\/strong> <b> Directo<\/b><strong>: <\/strong> 0230-4664772<br \/>\n<b> Skype:<\/b> quasarcomunicacion<br \/>\n<b> Instagram<\/b>: @quasarcomunicacion<br \/>\n<b> Twitter:<\/b> @quasarpilar<br \/>\n<b> Gr<\/b><b>upo y p\u00e1gina en Facebook: <\/b> www.facebook.com\/<a href=\"mailto:mfipata@gmail.com\">Quasar<\/a>Comunicacion<br \/>\n<b> Web:<\/b> <a href=\"http:\/\/www.quasarcomunicacion.com.ar\"> www.quasarcomunicacion.com.ar<\/a><\/p>\n<p><b> Mail<\/b><strong>:<\/strong> <a href=\"mailto:fernanda@quasarcomunicacion.com.ar\"> candela<\/a><a href=\"mailto:fernanda@quasarcomunicacion.com.ar\">@quasarcomunicacion.com.ar<\/a><\/td>\n<td width=\"50%\"><strong> Lic. Mar\u00eda Fernanda Ipata &#8211; Directora<br \/>\n<\/strong> <b><br \/>\n<\/b> <b> M\u00f3vil:<\/b> 0230-15-4584535<br \/>\n<b> Whatsapp<\/b><b>:<\/b><a href=\"https:\/\/bit.ly\/2J4cUvm\"> 11 5312 6795<\/a><br \/>\n<a href=\"https:\/\/bit.ly\/2Sn1zLP\"> Enviar whatsapp aqu\u00ed<\/a><br \/>\n<b> Skype:<\/b> quasarcomunicacion<br \/>\n<b> LinkedIn<\/b><strong>:\u00a0 <\/strong> <strong> <a href=\"http:\/\/www.linkedin.com\/in\/mfipata\"> http:\/\/www.linkedin.com\/in\/mfipata<\/a><\/strong><br \/>\n<a href=\"https:\/\/www.linkedin.com\/company\/quasarcomunicacion\"> https:\/\/www.linkedin.com\/company\/quasarcomunicacion<\/a><br \/>\n<b> Instagram y Facebook:<\/b> @quasarcomunicacion <b><br \/>\nWeb:<\/b> <a href=\"http:\/\/www.quasarcomunicacion.com.ar\"> www.quasarcomunicacion.com.ar<\/a><br \/>\n<b> Mail<\/b><strong>:<\/strong><a href=\"mailto:fernanda@quasarcomunicacion.com.ar\"> fernanda@quasarcomunicacion.com.ar<\/a><br \/>\n<b> Canal de Telegram para acceder a comunicados:<\/b> https:\/\/t.me\/comunicadosQC<\/td>\n<\/tr>\n<\/tbody>\n<\/table>\n","protected":false},"excerpt":{"rendered":"<p>Buenos Aires (07\/12\/2021) &#8211; El pasado viernes, en el Complejo Museogr\u00e1fico Provincial Enrique Udaondo, en la ciudad de Luj\u00e1n (Buenos [&hellip;]<\/p>\n","protected":false},"author":2,"featured_media":11541,"comment_status":"closed","ping_status":"closed","sticky":false,"template":"","format":"standard","meta":[],"categories":[2],"tags":[],"_links":{"self":[{"href":"https:\/\/quasarcomunicacion.com.ar\/web\/wp-json\/wp\/v2\/posts\/11544"}],"collection":[{"href":"https:\/\/quasarcomunicacion.com.ar\/web\/wp-json\/wp\/v2\/posts"}],"about":[{"href":"https:\/\/quasarcomunicacion.com.ar\/web\/wp-json\/wp\/v2\/types\/post"}],"author":[{"embeddable":true,"href":"https:\/\/quasarcomunicacion.com.ar\/web\/wp-json\/wp\/v2\/users\/2"}],"replies":[{"embeddable":true,"href":"https:\/\/quasarcomunicacion.com.ar\/web\/wp-json\/wp\/v2\/comments?post=11544"}],"version-history":[{"count":1,"href":"https:\/\/quasarcomunicacion.com.ar\/web\/wp-json\/wp\/v2\/posts\/11544\/revisions"}],"predecessor-version":[{"id":11545,"href":"https:\/\/quasarcomunicacion.com.ar\/web\/wp-json\/wp\/v2\/posts\/11544\/revisions\/11545"}],"wp:featuredmedia":[{"embeddable":true,"href":"https:\/\/quasarcomunicacion.com.ar\/web\/wp-json\/wp\/v2\/media\/11541"}],"wp:attachment":[{"href":"https:\/\/quasarcomunicacion.com.ar\/web\/wp-json\/wp\/v2\/media?parent=11544"}],"wp:term":[{"taxonomy":"category","embeddable":true,"href":"https:\/\/quasarcomunicacion.com.ar\/web\/wp-json\/wp\/v2\/categories?post=11544"},{"taxonomy":"post_tag","embeddable":true,"href":"https:\/\/quasarcomunicacion.com.ar\/web\/wp-json\/wp\/v2\/tags?post=11544"}],"curies":[{"name":"wp","href":"https:\/\/api.w.org\/{rel}","templated":true}]}}