{"id":11521,"date":"2021-11-24T18:42:52","date_gmt":"2021-11-24T18:42:52","guid":{"rendered":"https:\/\/quasarcomunicacion.com.ar\/web\/?p=11521"},"modified":"2021-11-24T19:57:58","modified_gmt":"2021-11-24T19:57:58","slug":"el-arte-protagonista-de-estilo-pilar-delta-escobar","status":"publish","type":"post","link":"https:\/\/quasarcomunicacion.com.ar\/web\/el-arte-protagonista-de-estilo-pilar-delta-escobar\/","title":{"rendered":"El Arte protagonista de Estilo Pilar Delta Escobar"},"content":{"rendered":"<p>La <strong>18\u00b0 edici\u00f3n de ESTILO PILAR<\/strong>, est\u00e1 llegando a su fin, podr\u00e1 visitarse hasta el domingo 28 de noviembre, de jueves a domingo de 12 a 20 hs en el emprendimiento n\u00e1utico <strong>El Naudir &#8211; Aguas Privadas<\/strong> de la desarrolladora E2. La muestra es organizada por la Asociaci\u00f3n sin fines de lucro <strong>AMIGOS DEL PILAR<\/strong>, y todo lo recaudado en el evento se destina a dar atenci\u00f3n odontol\u00f3gica calificada y gratuita a ni\u00f1os de escasos recursos del partido de Pilar.<!--more--><\/p>\n<p>Como en cada ocasi\u00f3n, a los profesionales de la Decoraci\u00f3n y el Paisajismo se les suman los artistas que presentan sus trabajos con un esp\u00edritu puramente n\u00e1utico para disfrutar de una expo a orillas del agua. As\u00ed fue como naci\u00f3 el leitmotiv \u201cVivir el agua\u201d, como inspiraci\u00f3n de las lagunas privadas y agua natural del R\u00edo Luj\u00e1n que ofrecen las instalaciones de El Naudir.<\/p>\n<p><a href=\"https:\/\/quasarcomunicacion.com.ar\/web\/wp-content\/uploads\/2021\/11\/Fierrokinesis.gif\"><img class=\"aligncenter\" src=\"https:\/\/quasarcomunicacion.com.ar\/web\/wp-content\/uploads\/2021\/11\/Fierrokinesis.gif\" \/><\/a><\/p>\n<p>Adem\u00e1s, este s\u00e1bado 27 a las 16 hs los visitantes podr\u00e1n disfrutar de la Performance Chaos por Amhaus inspirada en la obra Entrevero de la artista Mar\u00eda Jos\u00e9 Antelo.<\/p>\n<p>El sector de Arte de <strong>Estilo Pilar <\/strong>est\u00e1 a cargo de Alicia Erbin y Cristina Bonanno, \u00ab<em>en esta edici\u00f3n el Arte est\u00e1 representado por varios artistas que siempre nos acompa\u00f1an y otros que se suman por primera vez a esta exposici\u00f3n\u00bb,<\/em> indican.<\/p>\n<p>Aunque el leiv motiv de la muestra es \u201cvivir el agua\u201c en arte la tem\u00e1tica es libre, \u00ab<em>las obras conviven en una armon\u00eda con la mirada a la naturaleza y el espejo de agua que ofrece El Naudir. De esta manera las pinturas y las esculturas se fusionan con el espacio y la Laguna\u00bb<\/em>, aseguran las responsables del espacio cultural dentro de <strong>Estilo Pilar<\/strong>.<\/p>\n<p><a href=\"https:\/\/quasarcomunicacion.com.ar\/web\/wp-content\/uploads\/2021\/11\/juradoarte.gif\"><img class=\"aligncenter\" src=\"https:\/\/quasarcomunicacion.com.ar\/web\/wp-content\/uploads\/2021\/11\/juradoarte.gif\" \/><\/a><\/p>\n<p>Los artistas con distintas propuestas y estilos prometen una diversidad de tem\u00e1ticas, est\u00e9ticas y b\u00fasquedas, en formatos diversos. El sector adem\u00e1s ofrece charlas para acercar a los visitantes al arte desde la mirada de los protagonistas.<\/p>\n<p>Como siempre <strong>Estilo Pilar<\/strong> distingue con premios y menciones a los mejores en cada sector. El jurado de este a\u00f1o estuvo compuesto por las referentes de la cultura pilarense Victoria Pandolfo, Mar\u00eda Claudia Defante y las profesoras de arte de la UNA Mariana Paula Zueta y Nieves Amorena.<\/p>\n<p>Los artistas que fueron evaluados por el jurado fueron Andrea Ricciardulli- Clara Frers -Yvonne Delor &#8211; Flavio Chinelato &#8211; Carolina Filice &#8211; H\u00e9ctor Chivil\u00f3- Eugenia Torre- Gustavo Cilla &#8211; Viviana Bernardi- Sue Morrera -Florencia Zampieri &#8211; Lorena Chaplin -Valeria Usandizaga-Mauge Saenz Asprea &#8211; Cris Alzualde &#8211; Yanina de Martino.<\/p>\n<p><a href=\"https:\/\/quasarcomunicacion.com.ar\/web\/wp-content\/uploads\/2021\/11\/delor.gif\"><img class=\"aligncenter\" src=\"https:\/\/quasarcomunicacion.com.ar\/web\/wp-content\/uploads\/2021\/11\/delor.gif\" \/><\/a><\/p>\n<p>Los premiados fueron: 1\u00ba Premio Arte para Yvonne Delor con la Obra: Autopartes Puertas y una Menci\u00f3n para Fierrokinesis de Flavio Chinelato con la Obra: La Ipomea que consiste en varillas de metal arqueadas a mano y piezas esmaltadas a dos fuegos.<\/p>\n<p>La obra que se alz\u00f3 con el primer premio mide 208 por 180 cms y fue realizada con puertas de 10 autos antiguos con sus colores originales, con inclusi\u00f3n de piedras semipreciosas: lapisl\u00e1zuli, citrino, \u00e1gata, amatista, pruza, aragonita, cuarzo cristal, cuarzo ahumado, cuarzo rojo, sodalita, turmalina, cianita y apatito.<\/p>\n<p>El grupo de artistas convocados por Agustina Mazzini Uriburu para esta 18\u00b0 edici\u00f3n de<strong> Estilo Pilar<\/strong> fueron Jorge Gamarra, Zulema Maza, Arturo Ballester Molina, Hern\u00e1n Giraud, Sara Stewart Brown, Gerardo Wohlgemuth, Florencia Gonz\u00e1lez Alzaga, Karina Chechik y Pollo Dighero.<\/p>\n<p><strong>Acerca de Estilo Pilar <\/strong><\/p>\n<p>La muestra cuenta con otras 2 hect\u00e1reas destinadas al estacionamiento gratuito para los visitantes. Unos 30 dise\u00f1adores de interiores, m\u00e1s de 20 artistas y una decena de paisajistas, exhiben sus dise\u00f1os y creaciones en cuatro casas ribere\u00f1as de construcci\u00f3n modular de la empresa NURHOUSE.<\/p>\n<p>Los sponsors de esta edici\u00f3n son: El Naudir (emprendimiento n\u00e1utico), Vite (porcelanato), Tersuave (pintura), Rielamericano (cortinas y toldos), Indusparquet (pisos y revestimientos de madera), Canteras del Mundo (m\u00e1rmoles, granitos y superficies ultracompactas), Longvie (electrodom\u00e9sticos), Moldumet (perfiles, molduras, accesorios de ba\u00f1o y revestimientos pl\u00e1sticos), Rehau (aberturas de pvc), Roca (sanitarios y grifer\u00edas), Viio (vidrios decorativos), Iluminatti (iluminaci\u00f3n), Nurhouse (construcci\u00f3n), Modulari (construcci\u00f3n), La Naci\u00f3n (medios),Telecom (telecomunicaciones) y Landhi (socio de plataforma digital).<\/p>\n<p>La desarrolladora de E2 tiene un domo en la muestra donde presentar\u00e1 sus cuatro nuevos emprendimientos brindando informaci\u00f3n y detalles de cada uno de ellos.<\/p>\n<p>La muestra cuenta un sector de Showrooms con la presencia de Bue Deco Wall Design,<br \/>\nLa Popeline, Casa di Giulietta, Blue Fingers Art y Ikon Lamps\/Slow Design Studio.<\/p>\n<p>El p\u00fablico visitante tiene la oportunidad de recorrer el cl\u00e1sico Paseo de Compras, compuesto por m\u00e1s de 30 carpas con una amplia variedad de productos: ropa, accesorios, carteras, alimentos, mantas, plater\u00eda y art\u00edculos para decorar, entre otros. Este a\u00f1o <strong> Estilo Pilar <\/strong>se convierte en una buena oportunidad para realizar las compras para las fiestas de fin de a\u00f1o.<\/p>\n<p>En el Paseo de Compras se encuentran a emprendedores como Gypsy &amp; Navajo, Consultora Independiente Swiss Just, Sophie Vetements &amp; Home, Showroom Gi &amp; Lo, Ria Deco, Cirque Chocolat, Buena Fibra, Decopad, Mantas de Llama, Metta, Artdusol, Maison3 \/ Charles by Celine, Clifftone, Mandawa Handbags, Alma India, Airaudo Platero, Valaleri, Vakla, Ocres Interiorismo, Clarson &amp; Jules, Finca Mi Flor, Caprichos del Rey, Bilbao Backpack\/La Mar Lettering, Isla Xocolatl, Anapass Home &amp; Essences, Troya, Luz Propia, T\u00e9 + Th\u00e9 Tea Shop, Plantery The Plant Market, Diablas y Santas\/El Ba\u00fal de Lola, CG Decoraci\u00f3n, Lamarque, Daphne Baires, Ukelele.<\/p>\n<p>Adem\u00e1s, en el Paseo Verde, unos 20 expositores ofrecen diferentes productos aptos para exteriores como fogoneros, macetas, muebles de exterior y plantas. Entre ellos, est\u00e1n Biofogones Design, Macetas La Cioppa, Don Acero, Hiroki Minipiscinas Japonesas, Pampa<br \/>\nAcquabio Ingenier\u00eda en agua, Mart\u00edn Aizaga Garden &amp; Deco, MIKE Outdoor, DRG Mundo Colgante, Parques Estilo, M\u00ednima Huella, Vivero del Puerto, FGO Argentina y Candock Argentina.<\/p>\n<p>El escenario ribere\u00f1o cuenta con un muelle con amarras y una interesante propuesta para los amantes de la n\u00e1utica.<\/p>\n<p>El sector gastron\u00f3mico ofrece una variada propuesta en el formato de foodtrucks con una amplia plaza de sillas y mesas para pasar un lindo momento al aire libre en un entorno inigualable. Se podr\u00e1n degustar las exquisiteses de Munchis, Asando ando, Cagnoli, Sandwiches Tandileros y Los Olivos.<\/p>\n<p>Con lo recaudado en la muestra solidaria, <strong>AMIGOS DE PILAR<\/strong>, tiene como misi\u00f3n financiar la atenci\u00f3n odontol\u00f3gica para ni\u00f1os de bajos recursos. Su gran compromiso y esfuerzo, llevados a cabo a lo largo de todos estos a\u00f1os, le han permitido garantizar el \u00e9xito en cada una de sus exposiciones.<\/p>\n<p><strong>INFORMACION \u00daTIL<\/strong><\/p>\n<p><strong>Fecha<\/strong>: Del 28 de octubre al 28 de noviembre<\/p>\n<p><strong>D\u00edas y horarios: <\/strong>De jueves a domingos, de 12 a 20 hs. Domingo 14\/11 cerrado por Elecciones Generales.<\/p>\n<p><strong>Lugar<\/strong>: El Naudir &#8211; Aguas Privadas RN25 4020, Escobar, Buenos Aires<\/p>\n<p><strong>Indicaciones para llegar<\/strong><\/p>\n<p><strong>Veh\u00edculo particular<\/strong><br \/>\nNUEVO ACCESO<br \/>\nIngreso a trav\u00e9s de PUERTOS destino:<br \/>\nEl Naudir \u2013 Aguas privadas<\/p>\n<p>1 &#8211; Tomar RUTA PANAMERICANA RAMAL ESCOBAR hasta Km 45 en donde deber\u00e1 tomar la salida Av. de los Lagos.<br \/>\n2 &#8211; Continuar por Av. de los Lagos 4Km hasta el ingreso al barrio PUERTOS, en donde deber\u00e1 presentar su DNI para poder continuar con el trayecto interno.<br \/>\n3 &#8211; Dentro de Puertos en todo momento deber\u00e1 seguir las indicaciones que dirigen hacia el AVP y\/o Ruta 25.<br \/>\n4 &#8211; Llegando al final del trayecto pr\u00f3ximo al AVP se encuentra la salida a la Ruta 25, en donde deber\u00e1 pasar por la guardia de salida de Puertos. Ya sobre la ruta 25 tomar hac\u00eda la derecha.<br \/>\n5 &#8211; Recorrer 600 metros aprox. hasta el ingreso a EL NAUDIR.<br \/>\nEn tren<br \/>\nTren desde Estaci\u00f3n Retiro hasta Estaci\u00f3n Escobar (L\u00ednea Mitre) + L\u00ednea de colectivo 276<\/p>\n<p><strong>En colectivo<br \/>\nDesde Plaza Italia:<\/strong><br \/>\n&#8211; L\u00edneas de colectivo 194B\/194\/G\/F\/E\/A + 276<br \/>\n&#8211; L\u00edneas de colectivo 60G + 276<br \/>\n<strong>Desde Puente Saavedra:<br \/>\n<\/strong>&#8211; L\u00edneas de colectivo 194B\/194C\/G\/F\/E + 276<br \/>\n<strong>Desde M\u00e1rquez y Panamericana:<\/strong><br \/>\n&#8211; L\u00edneas de colectivo 60G + 276<br \/>\n<strong>Desde Pilar:<\/strong><br \/>\n&#8211; L\u00ednea 276 (sale de San Mart\u00edn y Estanislao L\u00f3pez)<\/p>\n<p><strong>Valores de entradas<\/strong><\/p>\n<p>Entrada General $650<br \/>\nJubilados $520<br \/>\nGrupo familiar a partir de 4 personas $520 cada mayor de 12 a\u00f1os<br \/>\nMenores de 12 a\u00f1os Sin cargo<br \/>\nGrupos a partir de 4 personas $520 por persona<br \/>\nPersonas con discapacidad Sin cargo (presentando certificado)<\/p>\n<p><strong>Beneficios<\/strong><\/p>\n<p>Presentando Cup\u00f3n 2&#215;1 JUMBO\/DISCO a valor de la entrada general $650<\/p>\n<p>Club LA NACION 2&#215;1 jueves\/viernes<br \/>\nA valor de la entrada general $650<\/p>\n<p>Club LA NACION 20% Dto s\u00e1bados\/domingos<br \/>\nSobre el valor de la entrada general $650<\/p>\n<p>Club PERSONAL 2&#215;1 jueves\/viernes<br \/>\nA valor de la entrada general $650<\/p>\n<p><strong> Contacto Estilo Pilar<\/strong><br \/>\n<a href=\"https:\/\/www.facebook.com\/estilopilar\">https:\/\/www.facebook.com\/estilopilar<\/a><br \/>\n<a href=\"https:\/\/www.instagram.com\/estilopilar\/\">https:\/\/www.instagram.com\/estilopilar\/<\/a><br \/>\n<a href=\"http:\/\/www.estilopilar.com.ar\/\">http:\/\/www.estilopilar.com.ar\/<\/a><\/p>\n<p><strong> Sobre de Amigos del Pilar<\/strong><\/p>\n<p>Como todos los a\u00f1os anteriores,<strong> Estilo Pilar<\/strong> es organizado por <strong>Amigos del Pilar<\/strong>, una Asociaci\u00f3n Civil que surgi\u00f3 de la inquietud de un grupo de mujeres con esp\u00edritu solidario que deseaban colaborar y comprometerse con su comunidad. Desde el a\u00f1o 1996 trabajan en el partido de Pilar con la misi\u00f3n de brindar ayuda a ni\u00f1os de escasos recursos en materia de salud odontol\u00f3gica: \u201cUn Pilar con atenci\u00f3n digna para aquellos de bajos recursos\u201d.<br \/>\nPara llevar a cabo esta tarea, en el a\u00f1o 2004 crearon los consultorios odontol\u00f3gicos propios, que funcionaron ininterrumpidamente hasta Octubre del 2014. A partir del 1 de Octubre de ese a\u00f1o iniciaron un nuevo camino. Formularon un nuevo sistema de becas que hace posible que tanto antiguos pacientes, como aquellos nuevos que soliciten atenci\u00f3n, puedan ser atendidos con la financiaci\u00f3n de <strong> Amigos del Pilar<\/strong>.<br \/>\nEste nuevo proyecto es posible tambi\u00e9n gracias a la ayuda de profesionales solidarios que comprenden la tarea y est\u00e1n involucrados con la obra de la fundaci\u00f3n.<br \/>\nDurante la cuarentena, despu\u00e9s de un per\u00edodo de casi un mes en el que los consultorios debieron permanecer cerrados, se atendieron \u00fanicamente urgencias. Actualmente la atenci\u00f3n es con turnos programados.<br \/>\nDesde el a\u00f1o 2004 hasta mayo de 2021 fueron atendidos 72.793 ni\u00f1os de entre 3 y 12 a\u00f1os y se brindaron 219.295 prestaciones odontol\u00f3gicas.<br \/>\nDe esta manera, en 2019 inauguraron los consultorios odontol\u00f3gicos inclusivos en el Centro de Rehabilitaci\u00f3n Pilares de Esperanza, los mismos fueron construidos y equipados por Amigos del Pilar con lo recaudado en las \u00faltimas ediciones de Estilo Pilar. Son dos consultorios con sala de espera equipados con el sill\u00f3n, instrumental y equipo de rayos X. Las odont\u00f3logas que atienden en ese espacio est\u00e1n especializadas en la atenci\u00f3n de ni\u00f1os con capacidades diferentes.<\/p>\n<p>Para m\u00e1s informaci\u00f3n ingresar a <a href=\"http:\/\/www.amigosdelpilar.org.ar\/\">http:\/\/www.amigosdelpilar.org.ar\/<\/a><\/p>\n<p><strong> EL NAUDIR Aguas Privadas, un emprendimiento n\u00e1utico de la desarrolladora E2<\/strong><\/p>\n<p>El barrio n\u00e1utico El Naudir &#8211; como Main Sponsor de Estilo Pilar y sede de la muestra- tendr\u00e1 su propio espacio para dar a conocer y promocionar sus desarrollos, as\u00ed como un Domo Central con diferentes actividades.<br \/>\nAdri\u00e1n Saraco, CEO y fundador de E2 dijo \u201cEstamos muy orgullosos de que Estilo Pilar nos haya elegido como sede para realizar su muestra. Fue un gran trabajo en conjunto que permitir\u00e1 que los visitantes puedan recorrer una muy linda exposici\u00f3n y a la vez conocer El Naudir y nuestros desarrollos en la zona\u201d.<br \/>\nE2 (www.e2evolucion.com) es una empresa nacional dedicada a los desarrollos urban\u00edsticos e inmobiliarios hace 15 a\u00f1os, tanto en Argentina como en el mundo.<br \/>\nPara E2 intervenir una zona es sin\u00f3nimo de agregarle valor, ya que como empresa cuenta con la habilidad de convertir metros cuadrados en oportunidades de negocios.<br \/>\nAgregar valor implica para E2, proyectar desarrollos y llevarlos a cabo, aportando para la zona una verdadera diferencia: ya sea innovando al apostar a zonas a\u00fan no suficientemente explotadas, o bien renovando \u00e1reas recuperando los atributos del lugar en sinton\u00eda con las tendencias contempor\u00e1neas de usos de la tierra.<br \/>\nEntre los desarrollos consolidados de E2 se encuentran Naudir, Aguas Privadas y El Cazalen Escobar. Con motivo de sus 15 a\u00f1os, este mes lanza nuevos desarrollos tanto en la zona de mayor crecimiento de Escobar, denominada El Nuevo Cazador, como en San Isidro, destac\u00e1ndose cada emprendimiento por caracter\u00edsticas especiales que los hacen \u00fanicos, ya sea por barrios 100% n\u00e1uticas, lotes + casas al rio, barrios h\u00edpicos o departamentos y condominios con servicios exclusivos, y cada uno de los desarrollos con el interiorismo y sello de Pablo Chiappori de Paul French Gallery.<\/p>\n<p>@e2evolucion<br \/>\n@elnaudir<\/p>\n<p><strong><em>Por otras im\u00e1genes, audios o entrevistas no dude en contactarse<\/em><\/strong><\/p>\n<p>Toda la informaci\u00f3n en www.quasarcomunicacion.com.ar\/web\/estilopilar21<\/p>\n<p><strong><em> Contactos de Prensa<\/em><\/strong><\/p>\n<table width=\"100%\">\n<tbody>\n<tr>\n<td width=\"50%\"><strong> Candela Villanueva &#8211; Asistente de Cuentas<\/strong><\/p>\n<p><b> Directo<\/b><strong>: <\/strong> 0230-4664772<br \/>\n<b> Skype:<\/b> quasarcomunicacion<br \/>\n<b> Instagram<\/b>: @quasarcomunicacion<br \/>\n<b> Twitter:<\/b> @quasarpilar<br \/>\n<b> Gr<\/b><b>upo y p\u00e1gina en Facebook: <\/b> www.facebook.com\/QuasarComunicacion<br \/>\n<b> Web:<\/b> www.quasarcomunicacion.com.ar<\/p>\n<p><b> Mail<\/b><strong>:<\/strong>candela@quasarcomunicacion.com.ar<\/td>\n<td width=\"50%\"><strong> Victoria Tramontin<\/strong><\/p>\n<p><b> Directo<\/b><strong>: <\/strong> 0230-4664772<br \/>\n<b> Skype:<\/b> quasarcomunicacion<br \/>\n<b> Instagram<\/b>: @quasarcomunicacion<br \/>\n<b> Twitter:<\/b> @quasarpilar<br \/>\n<b> Gr<\/b><b>upo y p\u00e1gina en Facebook: <\/b> www.facebook.com\/QuasarComunicacion<br \/>\n<b> Web:<\/b> www.quasarcomunicacion.com.ar<\/p>\n<p><b> Mail<\/b><strong>:<\/strong> asistente@quasarcomunicacion.com.ar<\/td>\n<\/tr>\n<\/tbody>\n<\/table>\n","protected":false},"excerpt":{"rendered":"<p>La 18\u00b0 edici\u00f3n de ESTILO PILAR, est\u00e1 llegando a su fin, podr\u00e1 visitarse hasta el domingo 28 de noviembre, de [&hellip;]<\/p>\n","protected":false},"author":2,"featured_media":11513,"comment_status":"open","ping_status":"open","sticky":false,"template":"","format":"standard","meta":[],"categories":[2],"tags":[],"_links":{"self":[{"href":"https:\/\/quasarcomunicacion.com.ar\/web\/wp-json\/wp\/v2\/posts\/11521"}],"collection":[{"href":"https:\/\/quasarcomunicacion.com.ar\/web\/wp-json\/wp\/v2\/posts"}],"about":[{"href":"https:\/\/quasarcomunicacion.com.ar\/web\/wp-json\/wp\/v2\/types\/post"}],"author":[{"embeddable":true,"href":"https:\/\/quasarcomunicacion.com.ar\/web\/wp-json\/wp\/v2\/users\/2"}],"replies":[{"embeddable":true,"href":"https:\/\/quasarcomunicacion.com.ar\/web\/wp-json\/wp\/v2\/comments?post=11521"}],"version-history":[{"count":2,"href":"https:\/\/quasarcomunicacion.com.ar\/web\/wp-json\/wp\/v2\/posts\/11521\/revisions"}],"predecessor-version":[{"id":11524,"href":"https:\/\/quasarcomunicacion.com.ar\/web\/wp-json\/wp\/v2\/posts\/11521\/revisions\/11524"}],"wp:featuredmedia":[{"embeddable":true,"href":"https:\/\/quasarcomunicacion.com.ar\/web\/wp-json\/wp\/v2\/media\/11513"}],"wp:attachment":[{"href":"https:\/\/quasarcomunicacion.com.ar\/web\/wp-json\/wp\/v2\/media?parent=11521"}],"wp:term":[{"taxonomy":"category","embeddable":true,"href":"https:\/\/quasarcomunicacion.com.ar\/web\/wp-json\/wp\/v2\/categories?post=11521"},{"taxonomy":"post_tag","embeddable":true,"href":"https:\/\/quasarcomunicacion.com.ar\/web\/wp-json\/wp\/v2\/tags?post=11521"}],"curies":[{"name":"wp","href":"https:\/\/api.w.org\/{rel}","templated":true}]}}