{"id":11489,"date":"2021-11-12T21:05:06","date_gmt":"2021-11-12T21:05:06","guid":{"rendered":"https:\/\/quasarcomunicacion.com.ar\/web\/?p=11489"},"modified":"2021-11-23T14:01:06","modified_gmt":"2021-11-23T14:01:06","slug":"el-polo-educativo-pilar-realizo-su-muestra-de-arte-y-tecnologia-virtual","status":"publish","type":"post","link":"https:\/\/quasarcomunicacion.com.ar\/web\/el-polo-educativo-pilar-realizo-su-muestra-de-arte-y-tecnologia-virtual\/","title":{"rendered":"El Polo Educativo Pilar realiz\u00f3 su Muestra de Arte y Tecnolog\u00eda Virtual"},"content":{"rendered":"<p>El <strong>Polo Educativo<\/strong> <strong>Pilar<\/strong> realiz\u00f3 su <strong>Muestra de Ciencia y Tecnolog\u00eda Virtual<\/strong>, una Exposici\u00f3n de trabajos de alumnos que se materializa en sus redes sociales, de la que participan los alumnos de todos los niveles educativos: inicial, primaria, secundaria y universitario de las instituciones asociadas.<\/p>\n<p>La Galer\u00eda se puede visualizar en las redes sociales del <strong>Polo Educativo Pilar<\/strong>: en Instagram <a href=\"https:\/\/www.instagram.com\/poloeducativopilar\/\"> https:\/\/www.instagram.com\/poloeducativopilar\/<\/a> y en Facebook <a href=\"https:\/\/www.facebook.com\/poloeducativo\"> https:\/\/www.facebook.com\/poloeducativo<\/a><!--more--><\/p>\n<p>En esta muestra virtual que se materializa en videos y fotos, se presentan proyectos de aprendizaje de todas las materias donde el uso de la tecnolog\u00eda haya sido el diferencial. La muestra comenz\u00f3 el 13 de octubre y finaliza el 12 de noviembre con la participaci\u00f3n de algunos de los colegios y universidades miembros del <strong>Polo Educativo Pilar<\/strong>.<\/p>\n<p>En esta primera edici\u00f3n participaron alumnos de la Facultad de Ingenier\u00eda de la USAL (Universidad del Salvador), del Dailan School &amp; Sports, del Colegio Norbridge, del Brick Towers College, del San Jorge Loma Verde y del Godspell College.<\/p>\n<p><a href=\"https:\/\/quasarcomunicacion.com.ar\/web\/wp-content\/uploads\/2021\/11\/muestraciencia.gif\"><img class=\"aligncenter\" src=\"https:\/\/quasarcomunicacion.com.ar\/web\/wp-content\/uploads\/2021\/11\/muestraciencia.gif\" \/><\/a><\/p>\n<p>La Muestra de Ciencia y Tecnolog\u00eda tiene como principal foco el uso de la tecnolog\u00eda y se realiza de manera virtual a trav\u00e9s de las redes sociales del Polo Educativo. <em>\u201cEs un espacio en el que los colegios pudieron contar c\u00f3mo el uso de la tecnolog\u00eda dej\u00f3 de ser un proceso exclusivo del laboratorio y se traslad\u00f3 al cotidiano de todas las \u00e1reas\u201d<\/em>, afirm\u00f3 Joaqu\u00edn Salas, Director General del colegio Brick Towers College y responsable de la muestra del <strong>Polo Educativo Pilar<\/strong>.<\/p>\n<p>El objetivo de la muestra es compartir c\u00f3mo los docentes aprendieron a potenciar sus actividades, motivando a los alumnos y as\u00ed generar una mayor participaci\u00f3n y fortaleciendo el desarrollo de habilidades m\u00faltiples. <em>\u201cDurante los \u00faltimos dos a\u00f1os hemos creado nuevos modelos de ense\u00f1anza y aprendimos junto a nuestros alumnos que la tecnolog\u00eda nos ayuda a fortalecer este proceso\u201d<\/em>, indic\u00f3 Salas.<\/p>\n<p>Adem\u00e1s, la Muestra de Ciencia y Tecnolog\u00eda, tiene como objetivo poder compartir las actividades que se realizan en los colegios y c\u00f3mo los alumnos pueden aprender apoy\u00e1ndose en pr\u00e1cticas cient\u00edficas y uso de la tecnolog\u00eda. <em>\u201cTanto la participaci\u00f3n de los alumnos en pr\u00e1cticas cient\u00edficas como el uso de tecnolog\u00eda en todas las materias ayuda a construir el aprendizaje centrado en el alumno y permite desarrollar habilidades y competencias necesarias\u201d, <\/em>afirm\u00f3 el Director General del Brick Towers College.<\/p>\n<p>La idea de realizar la muestra surge debido a que en los \u00faltimos dos a\u00f1os los docentes han tenido que reconvertirse y transformar sus metodolog\u00edas al formato digital y que han tenido grandes logros brind\u00e1ndoles a los alumnos la mejor adaptaci\u00f3n, por eso, se quiere mostrar el trabajo que los alumnos realizaron en las aulas.<\/p>\n<p>El uso de la tecnolog\u00eda en la muestra es de suma importancia ya que <em>\u201ccomunicar c\u00f3mo se utiliza la tecnolog\u00eda y con qu\u00e9 herramientas se est\u00e1n capacitando los alumnos es parte vital del proceso acad\u00e9mico\u201d<\/em>, afirm\u00f3 Salas. Adem\u00e1s, afirm\u00f3 que la educaci\u00f3n vivi\u00f3 una transformaci\u00f3n cultural muy fuerte durante la pandemia y muchos pudieron tomar esto para innovar en los procesos pedag\u00f3gicos.<\/p>\n<p>La Muestra de Ciencia y Tecnolog\u00eda fue para todos los niveles, desde sala de 2 hasta los niveles universitarios.<\/p>\n<p>Luego de la Galer\u00eda de Arte, la muestra de Ciencia y Tecnolog\u00eda se realiz\u00f3 a trav\u00e9s de las redes sociales del <strong>Polo Educativo Pilar,<\/strong> las cuales \u201cfacilitan la centralizaci\u00f3n de la informaci\u00f3n, agiliza la comunicaci\u00f3n y potencia la llegada a toda la comunidad\u201d, afirm\u00f3 Salas. Adem\u00e1s, no habr\u00e1 premios ni ganadores, la muestra es para poder compartir la innovaci\u00f3n educativa que est\u00e1n atravesando las instituciones.<\/p>\n<p>Ahora se viene la Muestra de M\u00fasica para seguir compartiendo el trabajo de docentes y alumnos de Pilar.<\/p>\n","protected":false},"excerpt":{"rendered":"<p>El Polo Educativo Pilar realiz\u00f3 su Muestra de Ciencia y Tecnolog\u00eda Virtual, una Exposici\u00f3n de trabajos de alumnos que se [&hellip;]<\/p>\n","protected":false},"author":2,"featured_media":11488,"comment_status":"open","ping_status":"open","sticky":false,"template":"","format":"standard","meta":[],"categories":[2],"tags":[],"_links":{"self":[{"href":"https:\/\/quasarcomunicacion.com.ar\/web\/wp-json\/wp\/v2\/posts\/11489"}],"collection":[{"href":"https:\/\/quasarcomunicacion.com.ar\/web\/wp-json\/wp\/v2\/posts"}],"about":[{"href":"https:\/\/quasarcomunicacion.com.ar\/web\/wp-json\/wp\/v2\/types\/post"}],"author":[{"embeddable":true,"href":"https:\/\/quasarcomunicacion.com.ar\/web\/wp-json\/wp\/v2\/users\/2"}],"replies":[{"embeddable":true,"href":"https:\/\/quasarcomunicacion.com.ar\/web\/wp-json\/wp\/v2\/comments?post=11489"}],"version-history":[{"count":1,"href":"https:\/\/quasarcomunicacion.com.ar\/web\/wp-json\/wp\/v2\/posts\/11489\/revisions"}],"predecessor-version":[{"id":11490,"href":"https:\/\/quasarcomunicacion.com.ar\/web\/wp-json\/wp\/v2\/posts\/11489\/revisions\/11490"}],"wp:featuredmedia":[{"embeddable":true,"href":"https:\/\/quasarcomunicacion.com.ar\/web\/wp-json\/wp\/v2\/media\/11488"}],"wp:attachment":[{"href":"https:\/\/quasarcomunicacion.com.ar\/web\/wp-json\/wp\/v2\/media?parent=11489"}],"wp:term":[{"taxonomy":"category","embeddable":true,"href":"https:\/\/quasarcomunicacion.com.ar\/web\/wp-json\/wp\/v2\/categories?post=11489"},{"taxonomy":"post_tag","embeddable":true,"href":"https:\/\/quasarcomunicacion.com.ar\/web\/wp-json\/wp\/v2\/tags?post=11489"}],"curies":[{"name":"wp","href":"https:\/\/api.w.org\/{rel}","templated":true}]}}