{"id":11469,"date":"2021-11-09T11:42:03","date_gmt":"2021-11-09T11:42:03","guid":{"rendered":"https:\/\/quasarcomunicacion.com.ar\/web\/?p=11469"},"modified":"2021-11-09T11:42:03","modified_gmt":"2021-11-09T11:42:03","slug":"estilo-pilar-delta-escobar-premio-a-los-mejores-espacios-de-decoracion","status":"publish","type":"post","link":"https:\/\/quasarcomunicacion.com.ar\/web\/estilo-pilar-delta-escobar-premio-a-los-mejores-espacios-de-decoracion\/","title":{"rendered":"Estilo Pilar Delta Escobar premi\u00f3 a los mejores espacios de decoraci\u00f3n"},"content":{"rendered":"<p><strong>\u00a0<\/strong>Un prestigioso jurado eligi\u00f3 a los mejores espacios de decoraci\u00f3n de la <strong>18\u00b0 edici\u00f3n de ESTILO PILAR<\/strong>, la exposici\u00f3n de decoraci\u00f3n, arte, paisajismo y arquitectura que podr\u00e1 visitarse de jueves a domingo hasta el 28 de Noviembre en el emprendimiento n\u00e1utico <strong>El Naudir &#8211; Aguas Privadas<\/strong> de la desarrolladora E2. La muestra, organizada por la Asociaci\u00f3n sin fines de lucro <strong>AMIGOS DEL PILAR<\/strong>, destina todo lo recaudado en el evento a dar atenci\u00f3n odontol\u00f3gica calificada y gratuita a ni\u00f1os de escasos recursos del partido de Pilar.<!--more--><\/p>\n<p>Los decoradores se distribuyen en cuatro casas de construcci\u00f3n modular de NURHOUSE en la cual dise\u00f1adores, paisajistas y artistas exhiben sus creaciones. Las casas est\u00e1n ubicadas al margen del r\u00edo e identificadas con nombres de plantas aut\u00f3ctonas: Timb\u00f3, Sauce, Camalote y Junco.<\/p>\n<p><strong>La Casa Timbo<\/strong><\/p>\n<p>En la Casa Timbo, los ambientes fueron decorados por: Cuatro Elementos, San Marco Dise\u00f1o, Kuperdesign, Treno Deco Kids, Silvina Inchauspe y Karina Caprin.<\/p>\n<p>La menci\u00f3n especial del Premio Estilo Pilar fue para Susana Piazza de Cuatro Elementos que fue la encargada de decorar el living de esta casa.<\/p>\n<p><img class=\"aligncenter\" src=\"https:\/\/quasarcomunicacion.com.ar\/web\/wp-content\/uploads\/2021\/11\/4elementos.gif\" \/><\/p>\n<p>\u00abGracias, es lo primero que se me ocurre escribir en esta memoria, cuando pienso en la emoci\u00f3n que me gener\u00f3, haber tenido la posibilidad de hacer realidad este proyecto. La casa Timbo (su living) me hizo sentir la necesidad de lograr que en cada rinc\u00f3n se respire aire fresco, un ambiente \u00fanico por su conexi\u00f3n del adentro con el afuera, me sent\u00ed obligada a que todo fluya con demasiada liviandad\u00bb, enumera la decoradora a la vez que explica que \u00abubiqu\u00e9 un sill\u00f3n de 3,50 mts. frente al hogar y 2 m\u00f3dulos a cada lado con funciones diferentes, por un lado un espacio de TV para el d\u00eda a d\u00eda y por otro un espacio para reunir amigos, tomar un trago, pasar un rato. Las mesas altas las pens\u00e9 para sentirnos c\u00f3modos a la hora de comer frente a ese hogar o la TV. Lo cerr\u00e9 con silloncitos simples, pr\u00e1cticos pero especialmente c\u00f3modos. Las cortinas de gasa fresca fluyen con el viento dando movimiento a cada lado\u00bb.<\/p>\n<p>Y finaliza diciendo \u00absinceramente fui feliz decorando este living ya que me sent\u00ed totalmente identificada con mi manera de vivir, pensar y sentir. Todo me lleva a los cuatro elementos de la naturaleza que los veo reflejados con una simple mirada amplia a este magnifico lugar\u00bb.<\/p>\n<p>De esta casa tambi\u00e9n fue la Menci\u00f3n a la mejor exhibici\u00f3n de producto Vite que se llev\u00f3 Silvina Inchauspe con el ba\u00f1o \u201cUno para Uno\u201d.<\/p>\n<p><img class=\"aligncenter\" src=\"https:\/\/quasarcomunicacion.com.ar\/web\/wp-content\/uploads\/2021\/11\/silvinainachauspe.gif\" \/><\/p>\n<p>Se trata del ba\u00f1o ubicado en la plata alta de la casa, un espacio utilizado de 6,5 m2.<\/p>\n<p>\u00abEl objeto de este proyecto busca reflejar el concepto que siempre quiero transmitir en todas mis obras y en cada dise\u00f1o. La definici\u00f3n de los detalles, los colores especialmente elegidos y la personalidad e identidad para el espacio\u00bb, indica Inchauspe.<\/p>\n<p>Este ba\u00f1o presenta la b\u00fasqueda de reflejar un lugar de relax para un hombre de 30\/40 a\u00f1os que vive solo. Un a\u0301mbito muy masculino que parte de la premisa de identificarse con la comodidad, una comodidad que es tambi\u00e9n visual, un lugar canchero, moderno y muy pensando, incluyendo la combinaci\u00f3n de arte con un estilo de vida.<\/p>\n<p>Se utilizaron la mezcla de texturas como el revestimiento de simil madera de Moldumet pintado en color azul, en blanco y negro porcelanatos Vite y la mesada negra de Canteras que da ese toque oscuro y defiendo, un lugar acogedor con iluminaci\u00f3n puntual para identificar los elementos que mas quer\u00eda destacar. Una luz al estilo escenogr\u00e1fico que lleva a acompa\u00f1ar la mirada al cuadro colgado en la pared que es una obra m\u00eda y la mampara en hierro y vidrio repartido, ambos conceptos de arte y dise\u00f1o que tanto me identifican.<\/p>\n<p>\u00abUno para Uno, no es solo un espacio, es un momento de relax, de paz, un encuentro con uno mismo\u00bb, reza su memoria descriptiva.<\/p>\n<p>Indusparquet entreg\u00f3 una menci\u00f3n a Kuperdesign quien tambi\u00e9n fue acreedor a la Menci\u00f3n a la mejor aplicaci\u00f3n de producto Roca.<\/p>\n<p><img class=\"aligncenter\" src=\"https:\/\/quasarcomunicacion.com.ar\/web\/wp-content\/uploads\/2021\/11\/Kuperdesign.gif\" \/><\/p>\n<p>El espacio Selva Negra parte de la idea de conectar al ser con su entorno natural, para lo cual recrearon un viaje esc\u00e9nico selv\u00e1tico, nutri\u00e9ndose de la calidez en los materiales como son la piedra y la madera que evocan al h\u00e1bitat natural. Al mismo tiempo se introdujo un mural tem\u00e1tico y luminosidad al espacio en finos detalles contempor\u00e1neos de color dorado. El espacio tiene como objeto principal, la vegetaci\u00f3n en cada rinc\u00f3n del cuarto.<\/p>\n<p>Para dar dinamismo y contemporaneidad, se trabaj\u00f3 en conjunto con TEG para construir un dormitorio en suite domotizado, logrando crear escenas cotidianas tanto de d\u00eda como de noche, con reproductor de TV, proyector, iluminaci\u00f3n dimerizable que cambia de color y cortinas que suben y bajan con control de voz.<\/p>\n<p><strong>La casa Sauce<\/strong><\/p>\n<p>Por otro lado, la casa Sauce cuenta con espacios ambientados por Gloria Atelier Deco, Familia Echaide, C\u2018 estMoi y Frontera.<\/p>\n<p>Y en la cocina de esta casa nos encontramos con uno de los m\u00e1ximos ganadores de los premios de esta edici\u00f3n: Familia Echaide que se llev\u00f3 el 1\u00ba Premio Estilo Pilar, una Menci\u00f3n de DArA y diplomas por la Mejor Aplicaci\u00f3n de Productos de Canteras y Longvie.<\/p>\n<p><span style=\"font-family: Verdana; font-size: small;\"> <img class=\"aligncenter\" src=\"https:\/\/quasarcomunicacion.com.ar\/web\/wp-content\/uploads\/2021\/10\/echaide.gif\" \/><\/span><\/p>\n<p>\u00abEsta cocina mediterr\u00e1nea que se sirve de la luz del sol y el lago como fuente de color e inspiraci\u00f3n, est\u00e1 compuesta por materiales nobles como la madera y piedra natural trabajadas por carpinteros de oficio, que se amalgaman en la b\u00fasqueda de generar un ambiente relajado y c\u00e1lido\u00bb, indican los dise\u00f1adores en la memoria descriptiva del espacio.<\/p>\n<p>La caja blanca y el mobiliario construido en madera con procesos de blanqueado junto con la cuarcita Taj Mahal permiten que el sol entre, sea parte de ellos e inunde el ambiente con sus diferentes colores.\u00a0 Seg\u00fan el momento del d\u00eda se desarrollan en un mismo lugar diferentes escenarios posibles para quien disfruta convertir el cocinar en una experiencia sensorial.<\/p>\n<p>De esta casa, el primer premio DArA fue para C\u2018 estMoi, quien tambi\u00e9n se llev\u00f3 el Premio a la mejor exhibici\u00f3n de producto Vite y la Menci\u00f3n Hay Color de Tersuave al uso del color.\u00a0 Este espacio tambi\u00e9n se llev\u00f3 el Primer Premio de Indusparquet y el Premio\u00a0 al Mejor dise\u00f1o de ba\u00f1o de Roca.<\/p>\n<p><img class=\"aligncenter\" src=\"https:\/\/quasarcomunicacion.com.ar\/web\/wp-content\/uploads\/2021\/11\/CestMoi.gif\" \/><\/p>\n<p>En este espacio de C\u2018 estMoi llamado Paralelismo, como una de las llamadas figuras de repetici\u00f3n, sugiere la esencia del exterior como una l\u00ednea paralela al interior, d\u00f3nde se manifiesta el entorno verde como marco, consiguiendo un ritmo secuencial entre ambos. Situada a un paso del lago, la suite principal de la casa Sauce respira en su mundo interior y exterior, naturaleza viva.<\/p>\n<p>\u00abAqu\u00ed podemos dejar atr\u00e1s el ajetreo constante del mundo urbano sin perder comodidad y elegancia. Una delicada sinfon\u00eda entre materiales, paleta de colores y animado juego de formas componen un espacio reposado. La presencia del hierro en intervenciones transparentes, revestimientos de madera, cuarcitas naturales y colores, que representan e identifican la naturaleza, logran un equilibrio y mezclas prudentes, generando una armon\u00eda que se respira en el aire. La idea de Paralelismo es que nos lleve a restablecer nuestros v\u00ednculos y respetar el poder de la naturaleza y sus beneficios. Las l\u00edneas geom\u00e9tricas en conjunci\u00f3n con las formas org\u00e1nicas acent\u00faan la fuerza visual de muebles y objetos, sin descuidar la presencia del arte y fotograf\u00eda\u00bb, indican sus autores.<\/p>\n<p><strong>Casa Camalote<\/strong><\/p>\n<p>En la Casa Camalote los espacios fueron decorados por Estudio C Decoraci\u00f3n, VIKA\u00a0 y Loly Albasini.<\/p>\n<p>Loly Albasini es una de las decoradores que estuvieron en todas las ediciones y se llev\u00f3 el Premio Hay color de Tersuave al uso del color y el Premio a la Mejor aplicaci\u00f3n de producto Rielamericano.<\/p>\n<p><img class=\"aligncenter\" src=\"https:\/\/quasarcomunicacion.com.ar\/web\/wp-content\/uploads\/2021\/11\/Loly-Albasini.gif\" \/><\/p>\n<p>Albasini se vali\u00f3 de la representaci\u00f3n del nuevo concepto de espacios de descanso en casa. \u00abSin duda alguna si antes nos defin\u00eda el cambio, ahora es la velocidad del cambio la que nos abruma y hace que en forma casi permanente seamos atravesados por una crisis de adaptaci\u00f3n que nos sumerge en un danzante remolino de emociones contrapuestas. Ese torbellino emocional nos provoca m\u00faltiples sensaciones de las cuales algunas resultan por momento ingobernables como la incertidumbre, la ansiedad , el encierro y la falta de intimidad. Entonces necesitamos redefinir nuestro Hogar como el espacio com\u00fan que permita alcanzar nuestro bienestar familiar e individual\u00bb, define la decoradora.<\/p>\n<p>\u00abAs\u00ed, esta peque\u00f1a familia comprendi\u00f3 que para lograr la Resiliencia de cada uno de sus miembros en forma individual como as\u00ed tambi\u00e9n la de la familia en su totalidad era imperioso que el nuevo HOGAR intensificara en forma positiva la relaci\u00f3n biun\u00edvoca de los conceptos JUNTOS y SEPARADOS en forma tal que les permitiese estar CERCA y\/o LEJOS a demanda de sus necesidades individuales o grupales\u00bb, indica en la memoria descriptiva.<\/p>\n<p>\u00abY siempre respetando las libertades individuales la decisi\u00f3n de cambiar de lugar de residencia era mucho m\u00e1s que un cambio de estilo de vida impulsado por las nuevas formas de trabajo y estudio impulsados por la pandemia, era una decisi\u00f3n de la reformulaci\u00f3n del HOGAR como FUENTE del BIENESTAR EMOCIONAL, COMO B\u00daSQUEDA DE UNA NUEVA IDENTIDAD FAMILIAR. Dejaron su piso en la ciudad y cambiaron la plaza por el lago, el auto por las bicis y los remos, el running en el asfalto por las caminatas con vista al agua, el supermercado por el almac\u00e9n org\u00e1nico, el ascensor por las subidas y bajas naturales\u00bb, agrega.<\/p>\n<p>\u00abLa prioridad en el cuarto principal. es la intimidad y el reencuentro, inducidos por la sensaci\u00f3n de bajar un cambio. Donde las vistas al verde del paisaje que son sin\u00f3nimo de calma e inmensidad se trasladan hacia adentro en el muro pintado apenas con unos toques de juncos de la laguna. El terciopelo nos recuerda la sensaci\u00f3n de placer de recostarnos en un c\u00e9sped suave y fragante. El piedra natural y la madera gastada nos dan la robustez y la firmeza basal de la pareja. Recrearse una y otra vez pero sobre base s\u00f3lida en el tiempo as\u00ed como trabaja el sol en la madera\u00bb, completa.<\/p>\n<p>La madera natural se repite como elemento predominante y conexo. Se utiliza Rafia natural para forrar los frentes de cajones y la cortina representa una red abierta que apenas hace un efecto de filtro de luz, emulando la textura de los pajonales y los pastos secos que el invierno se observan en la zona. El mural pintado es la flora intentando invadir el adentro, en ese tono neutro recreando la ribera de la laguna con sus tonalidades de ocres , grises y verde musgo, los diferentes colores que forma el agua jugando con la luz y los matices del atardecer o el arranque de d\u00eda.<\/p>\n<p>Y en esta casa tambi\u00e9n se premi\u00f3 a VIKA con una Menci\u00f3n a la Mejor\u00a0 aplicaci\u00f3n de perfiles Moldumet.<\/p>\n<p><img class=\"aligncenter\" src=\"https:\/\/quasarcomunicacion.com.ar\/web\/wp-content\/uploads\/2021\/11\/Vika.gif\" \/><\/p>\n<p><b> Casa Junco<\/b><\/p>\n<p>Por \u00faltimo, en la Casa Junco, los decoradores que ambientaron los espacios fueron: Inner Worlds &#8211; Espacio Beca DArA, Carmela Carey, Albertina House y Meraki Dise\u00f1o R\u00fastico.<\/p>\n<p><strong>Acerca de Estilo Pilar <\/strong><\/p>\n<p>La muestra cuenta con otras 2 hect\u00e1reas destinadas al estacionamiento gratuito para los visitantes. Unos 30 dise\u00f1adores de interiores, m\u00e1s de 20 artistas y una decena de paisajistas, exhiben sus dise\u00f1os y creaciones en cuatro casas ribere\u00f1as de construcci\u00f3n modular de la empresa NURHOUSE.<\/p>\n<p>Los sponsors de esta edici\u00f3n son: El Naudir (emprendimiento n\u00e1utico), Vite (porcelanato), Tersuave (pintura), Rielamericano (cortinas y toldos), Indusparquet (pisos y revestimientos de madera), Canteras del Mundo (m\u00e1rmoles, granitos y superficies ultracompactas), Longvie (electrodom\u00e9sticos), Moldumet (perfiles, molduras, accesorios de ba\u00f1o y revestimientos pl\u00e1sticos), Rehau (aberturas de pvc), Roca (sanitarios y grifer\u00edas), Viio (vidrios decorativos), Iluminatti (iluminaci\u00f3n), Nurhouse (construcci\u00f3n), Modulari (construcci\u00f3n), La Naci\u00f3n (medios),Telecom (telecomunicaciones) y Landhi (socio de plataforma digital).<\/p>\n<p>La desarrolladora de E2 tiene un domo en la muestra donde presentar\u00e1 sus cuatro nuevos emprendimientos brindando informaci\u00f3n y detalles de cada uno de ellos.<\/p>\n<p>La muestra cuenta un sector de Showrooms con la presencia de Bue Deco Wall Design,<br \/>\nLa Popeline, Casa di Giulietta, Blue Fingers Art y Ikon Lamps\/Slow Design Studio.<\/p>\n<p>El p\u00fablico visitante tiene la oportunidad de recorrer el cl\u00e1sico Paseo de Compras, compuesto por m\u00e1s de 30 carpas con una amplia variedad de productos: ropa, accesorios, carteras, alimentos, mantas, plater\u00eda y art\u00edculos para decorar, entre otros. Este a\u00f1o <strong> Estilo Pilar <\/strong>se convierte en una buena oportunidad para realizar las compras para las fiestas de fin de a\u00f1o.<\/p>\n<p>En el Paseo de Compras se encuentran a emprendedores como Gypsy &amp; Navajo, Consultora Independiente Swiss Just, Sophie Vetements &amp; Home, Showroom Gi &amp; Lo, Ria Deco, Cirque Chocolat, Buena Fibra, Decopad, Mantas de Llama, Metta, Artdusol, Maison3 \/ Charles by Celine, Clifftone, Mandawa Handbags, Alma India, Airaudo Platero, Valaleri, Vakla, Ocres Interiorismo, Clarson &amp; Jules, Finca Mi Flor, Caprichos del Rey, Bilbao Backpack\/La Mar Lettering, Isla Xocolatl, Anapass Home &amp; Essences, Troya, Luz Propia, T\u00e9 + Th\u00e9 Tea Shop, Plantery The Plant Market, Diablas y Santas\/El Ba\u00fal de Lola, CG Decoraci\u00f3n, Lamarque, Daphne Baires, Ukelele.<\/p>\n<p>Adem\u00e1s, en el Paseo Verde, unos 20 expositores ofrecen diferentes productos aptos para exteriores como fogoneros, macetas, muebles de exterior y plantas. Entre ellos, est\u00e1n Biofogones Design, Macetas La Cioppa, Don Acero, Hiroki Minipiscinas Japonesas, Pampa<br \/>\nAcquabio Ingenier\u00eda en agua, Mart\u00edn Aizaga Garden &amp; Deco, MIKE Outdoor, DRG Mundo Colgante, Parques Estilo, M\u00ednima Huella, Vivero del Puerto, FGO Argentina y Candock Argentina.<\/p>\n<p>El escenario ribere\u00f1o cuenta con un muelle con amarras y una interesante propuesta para los amantes de la n\u00e1utica.<\/p>\n<p>El sector gastron\u00f3mico ofrece una variada propuesta en el formato de foodtrucks con una amplia plaza de sillas y mesas para pasar un lindo momento al aire libre en un entorno inigualable. Se podr\u00e1n degustar las exquisiteses de Munchis, Asando ando, Cagnoli, Sandwiches Tandileros y Los Olivos.<\/p>\n<p>Con lo recaudado en la muestra solidaria, <strong>AMIGOS DE PILAR<\/strong>, tiene como misi\u00f3n financiar la atenci\u00f3n odontol\u00f3gica para ni\u00f1os de bajos recursos. Su gran compromiso y esfuerzo, llevados a cabo a lo largo de todos estos a\u00f1os, le han permitido garantizar el \u00e9xito en cada una de sus exposiciones.<\/p>\n<p><strong>INFORMACION \u00daTIL<\/strong><\/p>\n<p><strong>Fecha<\/strong>: Del 28 de octubre al 28 de noviembre<\/p>\n<p><strong>D\u00edas y horarios: <\/strong>De jueves a domingos, de 12 a 20 hs. Domingo 14\/11 cerrado por Elecciones Generales.<\/p>\n<p><strong>Lugar<\/strong>: El Naudir &#8211; Aguas Privadas RN25 4020, Escobar, Buenos Aires<\/p>\n<p><strong>Indicaciones para llegar<\/strong><\/p>\n<p><strong>Veh\u00edculo particular<\/strong><br \/>\nNUEVO ACCESO<br \/>\nIngreso a trav\u00e9s de PUERTOS destino:<br \/>\nEl Naudir \u2013 Aguas privadas<\/p>\n<p>1 &#8211; Tomar RUTA PANAMERICANA RAMAL ESCOBAR hasta Km 45 en donde deber\u00e1 tomar la salida Av. de los Lagos.<br \/>\n2 &#8211; Continuar por Av. de los Lagos 4Km hasta el ingreso al barrio PUERTOS, en donde deber\u00e1 presentar su DNI para poder continuar con el trayecto interno.<br \/>\n3 &#8211; Dentro de Puertos en todo momento deber\u00e1 seguir las indicaciones que dirigen hacia el AVP y\/o Ruta 25.<br \/>\n4 &#8211; Llegando al final del trayecto pr\u00f3ximo al AVP se encuentra la salida a la Ruta 25, en donde deber\u00e1 pasar por la guardia de salida de Puertos. Ya sobre la ruta 25 tomar hac\u00eda la derecha.<br \/>\n5 &#8211; Recorrer 600 metros aprox. hasta el ingreso a EL NAUDIR.<br \/>\nEn tren<br \/>\nTren desde Estaci\u00f3n Retiro hasta Estaci\u00f3n Escobar (L\u00ednea Mitre) + L\u00ednea de colectivo 276<\/p>\n<p><strong>En colectivo<br \/>\nDesde Plaza Italia:<\/strong><br \/>\n&#8211; L\u00edneas de colectivo 194B\/194\/G\/F\/E\/A + 276<br \/>\n&#8211; L\u00edneas de colectivo 60G + 276<br \/>\n<strong>Desde Puente Saavedra:<br \/>\n<\/strong>&#8211; L\u00edneas de colectivo 194B\/194C\/G\/F\/E + 276<br \/>\n<strong>Desde M\u00e1rquez y Panamericana:<\/strong><br \/>\n&#8211; L\u00edneas de colectivo 60G + 276<br \/>\n<strong>Desde Pilar:<\/strong><br \/>\n&#8211; L\u00ednea 276 (sale de San Mart\u00edn y Estanislao L\u00f3pez)<\/p>\n<p><strong>Valores de entradas<\/strong><\/p>\n<p>Entrada General $650<br \/>\nJubilados $520<br \/>\nGrupo familiar a partir de 4 personas $520 cada mayor de 12 a\u00f1os<br \/>\nMenores de 12 a\u00f1os Sin cargo<br \/>\nGrupos a partir de 4 personas $520 por persona<br \/>\nPersonas con discapacidad Sin cargo (presentando certificado)<\/p>\n<p><strong>Beneficios<\/strong><\/p>\n<p>Presentando Cup\u00f3n 2&#215;1 JUMBO\/DISCO a valor de la entrada general $650<\/p>\n<p>Club LA NACION 2&#215;1 jueves\/viernes<br \/>\nA valor de la entrada general $650<\/p>\n<p>Club LA NACION 20% Dto s\u00e1bados\/domingos<br \/>\nSobre el valor de la entrada general $650<\/p>\n<p>Club PERSONAL 2&#215;1 jueves\/viernes<br \/>\nA valor de la entrada general $650<\/p>\n<p><strong> Contacto Estilo Pilar<\/strong><br \/>\n<a href=\"https:\/\/www.facebook.com\/estilopilar\">https:\/\/www.facebook.com\/estilopilar<\/a><br \/>\n<a href=\"https:\/\/www.instagram.com\/estilopilar\/\">https:\/\/www.instagram.com\/estilopilar\/<\/a><br \/>\n<a href=\"http:\/\/www.estilopilar.com.ar\/\">http:\/\/www.estilopilar.com.ar\/<\/a><\/p>\n<p><strong> Sobre de Amigos del Pilar<\/strong><\/p>\n<p>Como todos los a\u00f1os anteriores,<strong> Estilo Pilar<\/strong> es organizado por <strong>Amigos del Pilar<\/strong>, una Asociaci\u00f3n Civil que surgi\u00f3 de la inquietud de un grupo de mujeres con esp\u00edritu solidario que deseaban colaborar y comprometerse con su comunidad. Desde el a\u00f1o 1996 trabajan en el partido de Pilar con la misi\u00f3n de brindar ayuda a ni\u00f1os de escasos recursos en materia de salud odontol\u00f3gica: \u201cUn Pilar con atenci\u00f3n digna para aquellos de bajos recursos\u201d.<br \/>\nPara llevar a cabo esta tarea, en el a\u00f1o 2004 crearon los consultorios odontol\u00f3gicos propios, que funcionaron ininterrumpidamente hasta Octubre del 2014. A partir del 1 de Octubre de ese a\u00f1o iniciaron un nuevo camino. Formularon un nuevo sistema de becas que hace posible que tanto antiguos pacientes, como aquellos nuevos que soliciten atenci\u00f3n, puedan ser atendidos con la financiaci\u00f3n de <strong> Amigos del Pilar<\/strong>.<br \/>\nEste nuevo proyecto es posible tambi\u00e9n gracias a la ayuda de profesionales solidarios que comprenden la tarea y est\u00e1n involucrados con la obra de la fundaci\u00f3n.<br \/>\nDurante la cuarentena, despu\u00e9s de un per\u00edodo de casi un mes en el que los consultorios debieron permanecer cerrados, se atendieron \u00fanicamente urgencias. Actualmente la atenci\u00f3n es con turnos programados.<br \/>\nDesde el a\u00f1o 2004 hasta mayo de 2021 fueron atendidos 72.793 ni\u00f1os de entre 3 y 12 a\u00f1os y se brindaron 219.295 prestaciones odontol\u00f3gicas.<br \/>\nDe esta manera, en 2019 inauguraron los consultorios odontol\u00f3gicos inclusivos en el Centro de Rehabilitaci\u00f3n Pilares de Esperanza, los mismos fueron construidos y equipados por Amigos del Pilar con lo recaudado en las \u00faltimas ediciones de Estilo Pilar. Son dos consultorios con sala de espera equipados con el sill\u00f3n, instrumental y equipo de rayos X. Las odont\u00f3logas que atienden en ese espacio est\u00e1n especializadas en la atenci\u00f3n de ni\u00f1os con capacidades diferentes.<\/p>\n<p>Para m\u00e1s informaci\u00f3n ingresar a <a href=\"http:\/\/www.amigosdelpilar.org.ar\/\">http:\/\/www.amigosdelpilar.org.ar\/<\/a><\/p>\n<p><strong> EL NAUDIR Aguas Privadas, un emprendimiento n\u00e1utico de la desarrolladora E2<\/strong><\/p>\n<p>El barrio n\u00e1utico El Naudir &#8211; como Main Sponsor de Estilo Pilar y sede de la muestra- tendr\u00e1 su propio espacio para dar a conocer y promocionar sus desarrollos, as\u00ed como un Domo Central con diferentes actividades.<br \/>\nAdri\u00e1n Saraco, CEO y fundador de E2 dijo \u201cEstamos muy orgullosos de que Estilo Pilar nos haya elegido como sede para realizar su muestra. Fue un gran trabajo en conjunto que permitir\u00e1 que los visitantes puedan recorrer una muy linda exposici\u00f3n y a la vez conocer El Naudir y nuestros desarrollos en la zona\u201d.<br \/>\nE2 (www.e2evolucion.com) es una empresa nacional dedicada a los desarrollos urban\u00edsticos e inmobiliarios hace 15 a\u00f1os, tanto en Argentina como en el mundo.<br \/>\nPara E2 intervenir una zona es sin\u00f3nimo de agregarle valor, ya que como empresa cuenta con la habilidad de convertir metros cuadrados en oportunidades de negocios.<br \/>\nAgregar valor implica para E2, proyectar desarrollos y llevarlos a cabo, aportando para la zona una verdadera diferencia: ya sea innovando al apostar a zonas a\u00fan no suficientemente explotadas, o bien renovando \u00e1reas recuperando los atributos del lugar en sinton\u00eda con las tendencias contempor\u00e1neas de usos de la tierra.<br \/>\nEntre los desarrollos consolidados de E2 se encuentran Naudir, Aguas Privadas y El Cazalen Escobar. Con motivo de sus 15 a\u00f1os, este mes lanza nuevos desarrollos tanto en la zona de mayor crecimiento de Escobar, denominada El Nuevo Cazador, como en San Isidro, destac\u00e1ndose cada emprendimiento por caracter\u00edsticas especiales que los hacen \u00fanicos, ya sea por barrios 100% n\u00e1uticas, lotes + casas al rio, barrios h\u00edpicos o departamentos y condominios con servicios exclusivos, y cada uno de los desarrollos con el interiorismo y sello de Pablo Chiappori de Paul French Gallery.<\/p>\n<p>@e2evolucion<br \/>\n@elnaudir<\/p>\n<p><strong><em>Por otras im\u00e1genes, audios o entrevistas no dude en contactarse<\/em><\/strong><\/p>\n<p>Toda la informaci\u00f3n en www.quasarcomunicacion.com.ar\/web\/estilopilar21<\/p>\n<p><strong><em> Contactos de Prensa<\/em><\/strong><\/p>\n<table width=\"100%\">\n<tbody>\n<tr>\n<td width=\"50%\"><strong> Candela Villanueva &#8211; Asistente de Cuentas<\/p>\n<p><\/strong> <b> Directo<\/b><strong>: <\/strong> 0230-4664772<br \/>\n<b> Skype:<\/b> quasarcomunicacion<br \/>\n<b> Instagram<\/b>: @quasarcomunicacion<br \/>\n<b> Twitter:<\/b> @quasarpilar<br \/>\n<b> Gr<\/b><b>upo y p\u00e1gina en Facebook: <\/b> www.facebook.com\/QuasarComunicacion<br \/>\n<b> Web:<\/b> www.quasarcomunicacion.com.ar<\/p>\n<p><b> Mail<\/b><strong>:<\/strong> candela@quasarcomunicacion.com.ar<\/td>\n<td width=\"50%\"><strong> Lic. Mar\u00eda Fernanda Ipata &#8211; Directora<br \/>\n<\/strong> <b><br \/>\n<\/b> <b> M\u00f3vil:<\/b> 0230-15-4584535<br \/>\n<b> Whatsapp<\/b><b>:<\/b> 11 5312 6795<br \/>\nEnviar whatsapp aqu\u00ed<br \/>\n<b> Skype:<\/b> quasarcomunicacion<br \/>\n<b> LinkedIn<\/b><strong>:\u00a0 <\/strong> <strong> http:\/\/www.linkedin.com\/in\/mfipata<\/strong><br \/>\nhttps:\/\/www.linkedin.com\/company\/quasarcomunicacion<br \/>\n<b> Instagram y Facebook:<\/b> @quasarcomunicacion <b><br \/>\nWeb:<\/b> www.quasarcomunicacion.com.ar<br \/>\n<b> Mail<\/b><strong>:<\/strong> fernanda@quasarcomunicacion.com.ar<br \/>\n<b> Canal de Telegram para acceder a comunicados:<\/b> https:\/\/t.me\/comunicadosQC<br \/>\n<b>Telegram: <\/b> <b> https:\/\/t.me\/quasarcomunicacion<\/b><\/td>\n<\/tr>\n<\/tbody>\n<\/table>\n","protected":false},"excerpt":{"rendered":"<p>\u00a0Un prestigioso jurado eligi\u00f3 a los mejores espacios de decoraci\u00f3n de la 18\u00b0 edici\u00f3n de ESTILO PILAR, la exposici\u00f3n de [&hellip;]<\/p>\n","protected":false},"author":2,"featured_media":11462,"comment_status":"open","ping_status":"open","sticky":false,"template":"","format":"standard","meta":[],"categories":[2],"tags":[],"_links":{"self":[{"href":"https:\/\/quasarcomunicacion.com.ar\/web\/wp-json\/wp\/v2\/posts\/11469"}],"collection":[{"href":"https:\/\/quasarcomunicacion.com.ar\/web\/wp-json\/wp\/v2\/posts"}],"about":[{"href":"https:\/\/quasarcomunicacion.com.ar\/web\/wp-json\/wp\/v2\/types\/post"}],"author":[{"embeddable":true,"href":"https:\/\/quasarcomunicacion.com.ar\/web\/wp-json\/wp\/v2\/users\/2"}],"replies":[{"embeddable":true,"href":"https:\/\/quasarcomunicacion.com.ar\/web\/wp-json\/wp\/v2\/comments?post=11469"}],"version-history":[{"count":1,"href":"https:\/\/quasarcomunicacion.com.ar\/web\/wp-json\/wp\/v2\/posts\/11469\/revisions"}],"predecessor-version":[{"id":11470,"href":"https:\/\/quasarcomunicacion.com.ar\/web\/wp-json\/wp\/v2\/posts\/11469\/revisions\/11470"}],"wp:featuredmedia":[{"embeddable":true,"href":"https:\/\/quasarcomunicacion.com.ar\/web\/wp-json\/wp\/v2\/media\/11462"}],"wp:attachment":[{"href":"https:\/\/quasarcomunicacion.com.ar\/web\/wp-json\/wp\/v2\/media?parent=11469"}],"wp:term":[{"taxonomy":"category","embeddable":true,"href":"https:\/\/quasarcomunicacion.com.ar\/web\/wp-json\/wp\/v2\/categories?post=11469"},{"taxonomy":"post_tag","embeddable":true,"href":"https:\/\/quasarcomunicacion.com.ar\/web\/wp-json\/wp\/v2\/tags?post=11469"}],"curies":[{"name":"wp","href":"https:\/\/api.w.org\/{rel}","templated":true}]}}