{"id":11440,"date":"2021-11-03T13:26:17","date_gmt":"2021-11-03T13:26:17","guid":{"rendered":"https:\/\/quasarcomunicacion.com.ar\/web\/?p=11440"},"modified":"2021-11-03T14:17:25","modified_gmt":"2021-11-03T14:17:25","slug":"la-asociacion-iberoamericana-de-mujeres-empresarias-aime-cerro-un-ano-con-mucha-actividad","status":"publish","type":"post","link":"https:\/\/quasarcomunicacion.com.ar\/web\/la-asociacion-iberoamericana-de-mujeres-empresarias-aime-cerro-un-ano-con-mucha-actividad\/","title":{"rendered":"La Asociaci\u00f3n Iberoamericana de Mujeres Empresarias realiz\u00f3 su tradicional entrega de premios"},"content":{"rendered":"<p>La <strong>Asociaci\u00f3n Iberoamericana de Mujeres Empresarias (AIME) <\/strong>realiz\u00f3 su tradicional entrega de premios con un n\u00famero reducido de asistentes y la transmiti\u00f3 v\u00eda Zoom para que familiares y amigos puedan seguir las instancias del evento.<!--more--><\/p>\n<h6><a href=\"https:\/\/quasarcomunicacion.com.ar\/web\/wp-content\/uploads\/2021\/10\/premios2021.gif\"><img class=\"aligncenter\" src=\"https:\/\/quasarcomunicacion.com.ar\/web\/wp-content\/uploads\/2021\/10\/premios2021.gif\" \/><\/a><\/h6>\n<h6>De izquierda a derecha: Sra. Julita Maristany &#8211; Presidente AIME; Sra. Ver\u00f3nica Razzini &#8211; Menci\u00f3n especial por su destacada labor en defensa de la libertad de empresa; Sra. Fabiana Schwartztein &#8211; Farmacias Central Oeste &#8211; Premio AIME 2021 Empresa del a\u00f1o; Sra, Laura Teruel &#8211; Premio AIME 2021 &#8211; Empresaria del a\u00f1o; Sra. Dafne Anghelidis &#8211; Premio AIME 2021 &#8211; Empresaria del a\u00f1o<\/h6>\n<p>Con la presencia del presidente de la C\u00e1mara Argentina de Comercio, Mario Grinman y la presidente de <strong>AIME<\/strong>, Julita Maristany, se premi\u00f3 a Dafne Anghelidis de la empresa Agencia Mar\u00edtima Intercontinental SRL y a Mar\u00eda Laura Teruel de Plusmar como empresarias del a\u00f1o. Adem\u00e1s, a Ver\u00f3nica Razzinni de Grupo Razzini se le entreg\u00f3 una menci\u00f3n especial por su destacada labora y apoyo en defensa de la empresa. Y el precio a la Empresa del A\u00f1o fue para Farmacias Central, recibi\u00f3 Fabiana Schwarzstein.<\/p>\n<p>Las palabras de bienvenida estuvieron a cargo del Presidente de la CAC, Mario Grinman quien se dirigi\u00f3 a los presentes diciendo que \u00abEn un pa\u00eds que generalmente no tratamos bien a este sector empresario hay que animarse a ser empresaria, no importa el tama\u00f1o de la empresa, lo que importa es el objetivo, las ganas y fundamentalmente asumir el riesgo que eso significa. Ser empresario en la Argentina es una actividad de riesgo\u00bb.<\/p>\n<p><em>\u00abLa nuestra es una entidad casi centenaria y siempre ha sido una entidad con una posici\u00f3n muy clara cuando hablamos de la libertad, de la defensa, de la iniciativa privada, del respeto por el estado de derecho, por las instituciones de la rep\u00fablica. El problema que tiene la Argentina, m\u00e1s all\u00e1 de las cuestiones estructurales y econ\u00f3micas, es la grieta, que en lugar de reducirse se ensancha cada vez m\u00e1s, grietas que han producidos problemas familiares, amistades y es dif\u00edcil construir cualquier cosa.\u00a0 Nuestra entidad tiene un ADN y que yo estoy seguro que todos lo que estamos aqu\u00ed lo compartimos, que es la defensa de la libertad. La democracia no es perfecta, pero es lo mejor que tenemos y el capitalismo tampoco es perfecto pero es lo mejor que tenemos y con el capitalismo muchos pa\u00edses salieron de la pobreza. Nos dicen muchas veces que el pa\u00eds es rico, yo digo que somos potencialmente ricos, ahora: \u00bfQu\u00e9 es la riqueza? La riqueza es educaci\u00f3n, cultura, es respeto, obviamente es trabajo y nosotros vamos en contramano de eso\u00bb<\/em>, agreg\u00f3 en su discurso Grinman.<\/p>\n<p><a href=\"https:\/\/quasarcomunicacion.com.ar\/web\/wp-content\/uploads\/2021\/10\/cacpremios.jpg\"><img class=\"aligncenter\" src=\"https:\/\/quasarcomunicacion.com.ar\/web\/wp-content\/uploads\/2021\/10\/cacpremios.jpg\" \/><\/a><\/p>\n<p><em>\u00abYo no tengo duda de que nuestro pa\u00eds tiene una enorme potencialidad, en alg\u00fan momento quiz\u00e1s nuestra clase pol\u00edtica tenga lo que hay que tener y asuma que hay que pagar costos pol\u00edticos importantes, dolorosos para hacer los cambios estructurales que necesita nuestro pa\u00eds para transformarse en un pa\u00eds normal, que va a llevar mucho tiempo pero eso solamente se puede lograr con sentido com\u00fan, hay que dejar de lado todo lo que tiene que ver con ideolog\u00edas, los dogmatismos y hay que ser pragm\u00e1ticos, el pragmatismo funciona en todos los \u00f3rdenes. Hay que ser pr\u00e1cticos y hay que intentar el desaf\u00edo de crear un pa\u00eds normal. Con ustedes, decididos a seguir trabajando en nuestro pa\u00eds, a seguir arriesgando y manteniendo firme los valores de la libertad y defendiendo lo que nos ganamos con nuestro esfuerzo lo vamos a lograr\u00bb<\/em>, finaliz\u00f3 con un dejo de esperanza.<\/p>\n<p>Luego fue el momento de la presidente de <strong>AIME<\/strong>, Julita Maristany, quien en primer lugar pidi\u00f3 un minuto de silencio por los 145.000 fallecidos a ra\u00edz del Covid19.<\/p>\n<p><a href=\"https:\/\/quasarcomunicacion.com.ar\/web\/wp-content\/uploads\/2021\/10\/julitapremios.jpg\"><img class=\"aligncenter\" src=\"https:\/\/quasarcomunicacion.com.ar\/web\/wp-content\/uploads\/2021\/10\/julitapremios.jpg\" \/><\/a><\/p>\n<p>M\u00e1s tarde dijo a los asistentes <em>\u00abesta c\u00e1mara fue la primera c\u00e1mara en tener una mujer en su directorio, ahora estamos de moda las mujeres, pero hace 20 a\u00f1os las mujeres \u00e9ramos poco menos que nada aunque nosotras sab\u00edamos que \u00e9ramos poderosas. Hay que reconocer primero que nada, que la c\u00e1mara fue pionera en eso y sigue si\u00e9ndolo porque hoy en d\u00eda tiene m\u00e1s directoras en el directorio que ninguna otra instituci\u00f3n.<br \/>\nFue la primera instituci\u00f3n que pens\u00f3 en la educaci\u00f3n, fundando el instituto y sigui\u00f3 trabajando en eso, y no solamente en el instituto sino despu\u00e9s la universidad. Se habla tanto de educaci\u00f3n, pero en realidad \u00bfqui\u00e9n trabaja en la educaci\u00f3n? Por supuesto que los primeros que deber\u00edan trabajar en eso son los gobiernos, pero olvid\u00e9monos de los gobiernos y trabajemos nosotros porque es lo que tenemos que hacer. Es la educaci\u00f3n y el trabajo lo que nos va a sacar del pozo en el que estamos metidos, que sin duda es enorme\u00bb.<\/em><\/p>\n<p>Y agreg\u00f3, <em>\u00aba pesar de todo, de ser un pa\u00eds poco amable con los empresarios, nosotros seguimos dando trabajo y el trabajo es lo \u00fanico que dignifica al hombre, mientras no tenga la gente trabajo vamos a seguir siendo un pa\u00eds de cuarta lamentablemente, a pesar de tener todas las riquezas naturales del mundo. Sigamos trabajando, por un pa\u00eds que creo que vale la pena, vale la pena porque hay mucha gente valiosa, hay muchos j\u00f3venes que s\u00ed est\u00e1n interesados en seguir en este pa\u00eds. Tenemos que ayudarlos a que comprendan que este es un gran pa\u00eds que necesita de gente que tenga la mente amplia y el coraz\u00f3n abierto\u00bb.<\/em><\/p>\n<p><a href=\"https:\/\/quasarcomunicacion.com.ar\/web\/wp-content\/uploads\/2021\/10\/premios2021.jpg\"><img class=\"aligncenter\" src=\"https:\/\/quasarcomunicacion.com.ar\/web\/wp-content\/uploads\/2021\/10\/premios2021.jpg\" \/><\/a><\/p>\n<p><strong>Las ganadoras<\/strong><\/p>\n<p><strong>DAFNE ANGHELIDIS \u2013 PREMIO EMPRESARIA DEL A\u00d1O 2021 <\/strong><\/p>\n<p>Dafne Anghelidis es Licenciada en Administraci\u00f3n Naviera. Desarroll\u00f3 su carrera profesional en tres empresas multinacionales de transporte mar\u00edtimo de carga con sede en Argentina. Desde 2013 est\u00e1 a cargo de la empresa \u201cAgencia Mar\u00edtima Intercontinental SRL\u201d, dedicada a brindar servicios a los barcos que recalan en puertos argentinos. La compa\u00f1\u00eda fue fundada por su padre, Nicol\u00e1s Anghelidis, en 1969, operando ininterrumpidamente desde entonces. Dafne continua ese legado, gerenciando la empresa junto a su marido Fabi\u00e1n.<br \/>\nEn 2014 Dafne se uni\u00f3 a la asociaci\u00f3n WISTA, cuyo objetivo es la inclusi\u00f3n y la participaci\u00f3n de la mujer profesional en el \u00e1mbito mar\u00edtimo, portuario y de comercio exterior. Pronto asumi\u00f3 el puesto de Secretaria, desde el cual trabaj\u00f3 en la organizaci\u00f3n de un congreso internacional con sede en Buenos Aires. En 2019 asumi\u00f3 la Presidencia de la asociaci\u00f3n, implementando varias innovaciones y haciendo crecer el n\u00famero de socias. Actualmente est\u00e1 cursando su segundo periodo de presidencia.<br \/>\nEn el plano social, Dafne es miembro de GURU Mujeres, un grupo que brega por la conectividad rural, la educaci\u00f3n rural, y la construcci\u00f3n de caminos en el campo. En este marco, Dafne organizo varias colectas de libros escolares para destinar a escuelas rurales, distribuy\u00e9ndose a trav\u00e9s de las miembros del grupo GURU.<br \/>\nDafne tambi\u00e9n colabora activamente con la Colectividad Hel\u00e9nica de Buenos Aires, de la cual es miembro por su ascendencia griega, ya que su padre y su madre llegaron a la Argentina desde Grecia en la posguerra. En esta asociaci\u00f3n, Dafne coopera con la comisi\u00f3n Directiva y el Colegio que pertenece a la entidad, siguiendo el legado de su padre, quien fuera presidente de la comisi\u00f3n directiva de esta instituci\u00f3n.<br \/>\n<strong><br \/>\nMARIA LAURA TERUEL \u2013 PREMIO EMPRESARIA DEL A\u00d1O 2021 <\/strong><\/p>\n<p>Mar\u00eda Laura Teruel es de licenciada en Comercializaci\u00f3n y mag\u00edster en Empresas Familiares, y curs\u00f3 un Programa de Gobierno Corporativo con Perspectiva de G\u00e9nero. Junto con sus dos hermanos decidi\u00f3 continuar con el legado familiar, la empresa Plusmar fundada por su padre, Don Niper Teruel, en 1976.<br \/>\nEl crecimiento a lo largo de las d\u00e9cadas fue ininterrumpido. Actualmente Plusmar presta servicios a diferentes organizaciones a trav\u00e9s de m\u00e1s de 59 rutas de la provincia de Buenos Aires y alrededores con una flota de m\u00e1s de 600 coches.<br \/>\nLos valores que los identifican son transparencia, calidad en el servicio, crecimiento y desarrollo, comunicaci\u00f3n eficaz y eficiente, trabajo seguro, medidas de seguridad, desarrollo de las comunidades a las que les prestan servicio, gesti\u00f3n sustentable, respeto por las leyes, honestidad, \u00e9tica y compromiso.<br \/>\nAdem\u00e1s de su labor en Plusmar, donde actualmente es directora comercial y se ocupa de las relaciones laborales y sindicales, Mar\u00eda Laura logr\u00f3 consolidar su lugar como mujer empresaria en diferentes instituciones. Integra el directorio de la C\u00e1mara Empresaria de Transporte de Larga Distancia, es presidenta de la Comisi\u00f3n de Mujeres Empresarias y Productoras de Florencio Varela y presidenta de Mujeres de la Federaci\u00f3n Econ\u00f3mica de la Provincia de Buenos Aires. Asimismo, es vicepresidenta primera de la C\u00e1mara de Turismo de la Provincia de Buenos Aires y vicepresidenta primera de Mujeres Empresarias en la Confederaci\u00f3n Argentina de la Mediana Empresa, y recientemente ha sido nombrada secretaria de la C\u00e1mara Argentina de Turismo.<br \/>\n<strong><br \/>\nVERONICA RAZZINI \u2013 MENCION ESPECIAL DEL A\u00d1O 2021, POR SU DESTACADA LABOR Y APOYO EN DEFENSA DE LA EMPRESA <\/strong><\/p>\n<p>Ver\u00f3nica Razzini es rosarina, y junto a su padre y hermanos conforman el Grupo Razzini, compuesto por empresas del rubro de la construcci\u00f3n: una planta hormigonera, un corral\u00f3n de materiales de construcci\u00f3n y una planta recicladora de \u00e1ridos. Ver\u00f3nica es contadora p\u00fablica y siempre se dedic\u00f3 a la parte de administraci\u00f3n y finanzas de las empresas del Grupo. Pero hace tres a\u00f1os descubri\u00f3 que le apasionaban los recursos humanos, por lo que decidi\u00f3 abocarse a esta \u00e1rea.<br \/>\nTiempo atr\u00e1s Ver\u00f3nica sufri\u00f3 tres meses de bloqueos del Sindicato de Camioneros en empresas del Grupo Razzini. Ella se opuso y gan\u00f3 la batalla, luego de recibir amenazas y vivir situaciones dif\u00edciles.<br \/>\nEn marzo de este a\u00f1o, cuando se conoci\u00f3 la noticia de que se hab\u00eda imputado a los delegados del Sindicato de Camioneros y a los empleados involucrados en los bloqueos, Ver\u00f3nica comenz\u00f3 a recibir una gran cantidad de llamados de empresarios de todo el pa\u00eds, y junto con Bernardo Fern\u00e1ndez \u2013empresario que vivi\u00f3 una situaci\u00f3n muy similar\u2013 decidieron crear un movimiento antipiquete.<br \/>\nA ra\u00edz del conflicto, Ver\u00f3nica tambi\u00e9n conoci\u00f3 a Florencia Arietto, abogada penalista, especialista en estas cuestiones sindicales, con quien coincidi\u00f3 en que hab\u00eda que salir a dar el mensaje de que este tipo de situaciones no eran f\u00e1ciles, pero que se puede trabajar en armar un m\u00e9todo y protocolos para ayudar a los empresarios en estas situaciones. En este sentido, Ver\u00f3nica sostuvo: \u00abQueremos ser parte de la soluci\u00f3n a un problema, y no seguir siendo funcional al problema\u00bb.<br \/>\nDesde este Movimiento buscan difundir y apoyar a las empresas que tienen que enfrentar a las mafias sindicales, las cuales vienen extorsionando desde hace muchos a\u00f1os a los empresarios, quienes terminan cediendo para poder seguir trabajando.<br \/>\n<strong><br \/>\nFARMACIAS CENTRAL OESTE \u2013 PREMIO EMPRESA DEL A\u00d1O 2021, (RECIBE EL PREMIO FABIANA SCHVARZSTEIN) <\/strong><\/p>\n<p>El 23 de diciembre de 1963, Martha Halpern y Guillermo Schvarzstein cumplieron el sue\u00f1o de tener su propia farmacia. La vocaci\u00f3n de servicio estuvo presente desde el d\u00eda que se recibi\u00f3 al primer cliente y hoy contin\u00faa siendo uno de los valores diferenciales. El servicio que brinda Farmacias Central Oeste no es solamente para quienes visitan alguna de sus 16 locales, sino que, desde fines de los 90, la empresa impulsa un programa de gesti\u00f3n social que tiene como objetivo acercar herramientas que ayuden en el cuidado de la salud y mejoren la calidad de vida de la comunidad.<br \/>\nEn 1998 comenzaron a impartirse conferencias en forma libre y gratuita, abiertas a la comunidad, sobre temas de salud, afecciones cotidianas, belleza y dermocosm\u00e9tica. En todos estos a\u00f1os han pasado por las charlas m\u00e1s de 15.000 personas. Las acciones de concientizaci\u00f3n sobre enfermedades cr\u00f3nicas como el tabaquismo, el c\u00e1ncer de mama y la hipertensi\u00f3n son muy bien recibidas, lo que ha llevado a la compa\u00f1\u00eda a realizar campa\u00f1as sobre cada una de estas tem\u00e1ticas. El programa de gesti\u00f3n social de Farmacias Central Oeste tambi\u00e9n incluye acciones con la Universidad de Mor\u00f3n, incluyendo ferias de empleo y la invitaci\u00f3n a j\u00f3venes estudiantes para participar de sus pasant\u00edas profesionales.<br \/>\nFarmacias Central Oeste tambi\u00e9n cuida el medio ambiente. La estructura vidriada que caracteriza los locales permite un importante ahorro en el uso de energ\u00eda. Adem\u00e1s, la compa\u00f1\u00eda apoya una campa\u00f1a de reciclaje que convierte los residuos en obras de arte. En el marco de los festejos de sus 50 a\u00f1os, se lanz\u00f3 una ambiciosa campa\u00f1a solidaria: entre julio y diciembre, cada vez que un cliente compra alguno de los cientos de \u201cproductos solidarios\u201d que se ofrecen en las farmacias, la empresa hace una donaci\u00f3n a la Fundaci\u00f3n Tzedak\u00e1, quien adquiri\u00f3 medicamentos para distribuir entre hospitales p\u00fablicos de la Zona Oeste. \u201cDesde el primer d\u00eda pensamos en la gente que nos rodea. Esta filosof\u00eda de vida nos ha acompa\u00f1ado durante estos m\u00e1s de 50 a\u00f1os, y lo seguir\u00e1 haciendo siempre\u201d, sostienen Fabiana, Ariel y Mariano, los hijos del matrimonio fundador que trabajando unidos preservan el legado familiar.<\/p>\n<p><strong>Acerca de AIME<\/strong><\/p>\n<p>La <strong>Asociaci\u00f3n Iberoamericana de Mujeres Empresarias<\/strong> fue fundada en 1989. Es una organizaci\u00f3n no gubernamental sin fines de lucro, apartidaria y pluralista.<\/p>\n<p>En AIME brindan informaci\u00f3n, capacitaci\u00f3n, tejen redes y contribuyen a la igualdad de oportunidades entre empresarios. En respuesta a una demanda de la mujer de aportar su liderazgo al mundo empresarial y emprendedor y sumarse a los cambios generados por las pol\u00edticas nacionales y un mundo cada vez m\u00e1s globalizados, en AIME, ponen toda su creatividad sin dejar de lado una clara visi\u00f3n de lo social.<\/p>\n<p>El foco est\u00e1 puesto en la mujer empresaria PYME y la emprendedora que reclama un \u00e1mbito dentro del cual pueda potenciar desde su propia identidad sus capacidades en la laboral, sin por ello descuidar lo familiar. Buscan fortalecer en el hacer cotidiano, la coherencia entre las ideas y el accionar, lo que lleva a organizar seminarios, congresos internacionales, encuentros de negocios y desayunos de trabajo con actores de diversos \u00e1mbitos y gracias a esa heterogeneidad, prevalece el di\u00e1logo, la discusi\u00f3n, la reflexi\u00f3n sobre realidades preocupantes de la actualidad.<\/p>\n<p>La fuerza se potencia desde las individualidades y conforman una unidad que se concreta d\u00eda a d\u00eda a trav\u00e9s del compromiso de tender puentes que generen alianzas, la apertura de oportunidades, la creaci\u00f3n de v\u00ednculos, el compartir recursos. Consideran una necesidad visibilizar a quienes son ejemplos en la realizaci\u00f3n entres los sue\u00f1os y los logros, por ello premian anualmente a empresarias, emprendedoras y empresas que sirven de est\u00edmulo a otros a intentar logros similares.<\/p>\n<p><strong><em> Por otras im\u00e1genes, audios o entrevistas no dude en contactarse<\/em><\/strong><\/p>\n<p><strong><em> Contactos de Prensa<\/em><\/strong><\/p>\n<table width=\"100%\">\n<tbody>\n<tr>\n<td width=\"50%\"><strong> Candela Villanueva &#8211; Asistente de Cuentas<\/strong><\/p>\n<p><b> Directo<\/b><strong>: <\/strong> 0230-4664772<br \/>\n<b> Skype:<\/b> quasarcomunicacion<br \/>\n<b> Instagram<\/b>: @quasarcomunicacion<br \/>\n<b> Twitter:<\/b> @quasarpilar<br \/>\n<b> Gr<\/b><b>upo y p\u00e1gina en Facebook: <\/b> www.facebook.com\/<a href=\"mailto:mfipata@gmail.com\">Quasar<\/a>Comunicacion<br \/>\n<b> Web:<\/b> <a href=\"http:\/\/www.quasarcomunicacion.com.ar\"> www.quasarcomunicacion.com.ar<\/a><\/p>\n<p><b> Mail<\/b><strong>:<\/strong> <a href=\"mailto:fernanda@quasarcomunicacion.com.ar\"> candela<\/a><a href=\"mailto:fernanda@quasarcomunicacion.com.ar\">@quasarcomunicacion.com.ar<\/a><\/td>\n<td width=\"50%\"><strong> Lic. Mar\u00eda Fernanda Ipata &#8211; Directora<br \/>\n<\/strong> <b><br \/>\n<\/b> <b> M\u00f3vil:<\/b> 0230-15-4584535<br \/>\n<b> Whatsapp<\/b><b>:<\/b><a href=\"https:\/\/bit.ly\/2J4cUvm\"> 11 5312 6795<\/a><br \/>\n<a href=\"https:\/\/bit.ly\/2Sn1zLP\"> Enviar whatsapp aqu\u00ed<\/a><br \/>\n<b> Skype:<\/b> quasarcomunicacion<br \/>\n<b> LinkedIn<\/b><strong>:\u00a0 <\/strong> <strong> <a href=\"http:\/\/www.linkedin.com\/in\/mfipata\"> http:\/\/www.linkedin.com\/in\/mfipata<\/a><\/strong><br \/>\n<a href=\"https:\/\/www.linkedin.com\/company\/quasarcomunicacion\"> https:\/\/www.linkedin.com\/company\/quasarcomunicacion<\/a><br \/>\n<b> Instagram y Facebook:<\/b> @quasarcomunicacion <b><br \/>\nWeb:<\/b> <a href=\"http:\/\/www.quasarcomunicacion.com.ar\"> www.quasarcomunicacion.com.ar<\/a><br \/>\n<b> Mail<\/b><strong>:<\/strong><a href=\"mailto:fernanda@quasarcomunicacion.com.ar\"> fernanda@quasarcomunicacion.com.ar<\/a><br \/>\n<b> Canal de Telegram para acceder a comunicados:<\/b> https:\/\/t.me\/comunicadosQC<\/td>\n<\/tr>\n<\/tbody>\n<\/table>\n","protected":false},"excerpt":{"rendered":"<p>La Asociaci\u00f3n Iberoamericana de Mujeres Empresarias (AIME) realiz\u00f3 su tradicional entrega de premios con un n\u00famero reducido de asistentes y [&hellip;]<\/p>\n","protected":false},"author":2,"featured_media":11435,"comment_status":"open","ping_status":"open","sticky":false,"template":"","format":"standard","meta":[],"categories":[2],"tags":[],"_links":{"self":[{"href":"https:\/\/quasarcomunicacion.com.ar\/web\/wp-json\/wp\/v2\/posts\/11440"}],"collection":[{"href":"https:\/\/quasarcomunicacion.com.ar\/web\/wp-json\/wp\/v2\/posts"}],"about":[{"href":"https:\/\/quasarcomunicacion.com.ar\/web\/wp-json\/wp\/v2\/types\/post"}],"author":[{"embeddable":true,"href":"https:\/\/quasarcomunicacion.com.ar\/web\/wp-json\/wp\/v2\/users\/2"}],"replies":[{"embeddable":true,"href":"https:\/\/quasarcomunicacion.com.ar\/web\/wp-json\/wp\/v2\/comments?post=11440"}],"version-history":[{"count":3,"href":"https:\/\/quasarcomunicacion.com.ar\/web\/wp-json\/wp\/v2\/posts\/11440\/revisions"}],"predecessor-version":[{"id":11443,"href":"https:\/\/quasarcomunicacion.com.ar\/web\/wp-json\/wp\/v2\/posts\/11440\/revisions\/11443"}],"wp:featuredmedia":[{"embeddable":true,"href":"https:\/\/quasarcomunicacion.com.ar\/web\/wp-json\/wp\/v2\/media\/11435"}],"wp:attachment":[{"href":"https:\/\/quasarcomunicacion.com.ar\/web\/wp-json\/wp\/v2\/media?parent=11440"}],"wp:term":[{"taxonomy":"category","embeddable":true,"href":"https:\/\/quasarcomunicacion.com.ar\/web\/wp-json\/wp\/v2\/categories?post=11440"},{"taxonomy":"post_tag","embeddable":true,"href":"https:\/\/quasarcomunicacion.com.ar\/web\/wp-json\/wp\/v2\/tags?post=11440"}],"curies":[{"name":"wp","href":"https:\/\/api.w.org\/{rel}","templated":true}]}}