{"id":11436,"date":"2021-10-30T20:33:34","date_gmt":"2021-10-30T20:33:34","guid":{"rendered":"https:\/\/quasarcomunicacion.com.ar\/web\/?p=11436"},"modified":"2021-10-30T20:33:34","modified_gmt":"2021-10-30T20:33:34","slug":"con-la-premiacion-de-los-espacios-ganadores-abrio-sus-puertas-la-18o-edicion-de-estilo-pilar-delta-escobar","status":"publish","type":"post","link":"https:\/\/quasarcomunicacion.com.ar\/web\/con-la-premiacion-de-los-espacios-ganadores-abrio-sus-puertas-la-18o-edicion-de-estilo-pilar-delta-escobar\/","title":{"rendered":"Con la premiaci\u00f3n de los espacios ganadores, abri\u00f3 sus puertas la 18\u00ba Edici\u00f3n de Estilo Pilar Delta Escobar"},"content":{"rendered":"<p><strong>\u00a0<\/strong>La <strong>18\u00b0 edici\u00f3n de ESTILO PILAR<\/strong>, la exposici\u00f3n de decoraci\u00f3n, arte, paisajismo y arquitectura de mayor envergadura, abre sus puertas hasta el 28 de Noviembre en el emprendimiento n\u00e1utico <strong>El Naudir &#8211; Aguas Privadas<\/strong> de la desarrolladora E2, en un predio de 2 hect\u00e1reas a orillas de un espejo de agua con salida al r\u00edo. La muestra, organizada por la Asociaci\u00f3n sin fines de lucro <strong>AMIGOS DEL PILAR<\/strong>, y todo lo recaudado en el evento se destina a dar atenci\u00f3n odontol\u00f3gica calificada y gratuita a ni\u00f1os de escasos recursos del partido de Pilar.<!--more--><\/p>\n<p>Con la presencia de la Comisi\u00f3n Directiva de Amigos del Pilar, integrada por Haydee Burgue\u00f1o, Mercedes Pieres, Mercy Menditeguy, Teresa Oliverio, Alicia Erbin y Elfie Escudero junto a la Asesora de Arte Cristina Bonanno, Laila Huber a cargo de la coordinaci\u00f3n general; se procedi\u00f3 al corte de cintas junto a Diego Mart\u00ednez Nu\u00f1ez, director general de E2, la desarrolladora que lleva adelante el emprendimiento El Naudir donde se realiza la muestra.<\/p>\n<p><a href=\"https:\/\/quasarcomunicacion.com.ar\/web\/wp-content\/uploads\/2021\/10\/cortecintas.gif\"><img class=\"aligncenter\" src=\"https:\/\/quasarcomunicacion.com.ar\/web\/wp-content\/uploads\/2021\/10\/cortecintas.gif\" \/><\/a><\/p>\n<p>La muestra cuenta con otras 2 hect\u00e1reas destinadas al estacionamiento gratuito para los visitantes. Unos 30 dise\u00f1adores de interiores, m\u00e1s de 20 artistas y una decena de paisajistas, exhiben sus dise\u00f1os y creaciones en cuatro casas ribere\u00f1as de construcci\u00f3n modular de la empresa NURHOUSE.<\/p>\n<p>El leitmotiv al momento de pensar y crear sus proyectos es \u201cvivir el agua\u201d.<\/p>\n<p>Hayd\u00e9e Burgue\u00f1o se dirigi\u00f3 a los asistentes\u00a0 agradeciendo a \u00abE2, un grupo que nos puso este lugar m\u00e1gico para hacer <strong>Estilo Pilar<\/strong> y nos dio una colaboraci\u00f3n incre\u00edble, con un aporte incre\u00edble porque esta exposici\u00f3n es muy costosa.<\/p>\n<p>Agradeci\u00f3 a Gonzalo Urruspuru de Nurpanel que construy\u00f3 cuatro casas \u00abun genio que sin pedir nada a cambio hizo cuatro casas exclusivamente para Estilo Pilar y las tuvo paradas un a\u00f1o\u00bb.<\/p>\n<p>Tambi\u00e9n agradeci\u00f3 a los los sponsors de <strong>ESTILO PILAR<\/strong>: El Naudir (emprendimiento n\u00e1utico), Vite (porcelanato), Tersuave (pintura), Rielamericano (cortinas y toldos), Indusparquet (pisos y revestimientos de madera), Canteras del Mundo (m\u00e1rmoles, granitos y superficies ultracompactas), Longvie (electrodom\u00e9sticos), Moldumet (perfiles, molduras, accesorios de ba\u00f1o y revestimientos pl\u00e1sticos), Rehau (aberturas de pvc), Roca (sanitarios y grifer\u00edas), Viio (vidrios decorativos), Iluminatti (iluminaci\u00f3n), Nurhouse (construcci\u00f3n), Modulari (construcci\u00f3n), La Naci\u00f3n (medios),Telecom (telecomunicaciones) y Landhi (socio de plataforma digital).<\/p>\n<p>\u00abEl \u00e9xito de Estilo Pilar nos permite continuar atendiendo a los ni\u00f1os de bajos recursos de Pilar para que tengan una atenci\u00f3n odontol\u00f3gica de calidad. Con la satisfacci\u00f3n de que hoy padres que fueron atendidos de ni\u00f1os traen a sus hijos a nuestros consultorios\u00bb, agreg\u00f3 Burgue\u00f1o.<\/p>\n<p>Luego fue el turno de Diego Mart\u00ednez Nu\u00f1ez, director general de E2, la desarrolladora que lleva adelante el emprendimiento El Naudir quien dijo \u00abbienvenidos a casa, E2 entre otros emprendimientos tiene El Naudir que ya se encuentra en la etapa 3 que ser\u00e1 entregada luego de la feria. Dentro de lo que es E2 principalmente tenemos la dedicaci\u00f3n de poder compartir el valor de estas tierras, un lugar so\u00f1ado, pero principalmente nuestro objetivo con<strong> Estilo Pilar <\/strong>es una oportunidad para colaborar con el fin ben\u00e9fico que Amigos del Pilar tiene y una forma de devolver a la sociedad un poco lo que nos da a nosotros como empresa\u00bb.<\/p>\n<p><a href=\"https:\/\/quasarcomunicacion.com.ar\/web\/wp-content\/uploads\/2021\/10\/cd.gif\"><img class=\"aligncenter\" src=\"https:\/\/quasarcomunicacion.com.ar\/web\/wp-content\/uploads\/2021\/10\/cd.gif\" \/><\/a><\/p>\n<p>E2 tiene un domo en la muestra donde presentar\u00e1 sus cuatro nuevos emprendimientos brindando informaci\u00f3n y detalles de cada uno de ellos.<\/p>\n<p>El p\u00fablico visitante tiene la oportunidad de recorrer el cl\u00e1sico Paseo de Compras, compuesto por m\u00e1s de 30 carpas con una amplia variedad de productos: ropa, accesorios, carteras, alimentos, mantas, plater\u00eda y art\u00edculos para decorar, entre otros. Este a\u00f1o <strong> Estilo Pilar <\/strong>se convierte en una buena oportunidad para realizar las compras para las fiestas de fin de a\u00f1o.<\/p>\n<p>Adem\u00e1s, en el Paseo Verde, unos 20 expositores ofrecen diferentes productos aptos para exteriores como fogoneros, macetas, muebles de exterior y plantas.<\/p>\n<p>El escenario ribere\u00f1o cuenta con un muelle con amarras y una interesante propuesta para los amantes de la n\u00e1utica.<\/p>\n<p>El sector gastron\u00f3mico ofrece una variada propuesta en el formato de foodtrucks con una amplia plaza de sillas y mesas para pasar un lindo momento al aire libre en un entorno inigualable.<\/p>\n<p><strong>ESTILO PILAR <\/strong>se gest\u00f3 como un evento de gran envergadura y calidad, en el que desde hace m\u00e1s de 20 a\u00f1os las empresas y los creativos hacen el lanzamiento de sus productos y de las nuevas tendencias.<\/p>\n<p>Asimismo, <strong>ESTILO PILAR<\/strong> es una excelente opci\u00f3n tanto para los amantes de la decoraci\u00f3n, el arte y el paisajismo como para los que quieran disfrutar de un maravilloso paseo.<\/p>\n<p>Con lo recaudado en la muestra solidaria, <strong>AMIGOS DE PILAR<\/strong>, tiene como misi\u00f3n financiar la atenci\u00f3n odontol\u00f3gica para ni\u00f1os de bajos recursos. Su gran compromiso y esfuerzo, llevados a cabo a lo largo de todos estos a\u00f1os, le han permitido garantizar el \u00e9xito en cada una de sus exposiciones.<\/p>\n<p><strong>Los premiados<\/strong><\/p>\n<p>En Decoraci\u00f3n el premio Estilo Pilar fue para Familia Echaide (1\u00ba Premio) y una Menci\u00f3n para 4 Elementos de Susana Piazza. El jurado estuvo compuesto por Margot S\u00e1nchez y\u00a0 Eugenia Choren.<\/p>\n<p>DArA con el Jurado integrado por la Arq. Mar\u00eda Beatriz Blanco y la Dis. Ver\u00f3nica Stegmann le entregaron el 1\u00ba Premio a C\u00b4estMoi y una Menci\u00f3n a Familia Echaide.<\/p>\n<p><a href=\"https:\/\/quasarcomunicacion.com.ar\/web\/wp-content\/uploads\/2021\/10\/echaide.gif\"><img class=\"aligncenter\" src=\"https:\/\/quasarcomunicacion.com.ar\/web\/wp-content\/uploads\/2021\/10\/echaide.gif\" \/><\/a><\/p>\n<p>Los sponsors tambi\u00e9n entregaron sus premios:<\/p>\n<p>Vite con el Jurado integrado por Ignacio Boero, gerente de Marketing de Vite, premi\u00f3 a la mejor exhibici\u00f3n de producto a C\u00b4estMoi y con una menci\u00f3n a la mejor exhibici\u00f3n de producto a Silvina Inchauspe.<\/p>\n<p>Por su parte, Tersuave, Jur\u00f3 Fernanda Domato y Noelia LLop y entreg\u00f3 e premio Ezequiel Almada, Gerente de Marketing de la empresa. Premio Hay color de Tersuave al uso del color (20 litros de pintura lavable a elecci\u00f3n y diploma) a LolyAlbasini. Y Menci\u00f3n Hay Color de Tersuave al uso del color (diploma) a C\u00b4estMoi.<\/p>\n<p>Rielamericano con el jurado integrado por Andr\u00e9s Wolff y Paula Harriague premi\u00f3 la Mejor aplicaci\u00f3n de producto Rielamericano (con el premio de 40 m2 de cortinas manuales en tela sunscreen 5% plus y diploma) a LolyAlbasini.<\/p>\n<p>Tambi\u00e9n Indusparquet con el jurado Alejandro Olmos entreg\u00f3 el Primer Premio a C\u00b4estMoi y una Menci\u00f3n a Kuperdesign.<\/p>\n<p><a href=\"https:\/\/quasarcomunicacion.com.ar\/web\/wp-content\/uploads\/2021\/10\/moi.gif\"><img class=\"aligncenter\" src=\"https:\/\/quasarcomunicacion.com.ar\/web\/wp-content\/uploads\/2021\/10\/moi.gif\" \/><\/a><\/p>\n<p>Canteras con el jurado Cristina Ciancio entreg\u00f3 una Menci\u00f3n a la Mejor aplicaci\u00f3n de producto Canteras (diploma) a Familia Echaide.<\/p>\n<p>Por su parte, Longvie con la jurado Mariana Bicocca entreg\u00f3 el premio en manos de Eduardo Moroni, Gerente de Marketing de Longvie a la Mejor exhibici\u00f3n de productos Longvie (calefactor el\u00e9ctrico ee2k y diploma) a Familia Echaide.<\/p>\n<p>Moldumet con la jurado Sandra Delpir entreg\u00f3 el Primer Premio mejor aplicaci\u00f3n de Revestimiento a Slowdesignstudio y una Menci\u00f3n a la mejor aplicaci\u00f3n de perfiles a Vika.<\/p>\n<p>Roca con la jurado Viviana Morgante, gerente de Marketing de la empresa, entreg\u00f3 el Premio Mejor dise\u00f1o de ba\u00f1o (diploma) a C\u00b4estMoi y una Menci\u00f3n a la mejor aplicaci\u00f3n de producto Roca (diploma) a Kuperdesign.<\/p>\n<p>En Arte el premio Estilo Pilar fue para 1\u00ba Premio Arte: Yvonne Delor (Obra: Autopartes Puertas) y una Menci\u00f3n Arte: Fierrokinesis (Obra: La Ipomea)<\/p>\n<p>Jur\u00f3: Victoria Pandolfo, Mar\u00eda Claudia Defante, Lic. Nieves Amorena y Lic. Mariana Paula Zuetta.<\/p>\n<p>Paisajismo tambi\u00e9n tuvo a sus premiados. Jur\u00f3 y entreg\u00f3 el premio Carolina Diotti y Mar\u00eda Jos\u00e9 Giambastiani Silveyra a Jardines exclusivos (1\u00ba premio) y una Menci\u00f3n a LL LL Campbell Marshall<\/p>\n<p>Como cada a\u00f1o, Revista Jard\u00edn con el jurado integrado por Luc\u00eda Can\u00e9 y Mariana Rossi enregaron el 1\u00ba Premio al uso de materiales reciclados a Galp\u00f3n Lifestyle y una Menci\u00f3n a la presentaci\u00f3n y calidad de plantas a Jardines exclusivos.<\/p>\n<p><a href=\"https:\/\/quasarcomunicacion.com.ar\/web\/wp-content\/uploads\/2021\/10\/jardinesexclusivos.gif\"><img class=\"aligncenter\" src=\"https:\/\/quasarcomunicacion.com.ar\/web\/wp-content\/uploads\/2021\/10\/jardinesexclusivos.gif\" \/><\/a><\/p>\n<p><strong>INFORMACION \u00daTIL<\/strong><\/p>\n<p><strong>Fecha<\/strong>: Del 28 de octubre al 28 de noviembre<\/p>\n<p><strong>D\u00edas y horarios: <\/strong>De jueves a domingos, de 12 a 20 hs. Domingo 14\/11 cerrado por Elecciones Generales.<\/p>\n<p><strong>Lugar<\/strong>: El Naudir &#8211; Aguas Privadas RN25 4020, Escobar, Buenos Aires<\/p>\n<p><strong>Indicaciones para llegar<\/strong><\/p>\n<p><strong>Veh\u00edculo particular<\/strong><br \/>\nNUEVO ACCESO<br \/>\nIngreso a trav\u00e9s de PUERTOS destino:<br \/>\nEl Naudir \u2013 Aguas privadas<\/p>\n<p>1 &#8211; Tomar RUTA PANAMERICANA RAMAL ESCOBAR hasta Km 45 en donde deber\u00e1 tomar la salida Av. de los Lagos.<br \/>\n2 &#8211; Continuar por Av. de los Lagos 4Km hasta el ingreso al barrio PUERTOS, en donde deber\u00e1 presentar su DNI para poder continuar con el trayecto interno.<br \/>\n3 &#8211; Dentro de Puertos en todo momento deber\u00e1 seguir las indicaciones que dirigen hacia el AVP y\/o Ruta 25.<br \/>\n4 &#8211; Llegando al final del trayecto pr\u00f3ximo al AVP se encuentra la salida a la Ruta 25, en donde deber\u00e1 pasar por la guardia de salida de Puertos. Ya sobre la ruta 25 tomar hac\u00eda la derecha.<br \/>\n5 &#8211; Recorrer 600 metros aprox. hasta el ingreso a EL NAUDIR.<br \/>\nEn tren<br \/>\nTren desde Estaci\u00f3n Retiro hasta Estaci\u00f3n Escobar (L\u00ednea Mitre) + L\u00ednea de colectivo 276<\/p>\n<p><strong>En colectivo<br \/>\nDesde Plaza Italia:<\/strong><br \/>\n&#8211; L\u00edneas de colectivo 194B\/194\/G\/F\/E\/A + 276<br \/>\n&#8211; L\u00edneas de colectivo 60G + 276<br \/>\n<strong>Desde Puente Saavedra:<br \/>\n<\/strong>&#8211; L\u00edneas de colectivo 194B\/194C\/G\/F\/E + 276<br \/>\n<strong>Desde M\u00e1rquez y Panamericana:<\/strong><br \/>\n&#8211; L\u00edneas de colectivo 60G + 276<br \/>\n<strong>Desde Pilar:<\/strong><br \/>\n&#8211; L\u00ednea 276 (sale de San Mart\u00edn y Estanislao L\u00f3pez)<\/p>\n<p><strong>Valores de entradas<\/strong><\/p>\n<p>Entrada General $650<br \/>\nJubilados $520<br \/>\nGrupo familiar a partir de 4 personas $520 cada mayor de 12 a\u00f1os<br \/>\nMenores de 12 a\u00f1os Sin cargo<br \/>\nGrupos a partir de 4 personas $520 por persona<br \/>\nPersonas con discapacidad Sin cargo (presentando certificado)<\/p>\n<p><strong>Beneficios<\/strong><\/p>\n<p>Presentando Cup\u00f3n 2&#215;1 JUMBO\/DISCO a valor de la entrada general $650<\/p>\n<p>Club LA NACION 2&#215;1 jueves\/viernes<br \/>\nA valor de la entrada general $650<\/p>\n<p>Club LA NACION 20% Dto s\u00e1bados\/domingos<br \/>\nSobre el valor de la entrada general $650<\/p>\n<p>Club PERSONAL 2&#215;1 jueves\/viernes<br \/>\nA valor de la entrada general $650<\/p>\n<p><strong> Contacto Estilo Pilar<\/strong><br \/>\n<a href=\"https:\/\/www.facebook.com\/estilopilar\">https:\/\/www.facebook.com\/estilopilar<\/a><br \/>\n<a href=\"https:\/\/www.instagram.com\/estilopilar\/\">https:\/\/www.instagram.com\/estilopilar\/<\/a><br \/>\n<a href=\"http:\/\/www.estilopilar.com.ar\/\">http:\/\/www.estilopilar.com.ar\/<\/a><\/p>\n<p><strong> Sobre de Amigos del Pilar<\/strong><\/p>\n<p>Como todos los a\u00f1os anteriores,<strong> Estilo Pilar<\/strong> es organizado por <strong>Amigos del Pilar<\/strong>, una Asociaci\u00f3n Civil que surgi\u00f3 de la inquietud de un grupo de mujeres con esp\u00edritu solidario que deseaban colaborar y comprometerse con su comunidad. Desde el a\u00f1o 1996 trabajan en el partido de Pilar con la misi\u00f3n de brindar ayuda a ni\u00f1os de escasos recursos en materia de salud odontol\u00f3gica: \u201cUn Pilar con atenci\u00f3n digna para aquellos de bajos recursos\u201d.<br \/>\nPara llevar a cabo esta tarea, en el a\u00f1o 2004 crearon los consultorios odontol\u00f3gicos propios, que funcionaron ininterrumpidamente hasta Octubre del 2014. A partir del 1 de Octubre de ese a\u00f1o iniciaron un nuevo camino. Formularon un nuevo sistema de becas que hace posible que tanto antiguos pacientes, como aquellos nuevos que soliciten atenci\u00f3n, puedan ser atendidos con la financiaci\u00f3n de <strong> Amigos del Pilar<\/strong>.<br \/>\nEste nuevo proyecto es posible tambi\u00e9n gracias a la ayuda de profesionales solidarios que comprenden la tarea y est\u00e1n involucrados con la obra de la fundaci\u00f3n.<br \/>\nDurante la cuarentena, despu\u00e9s de un per\u00edodo de casi un mes en el que los consultorios debieron permanecer cerrados, se atendieron \u00fanicamente urgencias. Actualmente la atenci\u00f3n es con turnos programados.<br \/>\nDesde el a\u00f1o 2004 hasta mayo de 2021 fueron atendidos 72.793 ni\u00f1os de entre 3 y 12 a\u00f1os y se brindaron 219.295 prestaciones odontol\u00f3gicas.<br \/>\nDe esta manera, en 2019 inauguraron los consultorios odontol\u00f3gicos inclusivos en el Centro de Rehabilitaci\u00f3n Pilares de Esperanza, los mismos fueron construidos y equipados por Amigos del Pilar con lo recaudado en las \u00faltimas ediciones de Estilo Pilar. Son dos consultorios con sala de espera equipados con el sill\u00f3n, instrumental y equipo de rayos X. Las odont\u00f3logas que atienden en ese espacio est\u00e1n especializadas en la atenci\u00f3n de ni\u00f1os con capacidades diferentes.<\/p>\n<p>Para m\u00e1s informaci\u00f3n ingresar a <a href=\"http:\/\/www.amigosdelpilar.org.ar\/\">http:\/\/www.amigosdelpilar.org.ar\/<\/a><\/p>\n<p><strong> EL NAUDIR Aguas Privadas, un emprendimiento n\u00e1utico de la desarrolladora E2<\/strong><\/p>\n<p>El barrio n\u00e1utico El Naudir &#8211; como Main Sponsor de Estilo Pilar y sede de la muestra- tendr\u00e1 su propio espacio para dar a conocer y promocionar sus desarrollos, as\u00ed como un Domo Central con diferentes actividades.<br \/>\nAdri\u00e1n Saraco, CEO y fundador de E2 dijo \u201cEstamos muy orgullosos de que Estilo Pilar nos haya elegido como sede para realizar su muestra. Fue un gran trabajo en conjunto que permitir\u00e1 que los visitantes puedan recorrer una muy linda exposici\u00f3n y a la vez conocer El Naudir y nuestros desarrollos en la zona\u201d.<br \/>\nE2 (www.e2evolucion.com) es una empresa nacional dedicada a los desarrollos urban\u00edsticos e inmobiliarios hace 15 a\u00f1os, tanto en Argentina como en el mundo.<br \/>\nPara E2 intervenir una zona es sin\u00f3nimo de agregarle valor, ya que como empresa cuenta con la habilidad de convertir metros cuadrados en oportunidades de negocios.<br \/>\nAgregar valor implica para E2, proyectar desarrollos y llevarlos a cabo, aportando para la zona una verdadera diferencia: ya sea innovando al apostar a zonas a\u00fan no suficientemente explotadas, o bien renovando \u00e1reas recuperando los atributos del lugar en sinton\u00eda con las tendencias contempor\u00e1neas de usos de la tierra.<br \/>\nEntre los desarrollos consolidados de E2 se encuentran Naudir, Aguas Privadas y El Cazalen Escobar. Con motivo de sus 15 a\u00f1os, este mes lanza nuevos desarrollos tanto en la zona de mayor crecimiento de Escobar, denominada El Nuevo Cazador, como en San Isidro, destac\u00e1ndose cada emprendimiento por caracter\u00edsticas especiales que los hacen \u00fanicos, ya sea por barrios 100% n\u00e1uticas, lotes + casas al rio, barrios h\u00edpicos o departamentos y condominios con servicios exclusivos, y cada uno de los desarrollos con el interiorismo y sello de Pablo Chiappori de Paul French Gallery.<\/p>\n<p>@e2evolucion<br \/>\n@elnaudir<\/p>\n<p><strong><em>Por otras im\u00e1genes, audios o entrevistas no dude en contactarse<\/em><\/strong><\/p>\n<p>Toda la informaci\u00f3n en www.quasarcomunicacion.com.ar\/web\/estilopilar21<\/p>\n<p><strong><em> Contactos de Prensa<\/em><\/strong><\/p>\n<table width=\"100%\">\n<tbody>\n<tr>\n<td width=\"50%\"><strong> Candela Villanueva &#8211; Asistente de Cuentas<\/p>\n<p><\/strong> <b> Directo<\/b><strong>: <\/strong> 0230-4664772<br \/>\n<b> Skype:<\/b> quasarcomunicacion<br \/>\n<b> Instagram<\/b>: @quasarcomunicacion<br \/>\n<b> Twitter:<\/b> @quasarpilar<br \/>\n<b> Gr<\/b><b>upo y p\u00e1gina en Facebook: <\/b> www.facebook.com\/QuasarComunicacion<br \/>\n<b> Web:<\/b> www.quasarcomunicacion.com.ar<\/p>\n<p><b> Mail<\/b><strong>:<\/strong> candela@quasarcomunicacion.com.ar<\/td>\n<td width=\"50%\"><strong> Lic. Mar\u00eda Fernanda Ipata &#8211; Directora<br \/>\n<\/strong> <b><br \/>\n<\/b> <b> M\u00f3vil:<\/b> 0230-15-4584535<br \/>\n<b> Whatsapp<\/b><b>:<\/b> 11 5312 6795<br \/>\nEnviar whatsapp aqu\u00ed<br \/>\n<b> Skype:<\/b> quasarcomunicacion<br \/>\n<b> LinkedIn<\/b><strong>:\u00a0 <\/strong> <strong> http:\/\/www.linkedin.com\/in\/mfipata<\/strong><br \/>\nhttps:\/\/www.linkedin.com\/company\/quasarcomunicacion<br \/>\n<b> Instagram y Facebook:<\/b> @quasarcomunicacion <b><br \/>\nWeb:<\/b> www.quasarcomunicacion.com.ar<br \/>\n<b> Mail<\/b><strong>:<\/strong> fernanda@quasarcomunicacion.com.ar<br \/>\n<b> Canal de Telegram para acceder a comunicados:<\/b> https:\/\/t.me\/comunicadosQC<br \/>\n<b>Telegram: <\/b> <b> https:\/\/t.me\/quasarcomunicacion<\/b><\/td>\n<\/tr>\n<\/tbody>\n<\/table>\n","protected":false},"excerpt":{"rendered":"<p>\u00a0La 18\u00b0 edici\u00f3n de ESTILO PILAR, la exposici\u00f3n de decoraci\u00f3n, arte, paisajismo y arquitectura de mayor envergadura, abre sus puertas [&hellip;]<\/p>\n","protected":false},"author":2,"featured_media":11433,"comment_status":"open","ping_status":"open","sticky":false,"template":"","format":"standard","meta":[],"categories":[2],"tags":[],"_links":{"self":[{"href":"https:\/\/quasarcomunicacion.com.ar\/web\/wp-json\/wp\/v2\/posts\/11436"}],"collection":[{"href":"https:\/\/quasarcomunicacion.com.ar\/web\/wp-json\/wp\/v2\/posts"}],"about":[{"href":"https:\/\/quasarcomunicacion.com.ar\/web\/wp-json\/wp\/v2\/types\/post"}],"author":[{"embeddable":true,"href":"https:\/\/quasarcomunicacion.com.ar\/web\/wp-json\/wp\/v2\/users\/2"}],"replies":[{"embeddable":true,"href":"https:\/\/quasarcomunicacion.com.ar\/web\/wp-json\/wp\/v2\/comments?post=11436"}],"version-history":[{"count":1,"href":"https:\/\/quasarcomunicacion.com.ar\/web\/wp-json\/wp\/v2\/posts\/11436\/revisions"}],"predecessor-version":[{"id":11437,"href":"https:\/\/quasarcomunicacion.com.ar\/web\/wp-json\/wp\/v2\/posts\/11436\/revisions\/11437"}],"wp:featuredmedia":[{"embeddable":true,"href":"https:\/\/quasarcomunicacion.com.ar\/web\/wp-json\/wp\/v2\/media\/11433"}],"wp:attachment":[{"href":"https:\/\/quasarcomunicacion.com.ar\/web\/wp-json\/wp\/v2\/media?parent=11436"}],"wp:term":[{"taxonomy":"category","embeddable":true,"href":"https:\/\/quasarcomunicacion.com.ar\/web\/wp-json\/wp\/v2\/categories?post=11436"},{"taxonomy":"post_tag","embeddable":true,"href":"https:\/\/quasarcomunicacion.com.ar\/web\/wp-json\/wp\/v2\/tags?post=11436"}],"curies":[{"name":"wp","href":"https:\/\/api.w.org\/{rel}","templated":true}]}}