{"id":114,"date":"2012-03-11T18:38:45","date_gmt":"2012-03-11T18:38:45","guid":{"rendered":"http:\/\/quasarcomunicacion.wordpress.com\/?p=114"},"modified":"2012-03-11T18:38:45","modified_gmt":"2012-03-11T18:38:45","slug":"el-diario-de-rio-negro-anticipamos-como-sera-estilo-pilar-2012","status":"publish","type":"post","link":"https:\/\/quasarcomunicacion.com.ar\/web\/el-diario-de-rio-negro-anticipamos-como-sera-estilo-pilar-2012\/","title":{"rendered":"El Diario de R\u00edo Negro: Anticipamos c\u00f3mo ser\u00e1 ESTILO PILAR 2012"},"content":{"rendered":"<div>\n<div>\n<p>\u00abSimplemente urbano\u00bb, la gran vidriera de la decoraci\u00f3n argentina.<!--more--><\/p>\n<\/div>\n<\/div>\n<div>\u00a0Notas Asociadas<\/div>\n<div>\n<div>\n<ul>\n<li><a id=\"ctl00_ctl00_areavariable_master_areavariable_Enlaces_asociadossuples_rpt_asociados_ctl01_HyperLink1\" href=\"http:\/\/www.rionegro.com.ar\/diario\/rn\/notas_eh.aspx?idart=829345&amp;idcat=10943&amp;tipo=2\">VIVIANA DABUL y SUSANA ENGEL UNA L\u00cdNEA PENSADA Y PROBADA<\/a><\/li>\n<li><a id=\"ctl00_ctl00_areavariable_master_areavariable_Enlaces_asociadossuples_rpt_asociados_ctl02_HyperLink1\" href=\"http:\/\/www.rionegro.com.ar\/diario\/rn\/notas_eh.aspx?idart=829347&amp;idcat=10943&amp;tipo=2\">MARIANA HOGG UN TIEMPO M\u00c1S CERCANO AL NATURAL<\/a><\/li>\n<li><a id=\"ctl00_ctl00_areavariable_master_areavariable_Enlaces_asociadossuples_rpt_asociados_ctl03_HyperLink1\" href=\"http:\/\/www.rionegro.com.ar\/diario\/rn\/notas_eh.aspx?idart=829416&amp;idcat=10943&amp;tipo=2\">EDUARDO SAUBIDET EL ARTE SE SIENTA A LA MESA<\/a><\/li>\n<li><a id=\"ctl00_ctl00_areavariable_master_areavariable_Enlaces_asociadossuples_rpt_asociados_ctl04_HyperLink1\" href=\"http:\/\/www.rionegro.com.ar\/diario\/rn\/notas_eh.aspx?idart=829417&amp;idcat=10943&amp;tipo=2\">CARMELA CAREY PONDERANDO LO EST\u00c9TICO<\/a><\/li>\n<li><a id=\"ctl00_ctl00_areavariable_master_areavariable_Enlaces_asociadossuples_rpt_asociados_ctl05_HyperLink1\" href=\"http:\/\/www.rionegro.com.ar\/diario\/rn\/notas_eh.aspx?idart=832776&amp;idcat=10943&amp;tipo=2\">CELINE FRERS EN MEDIO DE LA NADA<\/a><\/li>\n<\/ul>\n<\/div>\n<\/div>\n<div>\n<div>\n<div>\u00a0TEXTO: EDUARDO ROUILLET<\/div>\n<\/div>\n<div>\n<p>FOTOS: MART\u00cdN HEER<\/p>\n<p>Estilo Pilar vuelve en su decimotercera versi\u00f3n del pr\u00f3ximo 29 de marzo al 22 de abril con las \u00faltimas tendencias en decoraci\u00f3n y arte en un ambiente \u00fanico. Esta feria de la industria decorativa presenta una propuesta innovadora dentro del condominio Civis en Tortugas Norte, ubicado en el kil\u00f3metro 38 de la ruta Panamericana Ramal Pilar. Habr\u00e1 4 mil metros cuadrados de puro interiorismo y decoraci\u00f3n, veinticinco departamentos completamente decorados, once espacios de arte y cuatro salas de exhibici\u00f3n, en un edificio de 14.216 m\u00b2, con m\u00e1s de 10.000 m2 de parque y \u00e1reas comunes, compuesto de cinco m\u00f3dulos con tipolog\u00edas que van desde estudios hasta \u00e1ticos, en el \u00faltimo piso, en cuyo desarrollo se invirtieron 25 millones de d\u00f3lares. Los accesos est\u00e1n definidos por p\u00f3rticos con su respectiva recepci\u00f3n, n\u00facleo de ascensores y escaleras que sirven a tres o cuatro unidades por nivel, seg\u00fan el caso, asegurando excelente atenci\u00f3n a residentes y visitantes. Desde cocheras subterr\u00e1neas el propietario entra a las unidades directamente por ascensor.<\/p>\n<p>Estilo Pilar representa una forma de vida al aire libre, en contacto con la naturaleza y ligada a la vida tranquila, tan necesaria hoy. Pero lo urbano va llegando al campo con necesidad de opciones para aquellos que privilegian las viviendas pr\u00e1cticas y eficientes sin dejar de lado el verde y lo natural, a trav\u00e9s de grandes espacios y jardines comunes. En tiempos de cambio y b\u00fasqueda de alternativas para todas las generaciones, la muestra ampl\u00eda su cl\u00e1sico rol de referente sobre la vida al aire libre para abarcar tambi\u00e9n la experiencia en condominios que a\u00fanan la perfecci\u00f3n de ambos mundos, haciendo especial hincapi\u00e9 en las historias de cada espacio y autor, rescatando as\u00ed \u00abel alma de cada casa\u00bb. Bajo este concepto, los decoradores ambientar\u00e1n un edificio de 4.000 m\u00b2 considerando la tem\u00e1tica del entorno, al tiempo que los paisajistas tendr\u00e1n el desaf\u00edo de generar un intercambio entre lo construido y el ecosistema.<\/p>\n<p>\u00abSimplemente Urbano\u00bb se denomina esta muestra solidaria de Amigos del Pilar (ADP), que desde sus inicios asumi\u00f3 el compromiso de ayudar en salud y educaci\u00f3n a personas de escasos recursos del partido de Pilar, y de desarrollar y sostener los Consultorios Odontol\u00f3gicos Pedi\u00e1tricos gratuitos ADP. \u00abeh!\u00bb asisti\u00f3 al lanzamiento exclusivo para periodistas y as\u00ed poder hoy compartir las tendencias de la feria y entrevist\u00f3 a representantes de decoraci\u00f3n, paisajismo, arte y fotograf\u00eda.<\/p>\n<p>Entre los adelantos presentados figura un estar de jard\u00edn de las arquitectas Viviana Dabul y Susana Engel, con un estilo original y sobrio, quienes proponen su nueva colecci\u00f3n de muebles de exterior con dise\u00f1os minimalistas en aluminio anodizado para las estructuras, resinas n\u00e1uticas en el acabado de las superficies y telas para intemperie que no requieren mayores cuidados. Eugenia Choren y Eduardo Saubidet apuestan este a\u00f1o al arte autosustentable con Ambosmundos, para ver que todo lo que consumimos puede tener otro uso, art\u00edstico. Sandy Cairncross eligi\u00f3 en esta edici\u00f3n a Carmela Carey quien jug\u00f3 a los opuestos decorando el dos ambientes de una pareja, para mostrar su cuerpo y alma. \u00abUn espacio en el que jugamos mucho con el color y mezclamos lo nuevo y lo viejo en un clima sofisticado, recargado pero tambi\u00e9n elegante y calmo\u00bb, describi\u00f3 la decoradora.<\/p>\n<p>Por su parte, Celine Frers usa su magn\u00edfica \u00abfotograf\u00eda como fuente de arte dentro de un ambiente y como pieza \u00fanica, en lugar de la pintura\u00bb, seg\u00fan explic\u00f3 a eh!. La arquitecta Andrea Portero que lleva adelante Biocomunidad cre\u00f3 un espacio encantador con colores claros, marrones y verdes aprovechando telas de algod\u00f3n o terciopelo, vidrio, hierro y madera reciclada. Walter Russo junto a Sol Galeano y Ximena Yablonka se inclinaron por lo artesanal. \u00abLa idea es presentar muebles, tallado y marqueter\u00eda en un ambiente cl\u00e1sico donde incluiremos tecnolog\u00eda para mostrar que se puede tener una casa tecnol\u00f3gica y no por eso vivir en ambientes muy modernos\u00bb, precis\u00f3 Ximena. La paisajista Mariana Hogg mostr\u00f3 muebles de exterior realizados con materiales en desuso, ca\u00f1os de oleoductos, una mesa armada con postigones apoyados en el marco de una vieja ventana, varillas de bombeo de petr\u00f3leo, enormes tuercas, aisladores de los que se usaban en tendido de l\u00edneas el\u00e9ctricas&#8230; \u00abLo que encuentro en la chatarra lo transformo, le voy dando otra utilidad\u00bb, explic\u00f3 a este diario.<\/p>\n<\/div>\n<\/div>\n","protected":false},"excerpt":{"rendered":"<p>\u00abSimplemente urbano\u00bb, la gran vidriera de la decoraci\u00f3n argentina.<\/p>\n","protected":false},"author":2,"featured_media":0,"comment_status":"open","ping_status":"open","sticky":false,"template":"","format":"standard","meta":[],"categories":[42],"tags":[],"_links":{"self":[{"href":"https:\/\/quasarcomunicacion.com.ar\/web\/wp-json\/wp\/v2\/posts\/114"}],"collection":[{"href":"https:\/\/quasarcomunicacion.com.ar\/web\/wp-json\/wp\/v2\/posts"}],"about":[{"href":"https:\/\/quasarcomunicacion.com.ar\/web\/wp-json\/wp\/v2\/types\/post"}],"author":[{"embeddable":true,"href":"https:\/\/quasarcomunicacion.com.ar\/web\/wp-json\/wp\/v2\/users\/2"}],"replies":[{"embeddable":true,"href":"https:\/\/quasarcomunicacion.com.ar\/web\/wp-json\/wp\/v2\/comments?post=114"}],"version-history":[{"count":0,"href":"https:\/\/quasarcomunicacion.com.ar\/web\/wp-json\/wp\/v2\/posts\/114\/revisions"}],"wp:attachment":[{"href":"https:\/\/quasarcomunicacion.com.ar\/web\/wp-json\/wp\/v2\/media?parent=114"}],"wp:term":[{"taxonomy":"category","embeddable":true,"href":"https:\/\/quasarcomunicacion.com.ar\/web\/wp-json\/wp\/v2\/categories?post=114"},{"taxonomy":"post_tag","embeddable":true,"href":"https:\/\/quasarcomunicacion.com.ar\/web\/wp-json\/wp\/v2\/tags?post=114"}],"curies":[{"name":"wp","href":"https:\/\/api.w.org\/{rel}","templated":true}]}}