{"id":11395,"date":"2021-10-20T19:17:03","date_gmt":"2021-10-20T19:17:03","guid":{"rendered":"https:\/\/quasarcomunicacion.com.ar\/web\/?p=11395"},"modified":"2021-10-20T19:17:03","modified_gmt":"2021-10-20T19:17:03","slug":"pilar-emprende-y-la-camara-pyme-en-diario-resumen","status":"publish","type":"post","link":"https:\/\/quasarcomunicacion.com.ar\/web\/pilar-emprende-y-la-camara-pyme-en-diario-resumen\/","title":{"rendered":"Pilar Emprende y la C\u00e1mara Pyme en Diario Resumen"},"content":{"rendered":"<p>Nota en Diario Resumen de Pilar sobre el convenio suscripto entre Pilar Emprende y la C\u00e1mara de la Mediana y Peque\u00f1a Empresa de Pilar publicada el mi\u00e9rcoles 20 de octubre de 2021.<!--more--><\/p>\n<p><a href=\"https:\/\/quasarcomunicacion.com.ar\/web\/wp-content\/uploads\/2021\/10\/201021-Diario-Resumen-P\u00e1gina-4.jpg\"><img class=\"alignnone\" src=\"https:\/\/quasarcomunicacion.com.ar\/web\/wp-content\/uploads\/2021\/10\/201021-Diario-Resumen-P\u00e1gina-4-784x1024.jpg\" \/><\/a><\/p>\n","protected":false},"excerpt":{"rendered":"<p>Nota en Diario Resumen de Pilar sobre el convenio suscripto entre Pilar Emprende y la C\u00e1mara de la Mediana y [&hellip;]<\/p>\n","protected":false},"author":2,"featured_media":11397,"comment_status":"open","ping_status":"open","sticky":false,"template":"","format":"standard","meta":[],"categories":[42],"tags":[],"_links":{"self":[{"href":"https:\/\/quasarcomunicacion.com.ar\/web\/wp-json\/wp\/v2\/posts\/11395"}],"collection":[{"href":"https:\/\/quasarcomunicacion.com.ar\/web\/wp-json\/wp\/v2\/posts"}],"about":[{"href":"https:\/\/quasarcomunicacion.com.ar\/web\/wp-json\/wp\/v2\/types\/post"}],"author":[{"embeddable":true,"href":"https:\/\/quasarcomunicacion.com.ar\/web\/wp-json\/wp\/v2\/users\/2"}],"replies":[{"embeddable":true,"href":"https:\/\/quasarcomunicacion.com.ar\/web\/wp-json\/wp\/v2\/comments?post=11395"}],"version-history":[{"count":2,"href":"https:\/\/quasarcomunicacion.com.ar\/web\/wp-json\/wp\/v2\/posts\/11395\/revisions"}],"predecessor-version":[{"id":11398,"href":"https:\/\/quasarcomunicacion.com.ar\/web\/wp-json\/wp\/v2\/posts\/11395\/revisions\/11398"}],"wp:featuredmedia":[{"embeddable":true,"href":"https:\/\/quasarcomunicacion.com.ar\/web\/wp-json\/wp\/v2\/media\/11397"}],"wp:attachment":[{"href":"https:\/\/quasarcomunicacion.com.ar\/web\/wp-json\/wp\/v2\/media?parent=11395"}],"wp:term":[{"taxonomy":"category","embeddable":true,"href":"https:\/\/quasarcomunicacion.com.ar\/web\/wp-json\/wp\/v2\/categories?post=11395"},{"taxonomy":"post_tag","embeddable":true,"href":"https:\/\/quasarcomunicacion.com.ar\/web\/wp-json\/wp\/v2\/tags?post=11395"}],"curies":[{"name":"wp","href":"https:\/\/api.w.org\/{rel}","templated":true}]}}