{"id":11391,"date":"2021-10-20T17:28:34","date_gmt":"2021-10-20T17:28:34","guid":{"rendered":"https:\/\/quasarcomunicacion.com.ar\/web\/?p=11391"},"modified":"2021-10-21T20:17:45","modified_gmt":"2021-10-21T20:17:45","slug":"la-camara-pyme-de-pilar-junto-a-otras-entidades-escucha-las-propuestas-de-los-candidatos-a-concejales-de-pilar","status":"publish","type":"post","link":"https:\/\/quasarcomunicacion.com.ar\/web\/la-camara-pyme-de-pilar-junto-a-otras-entidades-escucha-las-propuestas-de-los-candidatos-a-concejales-de-pilar\/","title":{"rendered":"La C\u00e1mara PyME de Pilar junto a otras Entidades escucha las propuestas de los candidatos a concejales de Pilar"},"content":{"rendered":"<p>La <strong>C\u00e1mara de la Peque\u00f1a y Mediana Empresa de Pilar<\/strong> junto a otras Entidades empresariales convocan a la iniciativa conjunta <strong>\u00abLos Candidatos Hablan, Nosotros Escuchamos\u00bb<\/strong> por la cual se convoc\u00f3 a todos los candidatos a concejales de Pilar a exponer v\u00eda zoom sus propuestas. La participaci\u00f3n es abierta y gratuita y solo requiere registrarse en <a href=\"https:\/\/redcepip.com.ar\/candidatos\"> https:\/\/redcepip.com.ar\/candidatos<\/a><!--more--><\/p>\n<p>La agenda confirmada y que tendr\u00e1 lugar a las 15 hs de cada d\u00eda, comienza el 27 de octubre con la presentaci\u00f3n de las propuestas del candidato Sebasti\u00e1n Neuspiller de Juntos; el 3 de noviembre ser\u00e1 el turno Juan Mart\u00edn Tito de Avanza Libertad; el 10 de noviembre expondr\u00e1 Juli\u00e1n Battistessa, del Frente Izquierda de los Trabajadores. Tambi\u00e9n se invit\u00f3 a Santiago Laurent del Frente de Todos y a Pablo Camacho, de Vamos con Vos con quienes a\u00fan no hay confirmada fecha.<\/p>\n<p><a href=\"https:\/\/quasarcomunicacion.com.ar\/web\/wp-content\/uploads\/2021\/10\/candidatos.gif\"><img class=\"aligncenter\" src=\"https:\/\/quasarcomunicacion.com.ar\/web\/wp-content\/uploads\/2021\/10\/candidatos.gif\" \/><\/a><\/p>\n<p>Acompa\u00f1an la iniciativa la C\u00e1mara Empresaria del Parque Industrial Pilar (CEPIP), la C\u00e1mara de Comercio de Pilar (SCIPA), la Red CEPIP, el Parque Industrial Pilar y la C\u00e1mara de Industria y Comercio de Villa Rosa (CICOPROA).<\/p>\n<p><strong>Otras actividades<\/strong><\/p>\n<p>Adem\u00e1s la Entidad fue invitada a participar el viernes de la presentaci\u00f3n De Pilar al Mundo, un encuentro que contar\u00e1 con la presencia del Dr. Sergio T. Massa, presidente del Honorable C\u00e1mara de Diputados de la Naci\u00f3n; el Dr. Federico Ach\u00e1val, intendente de Pilar, el Dr. Jos\u00e9 Ignacio de Mendiguren, presidente del BICE y el Dr. Jorge D\u00b4Onofrio, diputado de la Provincia de Buenos Aires que se reunir\u00e1n en Sheraton Pilar.<\/p>\n<p>El mi\u00e9rcoles 27 de octubre a las 11.30 hs participar\u00e1n de la Entrega de los Premios AIME de manera presencial. Dicha entrega de premios es organizada por la Asociaci\u00f3n Iberoamericana de Mujeres Empresarias y reconocer\u00e1 a la Empresaria del a\u00f1o 2020 y 2021 y a la empresa que se destaca por su responsabilidad social. El evento podr\u00e1 seguirse online v\u00eda zoom haciendo click aqu\u00ed https:\/\/zoom.us\/j\/93966663046?pwd=SVo2cjkxdWRJUXc5L1lFRXduaWxRZz09 ID de reuni\u00f3n: 939 6666 3046 y C\u00f3digo de acceso: AIME<\/p>\n<p>Los directivos de la Entidad se encuentran trabajando en la puesta en marcha de un espacio de coworking en un punto estrat\u00e9gico de Pilar y en el \u00abProyecto de Capacitaci\u00f3n para PyMEs de Pilar\u00bb junto a la Universidad Tecnol\u00f3gica Nacional (UTN) llevando adelante ya varias reuniones virtuales para avanzar en la presentaci\u00f3n del programa al que se aplicar\u00eda para el financiamiento de capacitaciones de PYMES pilarenses en conjunto con otras C\u00e1maras del Distrito y la Municipalidad de Pilar.<\/p>\n<p>Desde su creaci\u00f3n la <strong>C\u00e1mara Pyme de Pilar<\/strong> foment\u00f3 convenios con otras Instituciones como AIME (Asociaci\u00f3n Iberoamericana de Mujeres Empresarias), la CEPIP (C\u00e1mara Empresaria del Parque Industrial Pilar), es socio institucional del Consejo Consultivo de la C\u00e1mara Argentina de Comercio (CAC), miembro de la Uni\u00f3n Industrial de la Provincia de Buenos Aires (UIPBA), la FIE\u00a0Argentina (Federaci\u00f3n Interamericana Empresarial) y la USAM (Universidad Nacional de San Mart\u00edn) donde la Entidad forma parte del Consejo de Ciencias Econ\u00f3micas en la persona de Marta Yezerski.<\/p>\n<p>En estas d\u00e9cadas integraron la comisi\u00f3n la Mujer y el Trabajo de la Uni\u00f3n Industrial Argentina (UIA), fueron panelistas por Argentina en el Congreso Iberoamericano de Mujeres Empresarias (CIME), llevaron adelante el programa televisivo multipremiado llamado Impacto Productivo, lanzaron ProUmPi (la Universidad P\u00fablica de Pilar), hicieron actividades junto a la Uni\u00f3n Industrial de Pilar, editaron la primera revista para Mujeres Empresarias de la regi\u00f3n, participaron del Foro de Mujeres del Mercosur, etc.<\/p>\n<p>Firmaron infinidad de convenios, por ejemplo con Pilar Emprende, con el Consejo Superior de la Universidad de Luj\u00e1n, con el Ministerio de Trabajo de la Provincia de Buenos Aires, con la Universidad del Salvador, con la Subsecretar\u00eda de Promoci\u00f3n y Desarrollo de Microempresas del Ministerio de Producci\u00f3n y el Empleo de la Provincia de Buenos Aires, Medif\u00e9 y la lista es interminable.<\/p>\n<p>La <strong>C\u00e1mara Pyme de Pilar<\/strong> busca fortalecer, promover y desarrollar la tarea empresarial por medio de la capacitaci\u00f3n y la formaci\u00f3n de nuevos contactos actuando como n\u00facleo para el desarrollo de negocios. Su propuesta tiende a obtener un crecimiento conjunto, donde las experiencias vayan enriqueciendo las posibilidades de cada empresa, respondiendo as\u00ed a las necesidades cambiantes del mercado global.<\/p>\n<p>Los interesados en sumarse a la Entidad podr\u00e1 asociarse con precios promocionales durante este mes de marzo haciendo click aqu\u00ed <a href=\"https:\/\/cpymepilar.org.ar\/asociese\/\">https:\/\/cpymepilar.org.ar\/asociese\/<\/a><\/p>\n<p><strong><em>Por otras im\u00e1genes, audios o entrevistas no dude en contactarse<\/em><\/strong><\/p>\n<p><strong><em> Contactos de Prensa<\/em><\/strong><\/p>\n<table width=\"100%\">\n<tbody>\n<tr>\n<td width=\"50%\"><strong> Candela Villanueva &#8211; Asistente de Cuentas<\/strong><\/p>\n<p><b> Directo<\/b><strong>: <\/strong> 0230-4664772<br \/>\n<b> Skype:<\/b> quasarcomunicacion<br \/>\n<b> Instagram<\/b>: @quasarcomunicacion<br \/>\n<b> Twitter:<\/b> @quasarpilar<br \/>\n<b> Gr<\/b><b>upo y p\u00e1gina en Facebook: <\/b> www.facebook.com\/<a href=\"mailto:mfipata@gmail.com\">Quasar<\/a>Comunicacion<br \/>\n<b> Web:<\/b> <a href=\"http:\/\/www.quasarcomunicacion.com.ar\"> www.quasarcomunicacion.com.ar<\/a><\/p>\n<p><b> Mail<\/b><strong>:<\/strong> <a href=\"mailto:fernanda@quasarcomunicacion.com.ar\"> candela<\/a><a href=\"mailto:fernanda@quasarcomunicacion.com.ar\">@quasarcomunicacion.com.ar<\/a><\/td>\n<td width=\"50%\"><strong> Lic. Mar\u00eda Fernanda Ipata &#8211; Directora<br \/>\n<\/strong> <b><br \/>\n<\/b> <b> M\u00f3vil:<\/b> 0230-15-4584535<br \/>\n<b> Whatsapp<\/b><b>:<\/b><a href=\"https:\/\/bit.ly\/2J4cUvm\"> 11 5312 6795<\/a><br \/>\n<a href=\"https:\/\/bit.ly\/2Sn1zLP\"> Enviar whatsapp aqu\u00ed<\/a><br \/>\n<b> Skype:<\/b> quasarcomunicacion<br \/>\n<b> LinkedIn<\/b><strong>:\u00a0 <\/strong> <strong> <a href=\"http:\/\/www.linkedin.com\/in\/mfipata\"> http:\/\/www.linkedin.com\/in\/mfipata<\/a><\/strong><br \/>\n<a href=\"https:\/\/www.linkedin.com\/company\/quasarcomunicacion\"> https:\/\/www.linkedin.com\/company\/quasarcomunicacion<\/a><br \/>\n<b> Instagram y Facebook:<\/b> @quasarcomunicacion <b><br \/>\nWeb:<\/b> <a href=\"http:\/\/www.quasarcomunicacion.com.ar\"> www.quasarcomunicacion.com.ar<\/a><br \/>\n<b> Mail<\/b><strong>:<\/strong><a href=\"mailto:fernanda@quasarcomunicacion.com.ar\"> fernanda@quasarcomunicacion.com.ar<\/a><br \/>\n<b> Telegram: https:\/\/t.me\/QuasarComunicacion<\/b><br \/>\n<b> Canal de Telegram para acceder a comunicados:<\/b> https:\/\/t.me\/comunicadosQC<\/td>\n<\/tr>\n<\/tbody>\n<\/table>\n","protected":false},"excerpt":{"rendered":"<p>La C\u00e1mara de la Peque\u00f1a y Mediana Empresa de Pilar junto a otras Entidades empresariales convocan a la iniciativa conjunta [&hellip;]<\/p>\n","protected":false},"author":2,"featured_media":11390,"comment_status":"open","ping_status":"open","sticky":false,"template":"","format":"standard","meta":[],"categories":[2],"tags":[],"_links":{"self":[{"href":"https:\/\/quasarcomunicacion.com.ar\/web\/wp-json\/wp\/v2\/posts\/11391"}],"collection":[{"href":"https:\/\/quasarcomunicacion.com.ar\/web\/wp-json\/wp\/v2\/posts"}],"about":[{"href":"https:\/\/quasarcomunicacion.com.ar\/web\/wp-json\/wp\/v2\/types\/post"}],"author":[{"embeddable":true,"href":"https:\/\/quasarcomunicacion.com.ar\/web\/wp-json\/wp\/v2\/users\/2"}],"replies":[{"embeddable":true,"href":"https:\/\/quasarcomunicacion.com.ar\/web\/wp-json\/wp\/v2\/comments?post=11391"}],"version-history":[{"count":3,"href":"https:\/\/quasarcomunicacion.com.ar\/web\/wp-json\/wp\/v2\/posts\/11391\/revisions"}],"predecessor-version":[{"id":11394,"href":"https:\/\/quasarcomunicacion.com.ar\/web\/wp-json\/wp\/v2\/posts\/11391\/revisions\/11394"}],"wp:featuredmedia":[{"embeddable":true,"href":"https:\/\/quasarcomunicacion.com.ar\/web\/wp-json\/wp\/v2\/media\/11390"}],"wp:attachment":[{"href":"https:\/\/quasarcomunicacion.com.ar\/web\/wp-json\/wp\/v2\/media?parent=11391"}],"wp:term":[{"taxonomy":"category","embeddable":true,"href":"https:\/\/quasarcomunicacion.com.ar\/web\/wp-json\/wp\/v2\/categories?post=11391"},{"taxonomy":"post_tag","embeddable":true,"href":"https:\/\/quasarcomunicacion.com.ar\/web\/wp-json\/wp\/v2\/tags?post=11391"}],"curies":[{"name":"wp","href":"https:\/\/api.w.org\/{rel}","templated":true}]}}