{"id":1129,"date":"2012-12-05T19:28:14","date_gmt":"2012-12-05T19:28:14","guid":{"rendered":"http:\/\/quasarcomunicacion.wordpress.com\/?p=1129"},"modified":"2012-12-05T19:28:14","modified_gmt":"2012-12-05T19:28:14","slug":"actividades-para-toda-la-familia-este-sabado-en-pilar-de-feria-navidad-2012","status":"publish","type":"post","link":"https:\/\/quasarcomunicacion.com.ar\/web\/actividades-para-toda-la-familia-este-sabado-en-pilar-de-feria-navidad-2012\/","title":{"rendered":"Actividades para toda la familia, este s\u00e1bado en Pilar de Feria NAVIDAD 2012"},"content":{"rendered":"<p><span style=\"font-family:Verdana;font-size:small;\">Adem\u00e1s de poder comprar los regalos para estas fiestas en los m\u00e1s de 70 stands de emprendedores y artesanos, este s\u00e1bado 8 de diciembre de 16 a 20 hs en\u00a0<\/span><b style=\"font-size:small;\">PILAR DE FERIA NAVIDAD 2012<\/b><span style=\"font-family:Verdana;font-size:small;\">habr\u00e1 actividades para toda la familia con entrada libre y gratuita en Estanislao L\u00f3pez 446 (ex ruta 8) a media cuadra del Autom\u00f3vil Club de Pilar. Espacio cubierto, no se suspende por lluvia. Estacionamiento.<!--more--><\/span><br \/>\n<span style=\"font-family:Verdana;font-size:small;\"><img loading=\"lazy\" alt=\"\" src=\"http:\/\/www.quasarcomunicacion.com.ar\/pilardeferia\/2012\/feriapp3.gif\" height=\"375\" width=\"500\" \/><\/span><br \/>\n<span style=\"font-family:Verdana;font-size:small;\">Durante toda la tarde, los voluntarios del\u00a0<b>Hogar San Cayetano de Pilar<\/b>tendr\u00e1n a su cargo el buffet con bebidas y ricas cosas para pasar un lindo momento; adem\u00e1s los visitantes solidarios podr\u00e1n comprar ladrillos del muro que el Club Leo F\u00e1tima-Pilar mont\u00f3 para ayudar a la instituci\u00f3n<\/span><br \/>\n<span style=\"font-family:Verdana;font-size:small;\">Tambi\u00e9n podr\u00e1n adquirir el libro de cocina a beneficio del Hogar y rosarios y collares que elaboran los mismos voluntarios.<\/span><br \/>\n<span style=\"font-size:small;\"><img loading=\"lazy\" alt=\"\" src=\"http:\/\/www.quasarcomunicacion.com.ar\/pilarpoint\/2012\/feriapp.gif\" height=\"375\" width=\"500\" \/><\/span><br \/>\n<span style=\"font-family:Verdana;font-size:small;\">Por otro lado, durante toda la tarde montar\u00e1n sector de\u00a0<b>Arte para los m\u00e1s chicos\u00a0<\/b>y a las 18 hs ofrecer\u00e1n un\u00a0<b>Taller de Decoraci\u00f3n de Cupcakes navide\u00f1os para chicos<\/b>.<\/span><br \/>\n<span style=\"font-family:Verdana;font-size:small;\">Cada hora, entre todos los visitantes, habr\u00e1 importantes sorteos, sin obligaci\u00f3n de compra. Y en el stand de Eleve la familia podr\u00e1 tener u foto con Pap\u00e1 Noel<\/span><br \/>\n<span style=\"font-family:Verdana;font-size:small;\">Para los gustosos del baile, habr\u00e1 un show de\u00a0<b>Tarttaruga Animaci\u00f3n de Eventos\u00a0<\/b>y el gran cierre a las 19 hs con la actuaci\u00f3n de\u00a0<b>Paula Torres y su Conjunto<\/b>\u00a0que una vez m\u00e1s se suma generosamente a Pilar de Feria.<\/span><br \/>\n<span style=\"font-family:Verdana;font-size:small;\"><img loading=\"lazy\" alt=\"\" src=\"http:\/\/www.quasarcomunicacion.com.ar\/pilardeferia\/2012\/paula1.gif\" height=\"333\" width=\"500\" \/><\/span><br \/>\n<span style=\"font-family:Verdana;font-size:small;\">Por otra parte,\u00a0<b>LADY MAJO\u00a0<\/b>brindar\u00e1 una charla gratuita sobre \u201cAprendiendo a crear prosperidad y abundancia en tu vida. Sugerencias, ideas, conceptos y ejercicios de la ley de atracci\u00f3n. Plan pr\u00e1ctico para llevar a cabo\u201d Y luego te enviar\u00e1 d\u00eda a d\u00eda las claves para conseguir prosperidad este 2013<\/span><br \/>\n<span style=\"font-family:Verdana;font-size:small;\">Durante toda la feria habr\u00e1 promociones y precios especiales Y MUCHO M\u00c1S PARA UNA SALIDA EN FAMILIA Y GRATIS!!<\/span><br \/>\n<span style=\"font-family:Verdana;font-size:small;\">La cita es en Estanislao L\u00f3pez (ex ruta Ruta 8) N\u00ba 446, entre Ituzaing\u00f3 y Tratado del Pilar (ruta 25) a media cuadra del Autom\u00f3vil Club (ACA). Para los que vienen por Panamericana es altura Km 54 de ramal Pilar (bajada Mc Donald`s)<\/span><br \/>\n<span style=\"font-family:Verdana;font-size:small;\">Para m\u00e1s informaci\u00f3n pueden ingresar en www.facebook.com\/pilardeferia o www.pilardeferia.com.ar, enviar un mail a info@pilardeferia.com.ar o comunicarse telef\u00f3nicamente al\u00a0\u00a00230-4664772\u00a0\/ 011-15-6742-7635 \/ ID 558*3763<\/span><br \/>\n<span style=\"font-size:small;\"><img loading=\"lazy\" alt=\"\" src=\"http:\/\/www.quasarcomunicacion.com.ar\/pilardeferia\/2012\/navidad.gif\" height=\"345\" width=\"500\" \/><\/span><br \/>\n<span style=\"font-family:Verdana;font-size:small;\">Es de destacar que<b>\u00a0Pilar de Feria\u00a0<\/b>recibi\u00f3 el reconocimiento de Inter\u00e9s Municipal.<\/span><br \/>\n<span style=\"font-family:Verdana;font-size:small;\">Cabe destacar que<\/span>\u00a0<span style=\"font-family:Verdana;font-size:small;\"><b>Pilar de Feria\u00a0<\/b>es un evento tem\u00e1tico que se realiza de forma peri\u00f3dica tendiente a la promoci\u00f3n de productos de emprendedores, artesanos y artistas de la zona. El mismo siempre es con entrada libre y gratuita para toda la comunidad, fomentando adem\u00e1s actividades culturales y deportivas de vecinos de la zona.<\/span><br \/>\n<img loading=\"lazy\" class=\"alignright\" alt=\"\" src=\"http:\/\/www.quasarcomunicacion.com.ar\/pilardeferia\/2012\/declaracion.gif\" height=\"263\" width=\"300\" \/><span style=\"font-family:Verdana;font-size:small;\">A tan solo un a\u00f1o de su creaci\u00f3n, ya se desarrollaron 4 ediciones de la Feria para Emprendedores: Pilar de Feria Edici\u00f3n Navidad, Edici\u00f3n Verano, Edici\u00f3n de Shopping y D\u00eda de la Madre<\/span><br \/>\n<span style=\"font-family:Verdana;font-size:small;\">En cada oportunidad se le da al evento un tinte solidario realizando actividades a beneficio o bien permitiendo la exhibici\u00f3n de emprendedores de instituciones de la zona o bien la difusi\u00f3n y promoci\u00f3n de su trabajo.<\/span><br \/>\n<span style=\"font-family:Verdana;font-size:small;\">\u00abCada d\u00eda surgen m\u00e1s microemprendedores que necesitan volver al mercado formal para poder tener una alternativa laboral.\u00a0 Muchos de ellos son sost\u00e9n de familia ya que en su gran mayor\u00eda, son mujeres que realizan alguna artesan\u00eda o desarrollan alg\u00fan talento propio. Ellos no tienen un lugar donde exponer y vender su producto o servicio y llegar de esta forma al p\u00fablico consumidor que les permita un ingreso extra o principal de dinero a la familia\u00bb, indican desde la organizaci\u00f3n.<\/span><br \/>\n<b><span style=\"font-family:Verdana;font-size:small;\">Beneficios de Pilar de Feria para el P\u00daBLICO EN GENERAL<\/span><\/b><br \/>\n<span style=\"font-family:Verdana;font-size:small;\">\uf0d8 Brinda a la comunidad de Pilar y alrededores un espacio para comprar directamente al productor\/artesano Sin intermediarios<br \/>\n\uf0d8 Se convierte en un paseo gratuito para la familia ya que siempre se brindan shows, demostraciones, degustaciones, actividades SIEMPRE SIN CARGO. Tanto el ingreso como las actividades son GRATUITAS<br \/>\n\uf0d8 Se adquieren productos a precios bajos ya que se los compran directamente al productor<br \/>\n\uf0d8 Se conocen nuevas propuestas<br \/>\n\uf0d8 M\u00e1s all\u00e1 del evento puntual de la feria, se brindan capacitaciones GRATUITAS abiertas a toda la poblaci\u00f3n sobre Marketing y Publicidad, Marketing Ferial, y dem\u00e1s charlas brindadas por especialistas y de inter\u00e9s de los emprendedores y la poblaci\u00f3n en su conjunto<\/span><br \/>\n<span style=\"font-family:Verdana;font-size:small;\"><b>Beneficios para los EMPRENDEDORES\/FERIANTES<\/b><\/span><br \/>\n<span style=\"font-family:Verdana;font-size:small;\">\uf0d8 Se brinda un espacio en sitios de relevancia a un muy bajo costo (el stand tiene un costo simb\u00f3lico, para pagar los gastos de la organizaci\u00f3n y el lugar donde se realiza)<br \/>\n\uf0d8 Se permite al emprendedor exhibir sus productos y servicios y llegar a un p\u00fablico objetivo<br \/>\n\uf0d8 Siempre hay un espacio solidario (una instituci\u00f3n se beneficia con alguna actividad e incluso se le ofrece stand sin cargo para vender sus productos)<br \/>\n\uf0d8 Reciben capacitaci\u00f3n espec\u00edfica absolutamente sin cargo<br \/>\n\uf0d8 Se ofrecen herramientas gratuitas de difusi\u00f3n de sus productos antes, durante y despu\u00e9s de la feria<br \/>\n\uf0d8 Reciben asesoramiento profesional gratuito para mejorar su emprendimiento<br \/>\n\uf0d8 Se los contacta con empresas que le pueden brindar un servicio adicional. Por ejemplo, a todos los participantes se los est\u00e1 acercando a Provincia Microempresas, una empresa del Banco Provincia, para que puedan obtener cr\u00e9ditos a muy bajo costo<br \/>\n\uf0d8 Se acompa\u00f1a al emprendedor a seguir adelante con su emprendimiento a trav\u00e9s de un coaching personalizado en cada caso<br \/>\n\uf0d8 Se los contacta con instituciones que trabajan con emprendedores como INICIA y Fundaci\u00f3n Proyecto Emprender, entre otras<br \/>\n\uf0d8 Se fomentan alianzas entre los emprendedores para conseguir que estrat\u00e9gicamente asociados puedan continuar con su proyecto<br \/>\n\uf0d8 Los emprendedores de la zona tienen un lugar de encuentro, de difusi\u00f3n, de conocimiento<br \/>\n\uf0d8 Se les ofrece un espacio virtual donde compartir sus logros tanto en las redes sociales con las fan page\u00a0<a href=\"http:\/\/www.facebook.com\/pilardeferia\">www.facebook.com\/pilardeferia<\/a>\u00a0 o con el grupo Emprender HOY. Adem\u00e1s, se les brinda espacio en los sitios<a href=\"http:\/\/www.pilardeferia.com.ar\/\">www.pilardeferia.com.ar<\/a>\u00a0 o\u00a0<a href=\"http:\/\/www.emprenderhoy.com.ar\/\">www.emprenderhoy.com.ar<\/a><\/span><br \/>\n<span style=\"font-family:Verdana;font-size:small;\">Para m\u00e1s informaci\u00f3n pueden ingresar en www.facebook.com\/pilardeferia o www.pilardeferia.com.ar, enviar un mail a info@pilardeferia.com.ar o comunicarse telef\u00f3nicamente al\u00a0\u00a00230-4664772\u00a0\/ 011-15-6742-7635 \/ ID 558*3763<\/span><\/p>\n","protected":false},"excerpt":{"rendered":"<p>Adem\u00e1s de poder comprar los regalos para estas fiestas en los m\u00e1s de 70 stands de emprendedores y artesanos, este [&hellip;]<\/p>\n","protected":false},"author":2,"featured_media":0,"comment_status":"open","ping_status":"open","sticky":false,"template":"","format":"standard","meta":[],"categories":[2],"tags":[],"_links":{"self":[{"href":"https:\/\/quasarcomunicacion.com.ar\/web\/wp-json\/wp\/v2\/posts\/1129"}],"collection":[{"href":"https:\/\/quasarcomunicacion.com.ar\/web\/wp-json\/wp\/v2\/posts"}],"about":[{"href":"https:\/\/quasarcomunicacion.com.ar\/web\/wp-json\/wp\/v2\/types\/post"}],"author":[{"embeddable":true,"href":"https:\/\/quasarcomunicacion.com.ar\/web\/wp-json\/wp\/v2\/users\/2"}],"replies":[{"embeddable":true,"href":"https:\/\/quasarcomunicacion.com.ar\/web\/wp-json\/wp\/v2\/comments?post=1129"}],"version-history":[{"count":0,"href":"https:\/\/quasarcomunicacion.com.ar\/web\/wp-json\/wp\/v2\/posts\/1129\/revisions"}],"wp:attachment":[{"href":"https:\/\/quasarcomunicacion.com.ar\/web\/wp-json\/wp\/v2\/media?parent=1129"}],"wp:term":[{"taxonomy":"category","embeddable":true,"href":"https:\/\/quasarcomunicacion.com.ar\/web\/wp-json\/wp\/v2\/categories?post=1129"},{"taxonomy":"post_tag","embeddable":true,"href":"https:\/\/quasarcomunicacion.com.ar\/web\/wp-json\/wp\/v2\/tags?post=1129"}],"curies":[{"name":"wp","href":"https:\/\/api.w.org\/{rel}","templated":true}]}}