{"id":11247,"date":"2021-09-03T17:22:21","date_gmt":"2021-09-03T17:22:21","guid":{"rendered":"https:\/\/quasarcomunicacion.com.ar\/web\/?p=11247"},"modified":"2021-09-03T17:22:21","modified_gmt":"2021-09-03T17:22:21","slug":"lanzaron-la-direccion-regional-cuyo-de-identidad-argentina","status":"publish","type":"post","link":"https:\/\/quasarcomunicacion.com.ar\/web\/lanzaron-la-direccion-regional-cuyo-de-identidad-argentina\/","title":{"rendered":"Lanzaron la Direcci\u00f3n Regional Cuyo de Identidad Argentina"},"content":{"rendered":"<p>Con una importante convocatoria de referentes del sector p\u00fablico\/gubernamental, organizaciones, empresas, c\u00e1maras e invitados especiales,\u00a0 <strong>Identidad Argentina<\/strong>, en el marco de su visi\u00f3n federal de la Innovaci\u00f3n y el Conocimiento, lanz\u00f3 de manera virtual la <strong>Direcci\u00f3n Regional Cuyo <\/strong>liderada por Alejandra L\u00f3pez.<!--more--><\/p>\n<p>Entre otros, estuvieron presentes Javier Gantuz, Presidente de la C\u00e1mara de Franquicias de Mendoza; Fernanda Los Reina, Presidente de la C\u00e1mara de Mujeres Empresarias de Mendoza;\u00a0\u00a0 Elizabeth Cordeschi, Concejal de San Mart\u00edn;\u00a0 Lorena Meschini, Directora Econom\u00eda Social y Asociatividad del Gobierno de Mendoza;\u00a0 adem\u00e1s de Expertos y Aliados de Identidad Argentina, l\u00edderes de Desarrollo Territorial de todo el pa\u00eds y\u00a0 directivos de empresas, organizaciones civiles, y referentes de bodegas, del sector gastron\u00f3mico y tur\u00edstico de la regi\u00f3n.<\/p>\n<p><a href=\"https:\/\/quasarcomunicacion.com.ar\/web\/wp-content\/uploads\/2021\/09\/cuyolanzamiento.gif\"><img class=\"aligncenter\" src=\"https:\/\/quasarcomunicacion.com.ar\/web\/wp-content\/uploads\/2021\/09\/cuyolanzamiento.gif\" \/><\/a><\/p>\n<p>&nbsp;<\/p>\n<p>Las palabras de bienvenida estuvieron a cargo de la Lic. Aldana Rodr\u00edguez Vlk, Directora de Desarrollo Global de <strong>Identidad Argentina<\/strong> quien desde Comodoro Rivadavia, en Chubut, agradeci\u00f3 el acompa\u00f1amiento del sector productivo, gastron\u00f3mico, tur\u00edstico de Mendoza y San Juan, a las autoridades municipales y provinciales, a los referentes del ecosistema innovador, organizaciones, empresas, c\u00e1maras, y p\u00fablico en general. <em>\u00ab\u00a1Estamos felices de llegar a Cuyo! Sabemos que son nuevas puertas que se abren, en red colaborativa, para trabajar juntos por el desarrollo de la regi\u00f3n\u00bb<\/em>, dijo.<\/p>\n<p>\u00abComo empresa federal, basada en la innovaci\u00f3n y el conocimiento, es un d\u00eda muy especial porque justamente reafirma nuestros valores y el compromiso con llegar a cada lugar de la Argentina, y en esta oportunidad es en Cuyo\u00bb, agreg\u00f3.<\/p>\n<p><a href=\"https:\/\/quasarcomunicacion.com.ar\/web\/wp-content\/uploads\/2021\/09\/cuyolanzamiento1.gif\"><img class=\"aligncenter\" src=\"https:\/\/quasarcomunicacion.com.ar\/web\/wp-content\/uploads\/2021\/09\/cuyolanzamiento1.gif\" \/><\/a><\/p>\n<p>Tambi\u00e9n estuvo presente el CEO y fundador de<strong> Identidad Argentina<\/strong>, el Mgter. Guillermo Su\u00e1rez, quien indic\u00f3<em> \u00abbienvenidos de todas las latitudes de la Argentina y en especial de la regi\u00f3n Cuyo. Junto a un equipo muy grande de colaboradores nos hemos comprometido a trabajar sobre tres ejes: educaci\u00f3n, econom\u00eda y cultura. Entendiendo que son tres ejes que acompa\u00f1an el desarrollo local, y el desarrollo local acompa\u00f1a al desarrollo pa\u00eds. Posiblemente seamos una gotita en alg\u00fan lugar donde aportemos a ese desarrollo, pero seguramente esa gotita en ese lugar significar\u00e1 una laguna y hacia eso vamos. Con esas gotitas queremos llegar a Cuyo a trav\u00e9s de Alejandra L\u00f3pez\u00bb.<\/em><\/p>\n<p><em>\u00abHoy nos sumamos a la trayectoria y al reconocimiento de Alejandra L\u00f3pez a quien tenemos la fortuna de conocer y trabajar con ella hace un tiempo admirando sus valores humanos y profesionales, y tambi\u00e9n su trayectoria. Identidad Argentina es una instituci\u00f3n que se funda sobre la innovaci\u00f3n y el conocimiento. Siempre decimos de la innovaci\u00f3n no tan solo relacionada con la tecnolog\u00eda sino que creemos que la innovaci\u00f3n nos permite situarnos como instituci\u00f3n, como profesionales, como personas a pensar desde un lugar distinto para llevar a acabo acciones distintas y alcanzar resultados diferentes. Si no pensamos diferentes esos resultados no ser\u00e1n distintos. Desde ese lugar podemos acompa\u00f1ar el cambio, el cambio de la evoluci\u00f3n que hoy m\u00e1s que nunca nos atraviesa la pandemia. Desde la educaci\u00f3n, la econom\u00eda y la cultura queremos aportar innovaci\u00f3n y conocimiento\u00bb<\/em>, agreg\u00f3 Su\u00e1rez.<\/p>\n<p><iframe loading=\"lazy\" title=\"YouTube video player\" frameborder=\"0\" height=\"315\" src=\"https:\/\/www.youtube.com\/embed\/2KI39lM9ltA\" width=\"560\"><\/iframe><\/p>\n<p><em>\u00abEs sumamente importante para mi formar parte de<strong> Identidad Argentina<\/strong>, con quien compartimos los valores y poder innovar, crear, compartir siempre en base a los mismos valores\u00bb, <\/em>comenz\u00f3 su exposici\u00f3n Alejandra L\u00f3pez, creadora de la Metolog\u00eda Mindset, Experta en formaci\u00f3n de Coaching con PNL. Es Embajadora Internacional de la Metodolog\u00eda de Catar Coaching. Instructora de Mindfulness en educaci\u00f3n y familia y terapeuta hol\u00edstica.<\/p>\n<p>Los presentes pudieron participar de las charlas de inter\u00e9s relacionadas a dar herramientas a las organizaciones de la regi\u00f3n desde el <strong>\u00abBienestar organizacional para el Crecimiento Sostenible\u00bb, <\/strong> \u00a0charla a cargo de Alejandra L\u00f3pez, directora Regional Cuyo y \u00ab<strong>Transformaci\u00f3n organizacional e innovaci\u00f3n abierta\u00bb <\/strong>a cargo de la Lic. Natalia Gurny, directora de Innovaci\u00f3n Abierta y Competitividad de <strong>Identidad Argentina<\/strong>.<\/p>\n<p>Al finalizar su charla, L\u00f3pez recibi\u00f3 un certificado d\u00e1ndole la bienvenida a esta nueva direcci\u00f3n que ya viene trabajando\u00a0 intensamente desde hace algunas semanas.<\/p>\n<p><em>\u00abEsta direcci\u00f3n significa poder expandir en equipo una mirada colaborativa que permite crecer interna y externamente a las personas, los equipos y las organizaciones. Me siento orgullosa de ser parte de Identidad Argentina y ser representante de la regi\u00f3n de Cuyo\u00bb<\/em>, asegur\u00f3 la flamante directora de la Regi\u00f3n Cuyo, Alejandra L\u00f3pez.<\/p>\n<p>Las tareas y funciones a realizar por la nueva directora son diversas, y est\u00e1n relacionadas a acercar la propuesta integral de Educaci\u00f3n, Cultura y Econom\u00eda de <strong>Identidad Argentina<\/strong>, a todos los individuos y organizaciones p\u00fablicas, privadas y mixtas de la regi\u00f3n. En este sentido, tambi\u00e9n generar alianzas, realizar eventos y promover actividades de difusi\u00f3n y promoci\u00f3n de la industria de la Innovaci\u00f3n y\u00a0Conocimiento.<\/p>\n<p><em>\u00abLas expectativas en un contexto tan particular como el que estamos transitando, son, desde mi punto de vista, poder aplicar metodolog\u00edas \u00e1giles seg\u00fan requiera el momento, tener flexibilidad y escucha para dimensionar lo que el otro est\u00e1 necesitando es esencial para poder adaptarnos a lo incierto\u00bb,<\/em> agrega L\u00f3pez.<\/p>\n<p><strong>Identidad Argentina<\/strong> tiene particular inter\u00e9s en la regi\u00f3n de Cuyo por distintas cuestiones: gastroenotur\u00edsticas, pymes en crecimiento, un gran potencial de empresas y emprendedores con ideas y proyectos maravillosos. Tambi\u00e9n es un punto estrat\u00e9gico para la vinculaci\u00f3n con Chile y posibles vinculaciones a futuro aseguran desde la entidad.<\/p>\n<p>Link para volver a ver la presentaci\u00f3n <a href=\"https:\/\/www.youtube.com\/watch?v=2KI39lM9ltA\"> https:\/\/www.youtube.com\/watch?v=2KI39lM9ltA<\/a><\/p>\n<p><strong>Acerca de Identidad Argentina<\/strong><\/p>\n<p><strong>Identidad Argentina<\/strong> es una empresa nacional, dedicada a la Industria de la Innovaci\u00f3n y el Conocimiento, para el desarrollo, transformaci\u00f3n y crecimiento de las organizaciones privadas, p\u00fablicas y mixtas en Argentina, por medio de diversas alternativas de servicios y productos, en el \u00e1mbito de la Educaci\u00f3n, la Cultura, y la Econom\u00eda a trav\u00e9s de sus Unidades Estrat\u00e9gicas: <strong>Academia Identidad Argentina<\/strong>, <strong> Ecosistema Cultural<\/strong>, <strong>Desarrollo Organizacional <\/strong>e <strong>Innovaci\u00f3n en el Aprendizaje<\/strong>.<\/p>\n<p><em><u>\u00bfQui\u00e9nes somos?<\/u><\/em><\/p>\n<p>Fundada como una empresa nativa digital, el equipo de conducci\u00f3n y colaboradores, con experiencia y trayectoria en el \u00e1mbito educativo, acad\u00e9mico y profesional, se encuentra distribuido geogr\u00e1ficamente en el pa\u00eds. Asimismo, y creyendo en el esp\u00edritu colaborativo y sin\u00e9rgico de la Innovaci\u00f3n y el Conocimiento, para el desarrollo de las organizaciones y los ecosistemas locales donde se encuentran, distingue a <strong>Identidad Argentina<\/strong>:<\/p>\n<p><strong>Red de Partners y Expertos Estrat\u00e9gicos<\/strong>: Especialistas en las diversas \u00e1reas disciplinarias y profesionales, reconocidos nacional e internacionalmente.<\/p>\n<p><strong>Red de Nodos Estrat\u00e9gicos y L\u00edderes de Desarrollo Territorial en Argentina<\/strong>: Embajadores de la marca con experiencia y conocimiento local, esenciales para brindar un valor diferencial en todo el pa\u00eds.<\/p>\n<p><strong>Alianzas Estrat\u00e9gicas<\/strong>: son parte de organizaciones del sector, apostando a sinergia institucionales y la econom\u00eda colaborativa.<\/p>\n<p><u>Visi\u00f3n<\/u>: Ser usina de\u00a0soluciones integrales, inteligentes, para el Fortalecimiento Institucional y Desarrollo Territorial de las organizaciones en el Pa\u00eds, promoviendo su crecimiento sustentable, econ\u00f3mico e inclusivo.<\/p>\n<p><u>V<\/u><u>alores<\/u>: Federalismo, Innovaci\u00f3n, Institucionalidad.<\/p>\n<p>La propuesta de valor se apoya en los diversos servicios y productos que ofrecen a trav\u00e9s de:<\/p>\n<p><strong> Ecosistema Cultural<\/strong>: Con la misi\u00f3n de federalizar y democratizar el Arte, la Lectura, la Cultura y la Educaci\u00f3n en todo el pa\u00eds, ofrecen una variada propuesta cultural a trav\u00e9s de la Tienda Online <a href=\"http:\/\/www.ecosistemacultural.com\"> www.ecosistemacultural.com<\/a>, y la primera Tienda Sustentable, ubicada en C\u00f3rdoba Capital, La Docta, en una esquina Patrimonio Cultural, del emblem\u00e1tico Barrio Alberdi.<\/p>\n<p>Asimismo, y desde la Innovaci\u00f3n, esta unidad se dedica a la Promoci\u00f3n, Gesti\u00f3n y Producci\u00f3n Cultural, por medio de una atractiva y diversa agenda cultural online y presencial (desde la tienda sustentable) y proyectos como \u201cCaja de Tiempo\u201d, el club de lectura desarrollado junto a Por Qu\u00e9 Leer.<\/p>\n<p><strong>Academia Identidad Argentina<\/strong>: A trav\u00e9s de un propio Sistema Integral de Aprendizaje Virtual (InnovaVirtual), dise\u00f1an, producen y dictan m\u00e1s de 20 Programas de formaci\u00f3n profesional y desarrollo de competencias t\u00e9cnicas, vinculados a especializaciones y expertise de alta demanda en el mercado, basados en la Innovaci\u00f3n y el Conocimiento. Los mismos son 100% online, y est\u00e1n certificados por la <strong> C\u00e1mara Argentina para la Formaci\u00f3n Profesional y Capacitaci\u00f3n Laboral.\u00a0 <\/strong>Para finales de este a\u00f1o estiman superar los 30 cursos.<\/p>\n<p><strong><em>InnovaVirtual<\/em><\/strong> propone una manera innovadora, inteligente, din\u00e1mica y accesible de incorporar los conocimientos, habilidades y experiencias, desde cualquier lugar del pa\u00eds y la regi\u00f3n.<\/p>\n<p><strong>Innovaci\u00f3n en el Aprendizaje: <\/strong>Para acompa\u00f1ar las necesidades de formaci\u00f3n, capacitaci\u00f3n, desarrollo de competencias y habilidades, y actualizaci\u00f3n profesional y t\u00e9cnica de las organizaciones y sus equipos, dise\u00f1an Programas de formaci\u00f3n a medida, robustas y a trav\u00e9s de la Red de Profesores y Expertos estrat\u00e9gicos en tem\u00e1ticas de Innovaci\u00f3n y Conocimiento. El modelo de aprendizaje que proponen, se basa en el conocimiento y experiencia individual, colectiva e inspiracional.<\/p>\n<p><strong>Desarrollo Organizacional<\/strong>: Brindan Consultor\u00eda y Asesoramiento profesional a todo tipo de organizaciones, a trav\u00e9s de una vasta Red de Expertos en \u00e1reas disciplinarias afines a la transformaci\u00f3n cultural y digital, gesti\u00f3n del talento humano, equipos de alto desempe\u00f1o, ciberseguridad, auditor\u00eda de procesos y sistemas, gesti\u00f3n de franquicias, posicionamiento de marca, gobierno abierto, y otras \u00e1reas relativas al conocimiento e innovaci\u00f3n.<\/p>\n<p><strong>Datos de contacto:<\/strong><br \/>\n<strong>Facebook<\/strong>: Identidad-Argentina<br \/>\n<strong>Instagram<\/strong>: @identidad.argentina<br \/>\n<strong>Spotify<\/strong> Identidad Argentina<br \/>\n<strong>Linkedin<\/strong>: Identidad Argentina<br \/>\n<strong>Twitter<\/strong>: IdentidadArgen2<br \/>\n<strong>Whatsapp<\/strong>: +54 911 5596 9538<br \/>\n<strong>Web:<\/strong> <a href=\"http:\/\/identidadargentina.com.ar\/\"> http:\/\/identidadargentina.com.ar\/<\/a><\/p>\n<p><strong>Los programas de Formaci\u00f3n de Identidad Argentina<\/strong><\/p>\n<p><strong>Academia IA<\/strong>, fundada sobre los cimientos de la Innovaci\u00f3n y el Conocimiento, tiene la <em>\u00abmisi\u00f3n de federalizar la formaci\u00f3n profesional en todo el territorio nacional, brindando respuesta a las nuevas necesidades de adquirir conocimientos, habilidades y pr\u00e1cticas, para el desarrollo profesional de individuos y el crecimiento de las organizaciones\u00bb<\/em>, sostiene Guillermo Su\u00e1rez. CEO de <strong> Identidad Argentina.\u00a0<\/strong><\/p>\n<p>En febrero inician los\u00a0cursos virtuales de\u00a0<strong>Academia Identidad Argentina <\/strong>de dos meses de duraci\u00f3n y con un innovador m\u00e9todo de cursada. Ya est\u00e1 abierta la inscripci\u00f3n para sumarse a los cursos sobre: <strong> Ciberseguridad, Herramientas Econ\u00f3micas orientadas a lo jur\u00eddico, Administraci\u00f3n y Gesti\u00f3n de Franquicias, Gesti\u00f3n de Equipos de Alto Rendimiento, Violencia de G\u00e9nero Digital, Secretos de la Escritura Creativa, Recursos Humanos 4.0, Productividad laboral y bienestar personal, y Herramientas de la actuaci\u00f3n para potenciar tu creatividad.<\/strong> Todos a cargo de Profesores con amplia y reconocida trayectoria a nivel nacional e internacional en su \u00e1rea de expertise.<\/p>\n<p>Toda la formaci\u00f3n y capacitaci\u00f3n se encuentra certificada por la C\u00e1mara Argentina de Formaci\u00f3n Profesional y Capacitaci\u00f3n Laboral.<\/p>\n<p>Es en los programas de formaci\u00f3n que cobra relevancia el propio sistema integral de aprendizaje virtual ideado por <strong>Identidad Argentina<\/strong> llamado <strong> InnovaVirtual.<\/strong><\/p>\n<p><strong>Acerca de InnovaVirtual<\/strong><\/p>\n<p>\u00ab<strong>InnovaVirtual\u00a0<\/strong>es nuestro sistema integral de Aprendizaje Virtual, que propone una manera innovadora, inteligente, din\u00e1mica y accesible de incorporar los conocimientos, habilidades y experiencias, desde cualquier lugar del pa\u00eds y la regi\u00f3n\u00bb, indican desde <strong>Identidad Argentina<\/strong>.<\/p>\n<p>Estos servicios estrat\u00e9gicos son:<\/p>\n<p><strong>Plataforma<\/strong>: Es una plataforma de aprendizaje dise\u00f1ada para proporcionarle a educadores, administradores y estudiantes un sistema integrado \u00fanico, robusto y seguro para crear ambientes de aprendizaje personalizados<\/p>\n<p><strong>Dise\u00f1o Instruccional: <\/strong>Asistencia en el dise\u00f1o o adaptabilidad de los programas de estudios al entorno virtual de acuerdo a los objetivos de aprendizaje y el desarrollo de competencias requeridas.<br \/>\nAtendiendo a las herramientas de mediaci\u00f3n did\u00e1ctica tales como aprendizaje por problemas, casos, proyectos, gamming, retos, prototipos, ensayos, retos, entre otros. La creaci\u00f3n de creaci\u00f3n de ambientes de aprendizajes activos y participativos y el dise\u00f1o de estrategias de evaluaci\u00f3n formativas y de proceso.<\/p>\n<p><strong>Producci\u00f3n de Contenidos:<\/strong> Asistencia en el dise\u00f1o, desarrollo y producci\u00f3n del material de estudio adapt\u00e1ndolo a los entornos virtuales y a cualquier dispositivo electr\u00f3nico.<\/p>\n<p><strong>Capacitaci\u00f3n:<\/strong><br \/>\nEntrenamiento al cuerpo Directivo, Docente y Colaboradores para la implemetaci\u00f3n y desarrollo del plan de estudios definido en entornos virtuales.<br \/>\nEntrenamiento a los participantes y alumno en la inducci\u00f3n a su aprendizaje mediado por tecnolog\u00eda.<\/p>\n<p><strong>Comunicaci\u00f3n<\/strong>:<br \/>\nAsesoramiento, implementaci\u00f3n y seguimiento de un plan de comunicaci\u00f3n adaptado al entorno virtual que permita la informaci\u00f3n, concientizaci\u00f3n, motivaci\u00f3n, fidelizaci\u00f3n y pertenencia de todos los actores involucrados en el Proceso de Ense\u00f1anza- Aprendizaje mediante los diferentes canales digitales disponibles.<\/p>\n<p><strong><em>Por otras im\u00e1genes, audios o entrevistas no dude en contactarse<\/em><\/strong><\/p>\n<p><strong><em> Contactos de Prensa<\/em><\/strong><\/p>\n<table width=\"100%\">\n<tbody>\n<tr>\n<td width=\"50%\"><strong> Candela Villanueva &#8211; Ejecutiva de Cuentas<\/strong><\/p>\n<p><b> Directo<\/b><strong>: <\/strong> 0230-4664772<br \/>\n<b> Skype:<\/b> quasarcomunicacion<br \/>\n<b> Instagram<\/b>: @quasarcomunicacion<br \/>\n<b> Twitter:<\/b> @quasarpilar<br \/>\n<b> Gr<\/b><b>upo y p\u00e1gina en Facebook: <\/b> www.facebook.com\/<a href=\"mailto:mfipata@gmail.com\">Quasar<\/a>Comunicacion<br \/>\n<b> Web:<\/b> <a href=\"http:\/\/www.quasarcomunicacion.com.ar\"> www.quasarcomunicacion.com.ar<\/a><\/p>\n<p><b> Mail<\/b><strong>:<\/strong> <a href=\"mailto:fernanda@quasarcomunicacion.com.ar\"> candela<\/a><a href=\"mailto:fernanda@quasarcomunicacion.com.ar\">@quasarcomunicacion.com.ar<\/a><\/td>\n<td width=\"50%\"><strong> Lic. Mar\u00eda Fernanda Ipata &#8211; Directora<br \/>\n<\/strong> <b><br \/>\n<\/b> <b> M\u00f3vil:<\/b> 0230-15-4584535<br \/>\n<b> Whatsapp<\/b><b>:<\/b><a href=\"https:\/\/bit.ly\/2J4cUvm\"> 11 5312 6795<\/a><br \/>\n<a href=\"https:\/\/bit.ly\/2Sn1zLP\"> Enviar whatsapp aqu\u00ed<\/a><br \/>\n<b> Skype:<\/b> quasarcomunicacion<br \/>\n<b> LinkedIn<\/b><strong>:\u00a0 <\/strong> <strong> <a href=\"http:\/\/www.linkedin.com\/in\/mfipata\"> http:\/\/www.linkedin.com\/in\/mfipata<\/a><\/strong><br \/>\n<a href=\"https:\/\/www.linkedin.com\/company\/quasarcomunicacion\"> https:\/\/www.linkedin.com\/company\/quasarcomunicacion<\/a><br \/>\n<b> Instagram y Facebook:<\/b> @quasarcomunicacion <b><br \/>\nWeb:<\/b> <a href=\"http:\/\/www.quasarcomunicacion.com.ar\"> www.quasarcomunicacion.com.ar<\/a><br \/>\n<b> Mail<\/b><strong>:<\/strong><a href=\"mailto:fernanda@quasarcomunicacion.com.ar\"> fernanda@quasarcomunicacion.com.ar<\/a><br \/>\n<b> Canal de Telegram para acceder a comunicados:<\/b> <a href=\"https:\/\/t.me\/comunicadosQC\">https:\/\/t.me\/comunicadosQC<\/a><br \/>\n<a href=\"https:\/\/t.me\/quasarcomunicacion\"> <b>Telegram: <\/b> <b> https:\/\/t.me\/quasarcomunicacion<\/b><\/a><\/td>\n<\/tr>\n<\/tbody>\n<\/table>\n","protected":false},"excerpt":{"rendered":"<p>Con una importante convocatoria de referentes del sector p\u00fablico\/gubernamental, organizaciones, empresas, c\u00e1maras e invitados especiales,\u00a0 Identidad Argentina, en el marco [&hellip;]<\/p>\n","protected":false},"author":2,"featured_media":11246,"comment_status":"open","ping_status":"open","sticky":false,"template":"","format":"standard","meta":[],"categories":[2],"tags":[],"_links":{"self":[{"href":"https:\/\/quasarcomunicacion.com.ar\/web\/wp-json\/wp\/v2\/posts\/11247"}],"collection":[{"href":"https:\/\/quasarcomunicacion.com.ar\/web\/wp-json\/wp\/v2\/posts"}],"about":[{"href":"https:\/\/quasarcomunicacion.com.ar\/web\/wp-json\/wp\/v2\/types\/post"}],"author":[{"embeddable":true,"href":"https:\/\/quasarcomunicacion.com.ar\/web\/wp-json\/wp\/v2\/users\/2"}],"replies":[{"embeddable":true,"href":"https:\/\/quasarcomunicacion.com.ar\/web\/wp-json\/wp\/v2\/comments?post=11247"}],"version-history":[{"count":1,"href":"https:\/\/quasarcomunicacion.com.ar\/web\/wp-json\/wp\/v2\/posts\/11247\/revisions"}],"predecessor-version":[{"id":11248,"href":"https:\/\/quasarcomunicacion.com.ar\/web\/wp-json\/wp\/v2\/posts\/11247\/revisions\/11248"}],"wp:featuredmedia":[{"embeddable":true,"href":"https:\/\/quasarcomunicacion.com.ar\/web\/wp-json\/wp\/v2\/media\/11246"}],"wp:attachment":[{"href":"https:\/\/quasarcomunicacion.com.ar\/web\/wp-json\/wp\/v2\/media?parent=11247"}],"wp:term":[{"taxonomy":"category","embeddable":true,"href":"https:\/\/quasarcomunicacion.com.ar\/web\/wp-json\/wp\/v2\/categories?post=11247"},{"taxonomy":"post_tag","embeddable":true,"href":"https:\/\/quasarcomunicacion.com.ar\/web\/wp-json\/wp\/v2\/tags?post=11247"}],"curies":[{"name":"wp","href":"https:\/\/api.w.org\/{rel}","templated":true}]}}