{"id":1124,"date":"2012-12-04T18:39:22","date_gmt":"2012-12-04T18:39:22","guid":{"rendered":"http:\/\/quasarcomunicacion.wordpress.com\/?p=1124"},"modified":"2012-12-04T18:39:22","modified_gmt":"2012-12-04T18:39:22","slug":"8-de-diciembre-marcha-aerobica-en-pilar","status":"publish","type":"post","link":"https:\/\/quasarcomunicacion.com.ar\/web\/8-de-diciembre-marcha-aerobica-en-pilar\/","title":{"rendered":"8 de diciembre: Marcha Aer\u00f3bica en Pilar"},"content":{"rendered":"<p>El s\u00e1bado 8 de diciembre a partir de las 9 hs se llevar\u00e1 a cabo la\u00a0<b>Marcha Aer\u00f3bica \u201c3k en camino a una sociedad m\u00e1s integrada\u201d<\/b>, organizada por el\u00a0<b>shopping Pilar Point<\/b>\u00a0y auspiciada por la Municipalidad del Pilar.<!--more--><br \/>\n<img loading=\"lazy\" alt=\"\" src=\"http:\/\/www.quasarcomunicacion.com.ar\/pilarpoint\/2012\/marcha.gif\" height=\"313\" width=\"500\" \/><br \/>\nSe trata de un evento con inscripci\u00f3n libre y gratuita, donde los interesados solo deben completar unas fichas con sus datos personales y de salud, que luego deber\u00e1n depositar en las urnas o presentarlas en el local Sabrina (Planta baja del Shopping Pilar Point),\u00a0en el Centro Pilares de Esperanza, en la UMGE o en la Direcci\u00f3n de la Tercera Edad\u00a0.<br \/>\n<span style=\"color:#000000;\">Estas fichas pueden obtenerlas por mail solicit\u00e1ndolas a<\/span><a href=\"mailto:info@pilarpoint.com.ar\" target=\"_blank\" rel=\"noopener noreferrer\"><span style=\"color:#000000;\">info@pilarpoint.com.ar<\/span><\/a><span style=\"color:#000000;\">\u00a0 o en el tel\u00e9fono\u00a0\u00a0<img alt=\"\" src=\"\/\/lifbcibllhkdhoafpjfnlhfpfgnpldfl\/numbers_button_skype_logo.png\" \/>0230-4664700\u00a0o via Facebook en la fan page (<\/span><a href=\"https:\/\/www.facebook.com\/pilarpoint\" target=\"_blank\" rel=\"noopener noreferrer\"><span style=\"color:#000000;\">https:\/\/www.facebook.com\/pilarpoint<\/span><\/a><span style=\"color:#000000;\">\u00a0)<\/span><br \/>\nEl punto de partida y llegada es el\u00a0<b>shopping Pilar Point\u00a0<\/b>(Estanislao L\u00f3pez e Ituzaing\u00f3), donde antes de la largada se realizar\u00e1n controles de salud a cargo de la Escuela Municipal de Enfermer\u00eda.<br \/>\nAuspicia Supermercado La Eco, Municipalidad del Pilar con la Secretar\u00eda de Educaci\u00f3n, Cultura e Integraci\u00f3n (UMGE), Subsecretar\u00eda de Salud, Centro de Rehabilitaci\u00f3n Pilares de Esperanza, Prosane Pilar y Direcci\u00f3n de la Tercera Edad<br \/>\n<b>Servicios y ubicaci\u00f3n privilegiada<\/b><br \/>\n<img loading=\"lazy\" alt=\"\" src=\"http:\/\/www.quasarcomunicacion.com.ar\/pilarpoint\/2012\/fachadaeco.gif\" height=\"342\" width=\"500\" \/><br \/>\n<b>Pilar Point\u00a0<\/b>se inaugur\u00f3 en Diciembre 2009 y ya est\u00e1 consolidado como el shopping del centro de Pilar.<br \/>\nEl centro comercial ofrece en forma permanente propuestas abiertas para la comunidad como clases de tanto, folklore, ajedrez, bailoterapia, espect\u00e1culos musicales, muestras art\u00edsticas, concursos, cine gratuito para ni\u00f1os y adultos, entre otras opciones.<br \/>\nAdem\u00e1s, cuenta con locales comerciales, oficinas, y la posibilidad de alquilar estudios en forma temporaria por hora o m\u00f3dulo.<br \/>\n<b>Pilar Point<\/b>\u00a0posee estacionamiento sin cargo, RapiPago y WiFi.<br \/>\n<b>Pilar Point\u00a0<\/b>cuenta con cinco plantas para 45 locales comerciales que ofrecen una variada gama de productos y servicios y 3000 m<sup>2\u00a0<\/sup>de Oficinas &amp; Estudios desde 30 m<sup>2<\/sup>\u00a0en venta y alquiler. Adem\u00e1s cocheras para 200 veh\u00edculos.<br \/>\nEl emplazamiento del desarrollo es una ubicaci\u00f3n estrat\u00e9gica y \u00fanica en la zona de Pilar, sobre Estanislao L\u00f3pez (ex Ruta 8), esquina Ituzaing\u00f3 y en la misma manzana que el edificio de Bomberos, la Fiscal\u00eda, la Comisar\u00eda central de Pilar.<br \/>\nTambi\u00e9n, su acceso desde Panamericana es directo, entrando por el Puente Champagnat, y luego la calle Rivadavia (300 mts), facilitando la llegada desde el Parque Industrial o de cualquiera de los Barrios Privados o Countries de la zona; o por Ruta 25, tambi\u00e9n llamada Tratado del Pilar permitiendo el acceso desde Escobar y desde zona oeste.<\/p>\n","protected":false},"excerpt":{"rendered":"<p>El s\u00e1bado 8 de diciembre a partir de las 9 hs se llevar\u00e1 a cabo la\u00a0Marcha Aer\u00f3bica \u201c3k en camino [&hellip;]<\/p>\n","protected":false},"author":2,"featured_media":0,"comment_status":"open","ping_status":"open","sticky":false,"template":"","format":"standard","meta":[],"categories":[2],"tags":[],"_links":{"self":[{"href":"https:\/\/quasarcomunicacion.com.ar\/web\/wp-json\/wp\/v2\/posts\/1124"}],"collection":[{"href":"https:\/\/quasarcomunicacion.com.ar\/web\/wp-json\/wp\/v2\/posts"}],"about":[{"href":"https:\/\/quasarcomunicacion.com.ar\/web\/wp-json\/wp\/v2\/types\/post"}],"author":[{"embeddable":true,"href":"https:\/\/quasarcomunicacion.com.ar\/web\/wp-json\/wp\/v2\/users\/2"}],"replies":[{"embeddable":true,"href":"https:\/\/quasarcomunicacion.com.ar\/web\/wp-json\/wp\/v2\/comments?post=1124"}],"version-history":[{"count":0,"href":"https:\/\/quasarcomunicacion.com.ar\/web\/wp-json\/wp\/v2\/posts\/1124\/revisions"}],"wp:attachment":[{"href":"https:\/\/quasarcomunicacion.com.ar\/web\/wp-json\/wp\/v2\/media?parent=1124"}],"wp:term":[{"taxonomy":"category","embeddable":true,"href":"https:\/\/quasarcomunicacion.com.ar\/web\/wp-json\/wp\/v2\/categories?post=1124"},{"taxonomy":"post_tag","embeddable":true,"href":"https:\/\/quasarcomunicacion.com.ar\/web\/wp-json\/wp\/v2\/tags?post=1124"}],"curies":[{"name":"wp","href":"https:\/\/api.w.org\/{rel}","templated":true}]}}