{"id":1116,"date":"2012-11-30T16:01:42","date_gmt":"2012-11-30T16:01:42","guid":{"rendered":"http:\/\/quasarcomunicacion.wordpress.com\/?p=1116"},"modified":"2012-11-30T16:01:42","modified_gmt":"2012-11-30T16:01:42","slug":"21-12-12-el-fin-del-mundo-genera-panico-en-pacientes-propensos-a-los-trastornos-de-ansiedad","status":"publish","type":"post","link":"https:\/\/quasarcomunicacion.com.ar\/web\/21-12-12-el-fin-del-mundo-genera-panico-en-pacientes-propensos-a-los-trastornos-de-ansiedad\/","title":{"rendered":"21-12-12 &quot;el fin del mundo&quot; genera p\u00e1nico en pacientes propensos a los trastornos de ansiedad"},"content":{"rendered":"<p><img loading=\"lazy\" id=\"il_fi\" class=\"alignright\" alt=\"\" src=\"http:\/\/blogs.hoycinema.com\/friki\/files\/16646_2008-07-11-hole.jpg\" height=\"400\" width=\"300\" \/><span style=\"font-family:Verdana;font-size:small;\">S<\/span><span style=\"font-family:Verdana;font-size:small;\">eg\u00fan los medios, la profec\u00eda maya fija el 21 de diciembre de 2012 como el fin de un ciclo. Cient\u00edficos expertos advierten que para finales del 2012 o principios del 2013 existir\u00e1 una tormenta solar que afectar\u00e1 a todo el planeta tierra.\u00a0 Y este anuncio, a igual que otros anteriores, aumenta la propensi\u00f3n a sufrir trastornos de ansiedad en aquellas personas con riesgos de padecerlos.<!--more--><\/span><br \/>\n<span style=\"font-family:Verdana;font-size:small;\">Aunque el fin del mundo no lleg\u00f3 en ninguno de los anuncios anteriores, las consultas una vez m\u00e1s aumentan en el<b>Centro de Estudios Especializados en Trastornos de Ansiedad (CEETA)<\/b>.<\/span><br \/>\n<span style=\"font-family:Verdana;font-size:small;\">El\u00a0<b>Centro de Estudios Especializado en Trastornos de Ansiedad (CEETA)<\/b>\u00a0no fue ajeno a este estado de temor a las predicciones y vio incrementada sus consultas.<\/span><br \/>\n<span style=\"font-family:Verdana;font-size:small;\">Sin embargo, sus profesionales aseguran que se puede ayudar a aquellas personas temerosas \u00abdesdramatizando, pensando en el porcentaje de probabilidades reales de que suceda, teniendo una visi\u00f3n realista de la situaci\u00f3n y no pesimista, son \u00ednfimas\u00bb.<\/span><br \/>\n<span style=\"font-family:Verdana;font-size:small;\">Estos tips son aplicables a aquellos pacientes que sufren Ansiedad Generalizada, para los panicosos, y todos aquellos que comiencen a evidenciar s\u00edntomas<\/span><br \/>\n<span style=\"font-family:Verdana;font-size:small;\">La directora del\u00a0<b>CEETA<\/b>, la Lic. Gabriela Mart\u00ednez Castro, asegura que \u00abes normal que antes estas noticias catastr\u00f3ficas, se desencadenen Trastornos por Ansiedad Generalizada (TAG), crisis de p\u00e1nico, para aquellos que tienen predisposici\u00f3n y tienden a ser propensos al trastorno. Adem\u00e1s, tambi\u00e9n puede agudizar la sintomatolog\u00eda de aquellos que padecen Trastorno Obsesivo Compulsivo (TOC), por el temor a que algo malo suceda, creyendo que lo pueden prevenir con rituales y pensamientos obsesivos\u00bb.<\/span><br \/>\n<img loading=\"lazy\" class=\"alignright\" alt=\"\" src=\"http:\/\/www.quasarcomunicacion.com.ar\/ceeta\/2010\/gabi.gif\" height=\"225\" width=\"300\" \/><span style=\"font-family:Verdana;font-size:small;\">Incluso, los profesionales del\u00a0<b>CEETA<\/b>\u00a0indicaron que aumentaron las consultas e incluso hubo que medicar a algunos pacientes que no pudieron controlar el temor al estar cercanos a la fecha establecida<\/span><br \/>\n<span style=\"font-family:Verdana;font-size:small;\">\u00abTodos estos trastornos se relacionan con el TAG (Trastorno por Ansiedad Generalizada) ya que para una persona que sufre de preocupaci\u00f3n excesiva, escuchar que podr\u00eda acercarse el fin del mundo, resulta m\u00e1s que preocupante y angustioso, aumentando los s\u00edntomas f\u00edsicos, hasta poder terminar padeciendo una crisis de p\u00e1nico que ser\u00e1 el caso extremo\u00bb, continu\u00f3 Mart\u00ednez Castro.<\/span><br \/>\n<span style=\"font-family:Verdana;font-size:small;\">Por otro lado, la directora del\u00a0<b>CEETA<\/b>, asegura que \u00abse relaciona a las profec\u00edas, como posibles desencadenantes de crisis de p\u00e1nico, para aquellos que tienen predisposici\u00f3n y tienden a ser supersticiosos. Adem\u00e1s, tambi\u00e9n puede agudizar la sintomatolog\u00eda de aquellos que padecen Trastorno Obsesivo Compulsivo (TOC), por lo supersticiosa de la situaci\u00f3n, y por el temor a que algo malo suceda, creyendo que lo pueden prevenir con rituales y pensamientos obsesivos\u00bb.<\/span><\/p>\n<div>\n<table id=\"AutoNumber4\" width=\"90%\" border=\"0\" cellspacing=\"4\" cellpadding=\"4\">\n<tbody>\n<tr>\n<td bgcolor=\"#ECFFF9\" width=\"100%\"><i><span style=\"font-family:Verdana;font-size:xx-small;\">La licenciada Gabriela Mart\u00ed<\/span><\/i><span style=\"font-family:Verdana;font-size:xx-small;\"><i>nez Castro, directora del CEETA, est\u00e1 disponible para consultas o entrevistas sobre el tema. Comunicarse al\u00a0\u00a0<img alt=\"\" src=\"\/\/lifbcibllhkdhoafpjfnlhfpfgnpldfl\/numbers_button_skype_logo.png\" \/>0230-4664772\u00a0\u00f3 011-15-6096-4656 para concretarlas o enviar un mail a<a href=\"mailto:gabriela@quasarcomunicacion.com.ar\">fernanda@quasarcomunicacion.com.ar\u00a0<\/a>\u00a0<\/i><\/span><\/td>\n<\/tr>\n<\/tbody>\n<\/table>\n<\/div>\n<p><b><span style=\"font-family:Verdana;font-size:small;\">El Trastorno por Ansiedad Generalizada (TAG)<\/span><\/b><br \/>\n<span style=\"font-family:Verdana;font-size:small;\">En cuanto al trastorno por ansiedad generalizada es com\u00fan que se manifieste cerca de la vida adulta. \u201cEn esta patolog\u00eda la persona se preocupa excesivamente por cuestiones de la vida cotidiana y no puede priorizar, pues le resulta igual de importante la operaci\u00f3n de riesgo de un familiar que llegar impuntual a una cita\u201d, explica la especialista.<\/span><br \/>\n<b><span style=\"font-family:Verdana;font-size:small;\">Los ataques de p\u00e1nico<\/span><\/b><br \/>\n<span style=\"font-family:Verdana;font-size:small;\">Respecto de los ataques de p\u00e1nico, presenta s\u00edntomas f\u00edsicos: \u201cel paciente experimenta la sensaci\u00f3n de estar cerca de la muerte, o la locura, sufre taquicardia, falta de respiraci\u00f3n, ahogo, entre otros efectos\u201d, dice Mart\u00ednez Castro.<\/span><br \/>\n<span style=\"font-family:Verdana;font-size:small;\">Por lo general el primer episodio de p\u00e1nico no se olvida jam\u00e1s, a partir de all\u00ed es normal que el que lo ha sufrido tenga la sensaci\u00f3n de que pronto volver\u00e1 a ocurrirle. \u201cQuienes tienen ataques de p\u00e1nico no pueden quedarse solos, porque a partir de que viven el primer ataque, su conducta cambia completamente; evita lugares donde sufri\u00f3 la crisis, procura no realizar la acci\u00f3n que realizaba al momento de manifestarse el p\u00e1nico; en fin, su conducta se ve limitada y la vida del paciente se restringe hasta el aislamiento\u201d, explica Gabriela Mart\u00ednez. Esta tipolog\u00eda en particular de trastornos de ansiedad, suele avanzar r\u00e1pidamente y tiene consecuencias graves.<\/span><br \/>\n<span style=\"font-family:Verdana;font-size:small;\"><b>El Tratamiento<\/b><br \/>\n\u201cLas alteraciones pueden aparecer al mes del episodio traum\u00e1tico, y hasta demorar 6 meses en su aparici\u00f3n. El tratamiento m\u00e1s adecuado puede ser una terapia cognitivo-conductual, por la brevedad y la rapidez en cuanto a la recuperaci\u00f3n\u201d, recomienda Mart\u00ednez Castro<\/span><br \/>\n<span style=\"font-family:Verdana;font-size:small;\">Por \u00faltimo, es necesario tener en cuenta la intensidad, duraci\u00f3n y proximidad a la exposici\u00f3n del acontecimiento traum\u00e1tico, que constituyen los factores m\u00e1s importantes que determinan la probabilidad de padecer dicho trastorno.<\/span><br \/>\n<span style=\"font-family:Verdana;font-size:small;\">La directora de\u00a0<\/span><b style=\"font-size:small;\">CEETA<\/b><span style=\"font-family:Verdana;font-size:small;\">\u00a0asegura que \u00abtodos estos trastornos se recuperan con un tratamiento espec\u00edfico de terapia cognitivo-conductual (TCC) y la posible aplicaci\u00f3n de medicaci\u00f3n, en caso de ser necesario\u00bb.<\/span><br \/>\n<span style=\"font-family:Verdana;font-size:small;\">El tratamiento es breve, conducido por expertos en la materia, logr\u00e1ndose la recuperaci\u00f3n y el alta del paciente, quien recupera sus actividades habituales, sin sintomatolog\u00eda f\u00edsica ni emocional.<\/span><br \/>\n<span style=\"font-family:Verdana;font-size:small;\">Acceso a toda la informaci\u00f3n ingresando en<a href=\"http:\/\/www.quasarcomunicacion.com.ar\/ceeta\">www.quasarcomunicacion.com.ar\/ceeta<\/a><\/span><\/p>\n","protected":false},"excerpt":{"rendered":"<p>Seg\u00fan los medios, la profec\u00eda maya fija el 21 de diciembre de 2012 como el fin de un ciclo. Cient\u00edficos [&hellip;]<\/p>\n","protected":false},"author":2,"featured_media":0,"comment_status":"open","ping_status":"open","sticky":false,"template":"","format":"standard","meta":[],"categories":[34],"tags":[],"_links":{"self":[{"href":"https:\/\/quasarcomunicacion.com.ar\/web\/wp-json\/wp\/v2\/posts\/1116"}],"collection":[{"href":"https:\/\/quasarcomunicacion.com.ar\/web\/wp-json\/wp\/v2\/posts"}],"about":[{"href":"https:\/\/quasarcomunicacion.com.ar\/web\/wp-json\/wp\/v2\/types\/post"}],"author":[{"embeddable":true,"href":"https:\/\/quasarcomunicacion.com.ar\/web\/wp-json\/wp\/v2\/users\/2"}],"replies":[{"embeddable":true,"href":"https:\/\/quasarcomunicacion.com.ar\/web\/wp-json\/wp\/v2\/comments?post=1116"}],"version-history":[{"count":0,"href":"https:\/\/quasarcomunicacion.com.ar\/web\/wp-json\/wp\/v2\/posts\/1116\/revisions"}],"wp:attachment":[{"href":"https:\/\/quasarcomunicacion.com.ar\/web\/wp-json\/wp\/v2\/media?parent=1116"}],"wp:term":[{"taxonomy":"category","embeddable":true,"href":"https:\/\/quasarcomunicacion.com.ar\/web\/wp-json\/wp\/v2\/categories?post=1116"},{"taxonomy":"post_tag","embeddable":true,"href":"https:\/\/quasarcomunicacion.com.ar\/web\/wp-json\/wp\/v2\/tags?post=1116"}],"curies":[{"name":"wp","href":"https:\/\/api.w.org\/{rel}","templated":true}]}}