{"id":1114,"date":"2012-11-30T16:00:57","date_gmt":"2012-11-30T16:00:57","guid":{"rendered":"http:\/\/quasarcomunicacion.wordpress.com\/?p=1114"},"modified":"2012-11-30T16:00:57","modified_gmt":"2012-11-30T16:00:57","slug":"feria-de-descuentos-para-esta-navidad-en-pilar-point","status":"publish","type":"post","link":"https:\/\/quasarcomunicacion.com.ar\/web\/feria-de-descuentos-para-esta-navidad-en-pilar-point\/","title":{"rendered":"Feria de descuentos para esta navidad en Pilar Point"},"content":{"rendered":"<p><b>Pilar Point,\u00a0<\/b>el shopping del centro para todos, proyecta para el mes de diciembre dos fines de semana a pura Feria de Liquidaci\u00f3n Navide\u00f1a. De esta forma, en el paseo comercial del centro, ubicado en Estanislao L\u00f3pez (ex ruta 8) esquina Ituzaing\u00f3, el s\u00e1bado 1 y 8, y los domingos 2 y 9 se realizar\u00e1 la Feria de Liquidaci\u00f3n de Navidad.<!--more--><br \/>\n<img alt=\"\" src=\"http:\/\/www.quasarcomunicacion.com.ar\/pilarpoint\/2012\/feriadic.gif\" \/><br \/>\nLas ofertas se realizar\u00e1n en los locales adheridos.<br \/>\n<span style=\"font-size:small;\"><b>Pilar Point\u00a0<\/b>est\u00e1 ubicado en<\/span>\u00a0Estanislao L\u00f3pez (ex ruta 8) e Ituzaing\u00f3, en pleno centro de la ciudad.<br \/>\nEs de destacar que\u00a0<b>Pilar Point<\/b>\u00a0cuenta con seguridad, wi-fi y estacionamiento sin cargo.<br \/>\n<span style=\"font-size:small;\">Segu\u00ed a\u00a0<b>Pilar Point<\/b>\u00a0en\u00a0<a href=\"http:\/\/www.facebook.com\/pilarpoint\">www.facebook.com\/pilarpoint<\/a><\/span><br \/>\nAdem\u00e1s,\u00a0el s\u00e1bado 8 de diciembre a las 20 hs en el\u00a0<b>Shopping Pilar Point<\/b>(Estanislao L\u00f3pez esquina Ituzaing\u00f3) se llevar\u00e1n a cabo un desfile de modas y show musical con entrada libre y gratuita<br \/>\nDel desfile participar\u00e1n los locales del paseo comercial, adem\u00e1s habr\u00e1 sorteos de prendas y \u00f3rdenes de compra entre los asistentes<br \/>\nLa entrada es libre y gratuita.<br \/>\n<img loading=\"lazy\" alt=\"\" src=\"http:\/\/www.quasarcomunicacion.com.ar\/pilarpoint\/2012\/desfile.gif\" height=\"250\" width=\"500\" \/><br \/>\n&nbsp;<\/p>\n","protected":false},"excerpt":{"rendered":"<p>Pilar Point,\u00a0el shopping del centro para todos, proyecta para el mes de diciembre dos fines de semana a pura Feria [&hellip;]<\/p>\n","protected":false},"author":2,"featured_media":0,"comment_status":"open","ping_status":"open","sticky":false,"template":"","format":"standard","meta":[],"categories":[2],"tags":[],"_links":{"self":[{"href":"https:\/\/quasarcomunicacion.com.ar\/web\/wp-json\/wp\/v2\/posts\/1114"}],"collection":[{"href":"https:\/\/quasarcomunicacion.com.ar\/web\/wp-json\/wp\/v2\/posts"}],"about":[{"href":"https:\/\/quasarcomunicacion.com.ar\/web\/wp-json\/wp\/v2\/types\/post"}],"author":[{"embeddable":true,"href":"https:\/\/quasarcomunicacion.com.ar\/web\/wp-json\/wp\/v2\/users\/2"}],"replies":[{"embeddable":true,"href":"https:\/\/quasarcomunicacion.com.ar\/web\/wp-json\/wp\/v2\/comments?post=1114"}],"version-history":[{"count":0,"href":"https:\/\/quasarcomunicacion.com.ar\/web\/wp-json\/wp\/v2\/posts\/1114\/revisions"}],"wp:attachment":[{"href":"https:\/\/quasarcomunicacion.com.ar\/web\/wp-json\/wp\/v2\/media?parent=1114"}],"wp:term":[{"taxonomy":"category","embeddable":true,"href":"https:\/\/quasarcomunicacion.com.ar\/web\/wp-json\/wp\/v2\/categories?post=1114"},{"taxonomy":"post_tag","embeddable":true,"href":"https:\/\/quasarcomunicacion.com.ar\/web\/wp-json\/wp\/v2\/tags?post=1114"}],"curies":[{"name":"wp","href":"https:\/\/api.w.org\/{rel}","templated":true}]}}