{"id":11121,"date":"2021-07-30T16:51:22","date_gmt":"2021-07-30T16:51:22","guid":{"rendered":"https:\/\/quasarcomunicacion.com.ar\/web\/?p=11121"},"modified":"2021-07-30T17:41:33","modified_gmt":"2021-07-30T17:41:33","slug":"en-agosto-pilar-de-feria-vuelve-con-fecha-doble-sabado-7-y-domingo-8-de-13-a-17-hs","status":"publish","type":"post","link":"https:\/\/quasarcomunicacion.com.ar\/web\/en-agosto-pilar-de-feria-vuelve-con-fecha-doble-sabado-7-y-domingo-8-de-13-a-17-hs\/","title":{"rendered":"En agosto Pilar de Feria vuelve con fecha doble: s\u00e1bado 7 y domingo 8 de 13 a 17 hs"},"content":{"rendered":"<p>En agosto <strong>Pilar Emprende<\/strong> vuelve con dos fechas de <strong>Pilar de Feria<\/strong>: el s\u00e1bado 7 y domingo 8 de 13 a 17 hs en La F\u00e1brica (Juan B. Ambrosetti 633, Bo. La Esmeralda, Km 50 Pilar).\u00a0 Con entrada libre y gratuita, m\u00e1s de 40 expositores expondr\u00e1n sus productos al aire libre, con control de acceso de p\u00fablico y todos los protocolos de cuidado. M\u00e1s info en <a href=\"https:\/\/linktr.ee\/pilardeferia\"> https:\/\/linktr.ee\/pilardeferia<\/a> Se pospone por mal tiempo ya que es 100% al aire libre.<!--more--><\/p>\n<p>La entrada es libre y gratuita. Como cada edici\u00f3n de <strong> Pilar de Feria <\/strong>hay un fin solidario, en esta ocasi\u00f3n se estar\u00e1 recolectando juguetes, telas y retazos, insumos de costura, frazadas y ropa de abrigo en buen estado y sachets de leche\/yogurth para los proyectos solidarios de la <strong>Red de Costureras Solidarias de Pilar <\/strong> (https:\/\/linktr.ee\/costureraspilar)<\/p>\n<p><span style=\"font-size: small;\"> Adem\u00e1s, desde la <b>Subsecretar\u00eda de Ambiente y Soberan\u00eda Alimentaria <\/b>de la <b>Municipalidad de Pilar<\/b> estar\u00e1n recolectando aparatos el\u00e9ctricos y electr\u00f3nicos en desuso para que la cooperativa @tecnoraee les de una segunda vuelta. Recibir\u00e1n residuos electr\u00f3nicos o chatarra el\u00e9ctrica o E waste o RAEES, estos aparatos pueden ser recuperados, ya sea a trav\u00e9s de la reutilizaci\u00f3n o del reciclaje. Se podr\u00e1n traer CPU, tel\u00e9fonos, monitores, LCD, accesorios de computaci\u00f3n, consolas de video, electrodom\u00e9sticos. <b>NO TRAER:<\/b> pilas, bater\u00edas, ni aparatos con mercurio.<\/span><\/p>\n<p><a href=\"https:\/\/quasarcomunicacion.com.ar\/web\/wp-content\/uploads\/2021\/07\/julioaerea.gif\"><img class=\"aligncenter\" src=\"https:\/\/quasarcomunicacion.com.ar\/web\/wp-content\/uploads\/2021\/07\/julioaerea.gif\" \/><\/a><\/p>\n<p>Durante ambas jornadas habr\u00e1 clases abiertas y actividades organizadas por <strong>Break Pilar <\/strong>(m\u00e1s info https:\/\/linktr.ee\/break.pilar), se podr\u00e1 disfrutar del patio cervecero y la gastronom\u00eda de <strong>Galp\u00f3n 50<\/strong> y una excelente oportunidad de disfrutar de un paseo al aire libre. Podr\u00e1n adquirir a emprendedores locales los mejores regalos y con excelentes precios.<\/p>\n<p>En el recorrido por los m\u00e1s de 40 espacios se podr\u00e1n conocer los productos y servicios de emprendedores de la zona que tendr\u00e1n excelentes propuestas para el D\u00eda del Ni\u00f1o y para un regalo original.<\/p>\n<p>Como siempre, cumpliendo con\u00a0las medidas de distanciamiento y los protocolos vigentes para este tipo de actividades.<\/p>\n<p><a href=\"https:\/\/quasarcomunicacion.com.ar\/web\/wp-content\/uploads\/2021\/07\/julio.gif\"><img class=\"aligncenter\" src=\"https:\/\/quasarcomunicacion.com.ar\/web\/wp-content\/uploads\/2021\/07\/julio.gif\" \/><\/a><\/p>\n<p>De 13 a 17 hs podr\u00e1n comprarle a los emprendedores los m\u00e1s variados productos en los rubros de indumentaria, juguetes, art\u00edculos para el bienestar, bijou, bolsos y carteras,\u00a0productos textiles, plantas, cosm\u00e9tica, productos ecol\u00f3gicos, lencer\u00eda, arte, decoraci\u00f3n, artesan\u00edas, tecnolog\u00eda, tejido, muebles, adornos, vajilla, bazar y mucho m\u00e1s.<\/p>\n<p><strong>Pilar de Feria <\/strong>viene brindando estos espacios para emprendedores desde 2011, esta ser\u00e1 su 24\u00ba y 25\u00ba Edici\u00f3n. Junto a <strong> Pilar Emprende <\/strong>no s\u00f3lo ofrecen un espacio de exhibici\u00f3n y venta para peque\u00f1os emprendedores sino un acompa\u00f1amiento para que profesionalicen sus emprendimientos y logren un paso exitoso por la feria m\u00e1s all\u00e1 de ese tiempo de exhibici\u00f3n, logrando planificar y concretar sus objetivos antes, durante y despu\u00e9s del evento.<\/p>\n<p>Todos los detalles aqu\u00ed <a href=\"https:\/\/linktr.ee\/pilardeferia\">https:\/\/linktr.ee\/pilardeferia<\/a> y el mapa de c\u00f3mo llegar (est\u00e1 a pocas cuadras de Palmas de Pilar y tiene acceso desde Panamericana Km 50 o Ruta 8)<\/p>\n<p>Conoc\u00e9 m\u00e1s en las redes sociales: instagram y facebook @pilardeferia<\/p>\n<p><a href=\"https:\/\/quasarcomunicacion.com.ar\/web\/wp-content\/uploads\/2021\/07\/julioingreso.gif\"><img class=\"aligncenter\" src=\"https:\/\/quasarcomunicacion.com.ar\/web\/wp-content\/uploads\/2021\/07\/julioingreso.gif\" \/><\/a><\/p>\n<p><strong> C\u00d3MO LLEGAR<\/strong><\/p>\n<p>En auto desde Capital Federal o desde Pilar se accede desde la altura Km 50 de ramal Pilar de la ruta Panamericana (bajada Palmas del Pilar \/ Jumbo \/ Cin\u00e9polis Pilar). Tomar el puente hacia el lado de Palmas del Pilar \/ Hotel Ibis. Sobre la calle Las Magnolias, tomar la primera calle a la derecha (cartel de ingreso a Barrio La Esmeralda \u2013 como referencia est\u00e1 la concesionaria Mercedes Benz Las Mercedes), tres cuadras sobre esa calle y media a la izquierda<\/p>\n<p>O altura km 50 de ruta 8, tomar la calle del destacamento policial y de all\u00ed son tres cuadras sobre Ambrosetti.<\/p>\n<p>EN COLECTIVO (algunas de las l\u00edneas que te dejan a pocas cuadras, cualquier que pase por Km 50 de ruta 8 o Panamericana te deja a pocas cuadras):<\/p>\n<p>L\u00ednea 57 (Express, Servicio Com\u00fan por Autopista o Ruta 8) bajada Km 50<\/p>\n<p>501 por autopista (parada k 50)<\/p>\n<p>203 (por autopista o por ruta 8)<\/p>\n<p>520 a Derqui (parada Km 50)<\/p>\n<p>176 por ruta 8 Parada Km 50<\/p>\n<p><a href=\"http:\/\/www.pilardeferia.com.ar\/donde.htm\"> www.pilardeferia.com.ar\/donde.htm<\/a><\/p>\n<p><b>\u00a0Acerca de Pilar de Feria<\/b><\/p>\n<p>Esta es una nueva edici\u00f3n de<strong> Pilar de Feria<\/strong> (mir\u00e1 todas las ediciones en <a href=\"http:\/\/www.pilardeferia.com.ar\/ediciones.htm\"> http:\/\/www.pilardeferia.com.ar\/ediciones.htm<\/a>). El equipo de <strong>Pilar de Feria <\/strong>viene organizando este tipo de eventos desde 2011 cuando realizaron<strong> Pilar de Feria Navidad<\/strong>, luego la edici\u00f3n Verano en 2012. M\u00e1s tarde dos ediciones en Pilar Point (\u201cDe Shopping\u201d y \u201cArtesan\u00edas, Arte y Dise\u00f1o D\u00eda de la Madre\u201d) para terminar el 2012 con la Edici\u00f3n Navidad. En 2015 realizaron la edici\u00f3n \u201cEmprendedores\u201d y \u201cShowroom\u201d en Galer\u00eda Site Zen. En marzo de 2016 se realiz\u00f3 la primera feria en La F\u00e1brica, continuando el segundo s\u00e1bado de cada mes con la propuesta.<\/p>\n<p><strong> Pilar de Feria<\/strong> es un evento peri\u00f3dico y tem\u00e1tico\u00a0 posee diversos t\u00f3picos. La entrada siempre es libre y gratuita para todo el p\u00fablico y el objetivo es darle a los emprendedores un lugar para la exhibici\u00f3n y venta de sus productos. Por Ordenanza 328\/12, <strong> Pilar de Feria<\/strong> fue declarada de Inter\u00e9s Municipal.<\/p>\n<p>Como signo distintivo, a la muestra de productos y servicios se le agregan eventos y herramientas que se le otorgan a los emprendedores como valor agregado para convertirse en una excelente herramienta de marketing, difusi\u00f3n y venta. Adem\u00e1s, de un recomendable paseo en familia.<\/p>\n<p>Los emprendedores, adem\u00e1s del apoyo en la difusi\u00f3n de su actividad reciben capacitaci\u00f3n, tips y consejos brindados por expertos en la materia<\/p>\n<p><strong><em>Por otras im\u00e1genes, audios o entrevistas no dude en contactarse<\/em><\/strong><\/p>\n<p><strong><em> Contactos de Prensa<\/em><\/strong><\/p>\n<table width=\"100%\">\n<tbody>\n<tr>\n<td width=\"50%\"><strong> Candela Villanueva<\/strong><strong> &#8211; Asistente de Cuentas<\/strong><\/p>\n<p><b> Directo<\/b><strong>: <\/strong> 0230-4664772<br \/>\n<b> Skype:<\/b> quasarcomunicacion<br \/>\n<b> Instagram<\/b>: @quasarcomunicacion<br \/>\n<b> Twitter:<\/b> @quasarpilar<br \/>\n<b> Gr<\/b><b>upo y p\u00e1gina en Facebook: <\/b> www.facebook.com\/<a href=\"mailto:mfipata@gmail.com\">Quasar<\/a>Comunicacion<br \/>\n<b> Web:<\/b> <a href=\"http:\/\/www.quasarcomunicacion.com.ar\"> www.quasarcomunicacion.com.ar<\/a><\/p>\n<p><b> Mail<\/b><strong> :<\/strong><a href=\"mailto:fernanda@quasarcomunicacion.com.ar\">candela@quasarcomunicacion.com.ar<\/a><\/td>\n<td width=\"50%\"><strong> Lic. Mar\u00eda Fernanda Ipata &#8211; Directora<br \/>\n<\/strong> <b><br \/>\n<\/b> <b> M\u00f3vil:<\/b> 0230-15-4584535<br \/>\n<b> Whatsapp<\/b><b>:<\/b><a href=\"https:\/\/bit.ly\/2J4cUvm\"> 11 5312 6795<\/a><br \/>\n<a href=\"https:\/\/bit.ly\/2Sn1zLP\"> Enviar whatsapp aqu\u00ed<\/a><br \/>\n<b> Skype:<\/b> quasarcomunicacion<br \/>\n<b> LinkedIn<\/b><strong>:\u00a0 <\/strong> <strong> <a href=\"http:\/\/www.linkedin.com\/in\/mfipata\"> http:\/\/www.linkedin.com\/in\/mfipata<\/a><\/strong><br \/>\n<a href=\"https:\/\/www.linkedin.com\/company\/quasarcomunicacion\"> https:\/\/www.linkedin.com\/company\/quasarcomunicacion<\/a><br \/>\n<b> Instagram y Facebook:<\/b> @quasarcomunicacion <b><br \/>\nWeb:<\/b> <a href=\"http:\/\/www.quasarcomunicacion.com.ar\"> www.quasarcomunicacion.com.ar<\/a><br \/>\n<b> Mail<\/b><strong>:<\/strong><a href=\"mailto:fernanda@quasarcomunicacion.com.ar\"> fernanda@quasarcomunicacion.com.ar<\/a><br \/>\n<b> Telegram: https:\/\/t.me\/QuasarComunicacion<\/b><br \/>\n<b> Canal de Telegram para acceder a comunicados:<\/b> https:\/\/t.me\/comunicadosQC<\/td>\n<\/tr>\n<\/tbody>\n<\/table>\n","protected":false},"excerpt":{"rendered":"<p>En agosto Pilar Emprende vuelve con dos fechas de Pilar de Feria: el s\u00e1bado 7 y domingo 8 de 13 [&hellip;]<\/p>\n","protected":false},"author":2,"featured_media":11123,"comment_status":"open","ping_status":"open","sticky":false,"template":"","format":"standard","meta":[],"categories":[2],"tags":[],"_links":{"self":[{"href":"https:\/\/quasarcomunicacion.com.ar\/web\/wp-json\/wp\/v2\/posts\/11121"}],"collection":[{"href":"https:\/\/quasarcomunicacion.com.ar\/web\/wp-json\/wp\/v2\/posts"}],"about":[{"href":"https:\/\/quasarcomunicacion.com.ar\/web\/wp-json\/wp\/v2\/types\/post"}],"author":[{"embeddable":true,"href":"https:\/\/quasarcomunicacion.com.ar\/web\/wp-json\/wp\/v2\/users\/2"}],"replies":[{"embeddable":true,"href":"https:\/\/quasarcomunicacion.com.ar\/web\/wp-json\/wp\/v2\/comments?post=11121"}],"version-history":[{"count":3,"href":"https:\/\/quasarcomunicacion.com.ar\/web\/wp-json\/wp\/v2\/posts\/11121\/revisions"}],"predecessor-version":[{"id":11127,"href":"https:\/\/quasarcomunicacion.com.ar\/web\/wp-json\/wp\/v2\/posts\/11121\/revisions\/11127"}],"wp:featuredmedia":[{"embeddable":true,"href":"https:\/\/quasarcomunicacion.com.ar\/web\/wp-json\/wp\/v2\/media\/11123"}],"wp:attachment":[{"href":"https:\/\/quasarcomunicacion.com.ar\/web\/wp-json\/wp\/v2\/media?parent=11121"}],"wp:term":[{"taxonomy":"category","embeddable":true,"href":"https:\/\/quasarcomunicacion.com.ar\/web\/wp-json\/wp\/v2\/categories?post=11121"},{"taxonomy":"post_tag","embeddable":true,"href":"https:\/\/quasarcomunicacion.com.ar\/web\/wp-json\/wp\/v2\/tags?post=11121"}],"curies":[{"name":"wp","href":"https:\/\/api.w.org\/{rel}","templated":true}]}}