{"id":10960,"date":"2021-05-13T15:00:20","date_gmt":"2021-05-13T15:00:20","guid":{"rendered":"https:\/\/quasarcomunicacion.com.ar\/web\/?p=10960"},"modified":"2021-05-13T15:00:52","modified_gmt":"2021-05-13T15:00:52","slug":"sabadoenmovimiento","status":"publish","type":"post","link":"https:\/\/quasarcomunicacion.com.ar\/web\/sabadoenmovimiento\/","title":{"rendered":"Ecosistema Cultural organiza una Jornada de Danza \u00abS\u00e1bado en Movimiento\u00bb\u00a0"},"content":{"rendered":"<p>El pr\u00f3ximo s\u00e1bado 12 de junio de 11 a 20 hs, E<strong>cosistema Cultural<\/strong> de <strong>Identidad Argentina <\/strong>organiza una <strong>Jornada de Danza titulada \u00abS\u00e1bado en movimiento\u00bb <\/strong>que se brindar\u00e1 v\u00eda zoom. La jornada consta de e 5 talleres y una funci\u00f3n final realizada por los docentes. Detalles e inscripci\u00f3n <span style=\"font-weight: 400;\"> ingresando en\u00a0 <\/span> <span style=\"font-weight: 400;\"> <a href=\"https:\/\/bit.ly\/3aPFNZ6?fbclid=IwAR0aGOCU1BCTuBGFAukFhtrVjxeFuMhkLMWm-DI2I5lXyDSlccee0KXt9VQ\"> https:\/\/bit.ly\/3aPFNZ6<\/a><\/span><!--more--><\/p>\n<p><a href=\"https:\/\/quasarcomunicacion.com.ar\/web\/wp-content\/uploads\/2021\/05\/danza.gif\"><img class=\"aligncenter\" src=\"https:\/\/quasarcomunicacion.com.ar\/web\/wp-content\/uploads\/2021\/05\/danza.gif\" \/><\/a><\/p>\n<p>De esta manera, durante toda la jornada se compartir\u00e1n los talleres de:<\/p>\n<p><strong>Taller de Acrobacia para principiantes de <\/strong>11:00hs a 12:30hs<\/p>\n<p>A cargo de Natalia Berges @bergesnati<\/p>\n<p><strong>Taller de\u00a0 Danza Contempor\u00e1nea<\/strong> de 12:30hs a 14:00hs<\/p>\n<p>A cargo de Juan Jos\u00e9 Hair @juanjohair<\/p>\n<p><strong>Taller iniciaci\u00f3n a la danza<\/strong> de 15:00hs a 16:00hs.<\/p>\n<p>A cargo de Natalia Litre @nata.libre<\/p>\n<p><strong>Taller de T\u00e9cnica Amigable <\/strong>de 16:00hs a 17:30hs.<\/p>\n<p>A cargo de Lucia Fucci @lu_fucci<\/p>\n<p><strong>Taller de Danza Jazz<\/strong> de 17:30hs a 19:00hs<\/p>\n<p>A cargo de Nahuel Casini Soto @nahuelcasinisoto<\/p>\n<p>Funci\u00f3n 20:00hs &#8211; Entr\u00e9e Bailable<\/p>\n<p><strong>Descripci\u00f3n de las clases que se dictar\u00e1n en la jornada <\/strong><\/p>\n<p><strong>Iniciaci\u00f3n a la danza (Natalia Litre)<\/strong><br \/>\nA trav\u00e9s del juego y la exploraci\u00f3n del cuerpo se acercar\u00e1 a los ni\u00f1os al mundo del movimiento, trabajar\u00e1n en el suelo y tambi\u00e9n con diferentes objetos que ellos elijan para pasar un momento divertido y creando desde la imaginaci\u00f3n.<\/p>\n<p><strong>Danza Jazz (Nahuel Casini Soto)<\/strong><br \/>\nLa clase consta de una entrada en calor, una parte donde se trabaja la t\u00e9cnica de Danza Jazz, y una parte coreogr\u00e1fica donde se aplica lo aprendido.<br \/>\nComienza con una entrada en calor extensa e intensa donde se acondiciona el cuerpo para el trabajo posterior; el foco est\u00e1 puesto tanto en la elongaci\u00f3n como en la fuerza.<br \/>\nA continuaci\u00f3n se trabaja la t\u00e9cnica de danza jazz. Se ven: plies, tendu, degages, grand battement, piruetas y diagonales de giros y saltos. Luego se trabaja una secuencia coreogr\u00e1fica donde se ven diferentes estilos dentro de la misma t\u00e9cnica.<\/p>\n<p><strong>Danza contempor\u00e1nea (Juan Jose Hair)<\/strong><br \/>\nLa clase comienza con una entrada en calor donde se pondr\u00e1n en pr\u00e1ctica herramientas tomadas de diferentes t\u00e9cnicas del yoga y de estiramiento para lograr un trabajo consciente del cuerpo. Se har\u00e1 hincapi\u00e9 en la respiraci\u00f3n y en el registro del tono muscular necesario, realizando secuencias donde se trabajar\u00e1 la relaci\u00f3n del cuerpo con el piso y el uso del propio peso en favor de un movimiento org\u00e1nico,<br \/>\ncombinando diversas t\u00e9cnicas, dando lugar a distintos matices.<br \/>\nSe trabajan los diferentes niveles y lugares del espacio, teniendo en cuenta las limitaciones en este contexto, la musicalidad y el car\u00e1cter interpretativo de la secuencia de movimiento a trabajar.<\/p>\n<p><strong>Acrobacia para principiantes (Natalia Berg\u00e9s)<\/strong><br \/>\nDurante la clase se realizar\u00e1n ejercicios de postura, fuerza y flexibilidad que ayuden a poder realizar acrobacias.<br \/>\nSe practicar\u00e1n diferentes tipos de parada de mano contra la pared, roladas y puentes.<br \/>\nLa intenci\u00f3n es que tengan una serie de ejercicios que puedan practicar en sus casas, que les otorgue una base para despu\u00e9s poder desarrollar acrobacias m\u00e1s complejas.<\/p>\n<p><strong>T\u00e9cnica amigable (Lucia Fucci)<\/strong><br \/>\nLa clase es una invitaci\u00f3n a perderle el miedo a la t\u00e9cnica acad\u00e9mica.<br \/>\nSe realizar\u00e1n ejercicios de barra de danza cl\u00e1sica (ballet), tom\u00e1ndolos como herramienta para para el entrenamiento del bailar\u00edn, de manera amigable, acorde al cuerpo que cada uno tiene, y al ritmo de los grandes hits bolicheros de la historia.<\/p>\n<p><strong>El gran cierre<\/strong><\/p>\n<p>Como cierre el espect\u00e1culo: <strong>Entr\u00e9e Bailable<\/strong>, un breve recorrido por la historia de la danza que responder\u00e1 a las preguntas \u00bfQu\u00e9 es la danza? \u00bfCu\u00e1ndo hay danza? Y otros cuestionamientos al respecto que probablemente le dejen al espectador m\u00e1s preguntas que respuestas.<\/p>\n<p>Este espect\u00e1culo final estar\u00e1 interpretado por Sabrina Cencic, Natalia Litre, Natalia Berges, Juan Jos\u00e9 Hair, Ary Pardal, Nahuel Casino Soto, Lu Fucci, Charito, y los protagonistas de la danza en si desde la creaci\u00f3n de la real academia.<br \/>\nLa voz en off y gr\u00e1fica estar\u00e1 a cargo de Ary Pardal; la edici\u00f3n de galer\u00edas de la mano de Fernando Rodr\u00edguez Stabile y los textos son de Natalia Litre, Ary Pardal y Luc\u00eda Fucci quien adem\u00e1s es la encargada de la direcci\u00f3n y ediciones.<\/p>\n<p>Toda la jornada tiene un costo de\u00a0 $1500 incluye todos los talleres y la funci\u00f3n, menos el de iniciaci\u00f3n a la danza que ser\u00e1 dictado \u00fanicamente para ni\u00f1os y tienen un costo de $500<\/p>\n<p>Detalles e inscripci\u00f3n <span style=\"font-weight: 400;\"> ingresando en\u00a0 <\/span> <span style=\"font-weight: 400;\"> <a href=\"https:\/\/bit.ly\/3aPFNZ6?fbclid=IwAR0aGOCU1BCTuBGFAukFhtrVjxeFuMhkLMWm-DI2I5lXyDSlccee0KXt9VQ\"> https:\/\/bit.ly\/3aPFNZ6<\/a><\/span><\/p>\n<p><b> M\u00e1s sobre Ecosistema Cultural<\/b><\/p>\n<p>Cabe resaltar que <strong> Ecosistema Cultural<\/strong>\u00a0surge desde la innovaci\u00f3n y el conocimiento, con la visi\u00f3n de ser el \u00fanico proyecto en el pa\u00eds que integra el arte, la lectura y la educaci\u00f3n para federalizar y democratizar la cultura en cada rinc\u00f3n de Argentina. En su esencia est\u00e1 trascender con el prop\u00f3sito de dar acceso a los productos culturales y de formaci\u00f3n a cada persona y organizaci\u00f3n, con el prop\u00f3sito de brindar a todos los artistas, editoriales, creativos, productores, escritores, investigadores y hacedores culturales la oportunidad de difundir y promover sus creaciones.<\/p>\n<p><strong>Ecosistema Cultural <\/strong> inaugur\u00f3 su primera tienda sustentable, en el emblem\u00e1tico Barrio Alberdi (Santa Rosa 1498 esquina Chubut) de C\u00f3rdoba, \u00abLa Docta\u00bb. Esta tienda, 100% sustentable, ecol\u00f3gica y vers\u00e1til, que se puede integrar a bares, espacios gastron\u00f3micos, identific\u00e1ndose con cada lugar donde se encuentre, se denomina \u00abcaja de tierra\u00bb, por su fuerza como punto de encuentro e inspiraci\u00f3n.<\/p>\n<p>Por otra parte, el concepto de ecosistema surge de la mixtura y variaci\u00f3n que se encuentra en el lugar, relacionando a todas las actividades que la cultura puede ofrecer. En este espacio se combinan tanto la lectura, como la educaci\u00f3n y el arte. La fusi\u00f3n de estas tres \u00e1reas es la primera experiencia de este tipo en el pa\u00eds. Pero no solo esta caracter\u00edstica lo vuelve interesante y novedoso, sino que tambi\u00e9n apostaron a la innovaci\u00f3n a trav\u00e9s de la tecnolog\u00eda, basado en un desarrollo sustentable, logrando una experiencia armoniosa para todo aquel que lo visite.<\/p>\n<p>La idea, es que el p\u00fablico que se acerque a esta esquina pueda encontrar un espacio de relajaci\u00f3n, donde nutrirse de la cultura en todos sus matrices, como as\u00ed tambi\u00e9n pueda disfrutar de un caf\u00e9 o un libro, intercambiando y vincul\u00e1ndose con otros. Buscan generar un microclima dentro de otro microclima donde permita revalorizar todos los aspectos de la cultura, la ecolog\u00eda, donde se tendr\u00e1 la posibilidad de disfrutar de las pinturas, de un libro, de un buen caf\u00e9, de buenos aromas.<\/p>\n<p>Es un proyecto que vienen pensando hace varios a\u00f1os, tiene sus ra\u00edces por el 2008. Es as\u00ed, que las ideas al respecto del mismo fueron mutando y renov\u00e1ndose.<br \/>\nTras varios a\u00f1os de trabajo, decidieron que el momento indicado para ser lanzado era durante plena pandemia.<\/p>\n<p>Adem\u00e1s de las tiendas f\u00edsicas, cuentan con una tienda virtual: https:\/\/ecosistemacultural.com\/. En ambas ofrecen un amplio cat\u00e1logo de libros, cuadros y artesan\u00edas de diferentes g\u00e9neros y caracter\u00edsticas generales, como tambi\u00e9n cursos de capacitaci\u00f3n y formaci\u00f3n profesional. El desaf\u00edo es superar los 50 mil t\u00edtulos.<\/p>\n<p><strong> Redes institucionales:<\/strong><br \/>\n<strong>Instagram<\/strong>: @ecosistemacultural<br \/>\n<strong>Facebook<\/strong>: ecosistema cultural<br \/>\n<strong>Twitter<\/strong>: EcoCulturalIa<br \/>\n<strong>Linkedin<\/strong>: ecosistema cultural<strong><br \/>\n<\/strong> <strong>Mail<\/strong>:\u00a0<a href=\"mailto:informes@ecosistemacultural.com\">informes@ecosistemacultural.com<\/a><\/p>\n<p><strong>Acerca de Identidad Argentina<\/strong><\/p>\n<p><strong>Identidad Argentina<\/strong> es una empresa nacional, dedicada a la Industria de la Innovaci\u00f3n y el Conocimiento, para el desarrollo, transformaci\u00f3n y crecimiento de las organizaciones privadas, p\u00fablicas y mixtas en Argentina, por medio de diversas alternativas de servicios y productos, en el \u00e1mbito de la Educaci\u00f3n, la Cultura, y la Econom\u00eda a trav\u00e9s de sus Unidades Estrat\u00e9gicas: <strong>Academia Identidad Argentina<\/strong>, <strong> Ecosistema Cultural<\/strong>, <strong>Desarrollo Organizacional <\/strong>e <strong>Innovaci\u00f3n en el Aprendizaje<\/strong>.<\/p>\n<p><em><u>\u00bfQui\u00e9nes somos?<\/u><\/em><\/p>\n<p>Fundada como una empresa nativa digital, el equipo de conducci\u00f3n y colaboradores, con experiencia y trayectoria en el \u00e1mbito educativo, acad\u00e9mico y profesional, se encuentra distribuido geogr\u00e1ficamente en el pa\u00eds. Asimismo, y creyendo en el esp\u00edritu colaborativo y sin\u00e9rgico de la Innovaci\u00f3n y el Conocimiento, para el desarrollo de las organizaciones y los ecosistemas locales donde se encuentran, distingue a <strong>Identidad Argentina<\/strong>:<\/p>\n<p><strong>Red de Partners y Expertos Estrat\u00e9gicos<\/strong>: Especialistas en las diversas \u00e1reas disciplinarias y profesionales, reconocidos nacional e internacionalmente.<\/p>\n<p><strong>Red de Nodos Estrat\u00e9gicos y L\u00edderes de Desarrollo Territorial en Argentina<\/strong>: Embajadores de la marca con experiencia y conocimiento local, esenciales para brindar un valor diferencial en todo el pa\u00eds.<\/p>\n<p><strong>Alianzas Estrat\u00e9gicas<\/strong>: son parte de organizaciones del sector, apostando a sinergia institucionales y la econom\u00eda colaborativa.<\/p>\n<p><u>Visi\u00f3n<\/u>: Ser usina de\u00a0soluciones integrales, inteligentes, para el Fortalecimiento Institucional y Desarrollo Territorial de las organizaciones en el Pa\u00eds, promoviendo su crecimiento sustentable, econ\u00f3mico e inclusivo.<\/p>\n<p><u>V<\/u><u>alores<\/u>: Federalismo, Innovaci\u00f3n, Institucionalidad.<\/p>\n<p>La propuesta de valor se apoya en los diversos servicios y productos que ofrecen a trav\u00e9s de:<\/p>\n<p><strong> Ecosistema Cultural<\/strong>: Con la misi\u00f3n de federalizar y democratizar el Arte, la Lectura, la Cultura y la Educaci\u00f3n en todo el pa\u00eds, ofrecen una variada propuesta cultural a trav\u00e9s de la Tienda Online <a href=\"http:\/\/www.ecosistemacultural.com\"> www.ecosistemacultural.com<\/a>, y la primera Tienda Sustentable, ubicada en C\u00f3rdoba Capital, La Docta, en una esquina Patrimonio Cultural, del emblem\u00e1tico Barrio Alberdi.<\/p>\n<p>Asimismo, y desde la Innovaci\u00f3n, esta unidad se dedica a la Promoci\u00f3n, Gesti\u00f3n y Producci\u00f3n Cultural, por medio de una atractiva y diversa agenda cultural online y presencial (desde la tienda sustentable) y proyectos como \u201cCaja de Tiempo\u201d, el club de lectura desarrollado junto a Por Qu\u00e9 Leer.<\/p>\n<p><strong>Academia Identidad Argentina<\/strong>: A trav\u00e9s de un propio Sistema Integral de Aprendizaje Virtual (InnovaVirtual), dise\u00f1an, producen y dictan m\u00e1s de 12 Programas de formaci\u00f3n profesional y desarrollo de competencias t\u00e9cnicas, vinculados a especializaciones y expertise de alta demanda en el mercado, basados en la Innovaci\u00f3n y el Conocimiento. Los mismos son 100% online, y est\u00e1n certificados por la <strong> C\u00e1mara Argentina para la Formaci\u00f3n Profesional y Capacitaci\u00f3n Laboral.<\/strong><\/p>\n<p><strong><em>InnovaVirtual<\/em><\/strong> propone una manera innovadora, inteligente, din\u00e1mica y accesible de incorporar los conocimientos, habilidades y experiencias, desde cualquier lugar del pa\u00eds y la regi\u00f3n.<\/p>\n<p><strong>Innovaci\u00f3n en el Aprendizaje: <\/strong>Para acompa\u00f1ar las necesidades de formaci\u00f3n, capacitaci\u00f3n, desarrollo de competencias y habilidades, y actualizaci\u00f3n profesional y t\u00e9cnica de las organizaciones y sus equipos, dise\u00f1an Programas de formaci\u00f3n a medida, robustas y a trav\u00e9s de la Red de Profesores y Expertos estrat\u00e9gicos en tem\u00e1ticas de Innovaci\u00f3n y Conocimiento. El modelo de aprendizaje que proponen, se basa en el conocimiento y experiencia individual, colectiva e inspiracional.<\/p>\n<p><strong>Desarrollo Organizacional<\/strong>: Brindan Consultor\u00eda y Asesoramiento profesional a todo tipo de organizaciones, a trav\u00e9s de una vasta Red de Expertos en \u00e1reas disciplinarias afines a la transformaci\u00f3n cultural y digital, gesti\u00f3n del talento humano, equipos de alto desempe\u00f1o, ciberseguridad, auditor\u00eda de procesos y sistemas, gesti\u00f3n de franquicias, posicionamiento de marca, gobierno abierto, y otras \u00e1reas relativas al conocimiento e innovaci\u00f3n.<\/p>\n<p><strong>Datos de contacto:<\/strong><br \/>\n<strong>Facebook<\/strong>: Identidad-Argentina<br \/>\n<strong>Instagram<\/strong>: @identidad.argentina<br \/>\n<strong>Spotify<\/strong> Identidad Argentina<br \/>\n<strong>Linkedin<\/strong>: Identidad Argentina<br \/>\n<strong>Twitter<\/strong>: IdentidadArgen2<br \/>\n<strong>Whatsapp<\/strong>: +54 911 5596 9538<br \/>\n<strong>Web:<\/strong> <a href=\"http:\/\/identidadargentina.com.ar\/\"> http:\/\/identidadargentina.com.ar\/<\/a><\/p>\n<p><strong>Los programas de Formaci\u00f3n de Identidad Argentina<\/strong><\/p>\n<p><strong>Academia IA<\/strong>, fundada sobre los cimientos de la Innovaci\u00f3n y el Conocimiento, tiene la <em>\u00abmisi\u00f3n de federalizar la formaci\u00f3n profesional en todo el territorio nacional, brindando respuesta a las nuevas necesidades de adquirir conocimientos, habilidades y pr\u00e1cticas, para el desarrollo profesional de individuos y el crecimiento de las organizaciones\u00bb<\/em>, sostiene Guillermo Su\u00e1rez. CEO de <strong> Identidad Argentina.\u00a0<\/strong><\/p>\n<p>En febrero inician los\u00a0cursos virtuales de\u00a0<strong>Academia Identidad Argentina <\/strong>de dos meses de duraci\u00f3n y con un innovador m\u00e9todo de cursada. Ya est\u00e1 abierta la inscripci\u00f3n para sumarse a los cursos sobre: <strong> Ciberseguridad, Herramientas Econ\u00f3micas orientadas a lo jur\u00eddico, Administraci\u00f3n y Gesti\u00f3n de Franquicias, Gesti\u00f3n de Equipos de Alto Rendimiento, Violencia de G\u00e9nero Digital, Secretos de la Escritura Creativa, Recursos Humanos 4.0, Productividad laboral y bienestar personal, y Herramientas de la actuaci\u00f3n para potenciar tu creatividad.<\/strong> Todos a cargo de Profesores con amplia y reconocida trayectoria a nivel nacional e internacional en su \u00e1rea de expertise.<\/p>\n<p>Toda la formaci\u00f3n y capacitaci\u00f3n se encuentra certificada por la C\u00e1mara Argentina de Formaci\u00f3n Profesional y Capacitaci\u00f3n Laboral.<\/p>\n<p>Es en los programas de formaci\u00f3n que cobra relevancia el propio sistema integral de aprendizaje virtual ideado por <strong>Identidad Argentina<\/strong> llamado <strong> InnovaVirtual.<\/strong><\/p>\n<p><strong>Acerca de InnovaVirtual<\/strong><\/p>\n<p>\u00ab<strong>InnovaVirtual\u00a0<\/strong>es nuestro sistema integral de Aprendizaje Virtual, que propone una manera innovadora, inteligente, din\u00e1mica y accesible de incorporar los conocimientos, habilidades y experiencias, desde cualquier lugar del pa\u00eds y la regi\u00f3n\u00bb, indican desde <strong>Identidad Argentina<\/strong>.<\/p>\n<p>Estos servicios estrat\u00e9gicos son:<\/p>\n<p><strong>Plataforma<\/strong>: Es una plataforma de aprendizaje dise\u00f1ada para proporcionarle a educadores, administradores y estudiantes un sistema integrado \u00fanico, robusto y seguro para crear ambientes de aprendizaje personalizados<\/p>\n<p><strong>Dise\u00f1o Instruccional: <\/strong>Asistencia en el dise\u00f1o o adaptabilidad de los programas de estudios al entorno virtual de acuerdo a los objetivos de aprendizaje y el desarrollo de competencias requeridas.<br \/>\nAtendiendo a las herramientas de mediaci\u00f3n did\u00e1ctica tales como aprendizaje por problemas, casos, proyectos, gamming, retos, prototipos, ensayos, retos, entre otros. La creaci\u00f3n de creaci\u00f3n de ambientes de aprendizajes activos y participativos y el dise\u00f1o de estrategias de evaluaci\u00f3n formativas y de proceso.<\/p>\n<p><strong>Producci\u00f3n de Contenidos:<\/strong> Asistencia en el dise\u00f1o, desarrollo y producci\u00f3n del material de estudio adapt\u00e1ndolo a los entornos virtuales y a cualquier dispositivo electr\u00f3nico.<\/p>\n<p><strong>Capacitaci\u00f3n:<\/strong><br \/>\nEntrenamiento al cuerpo Directivo, Docente y Colaboradores para la implemetaci\u00f3n y desarrollo del plan de estudios definido en entornos virtuales.<br \/>\nEntrenamiento a los participantes y alumno en la inducci\u00f3n a su aprendizaje mediado por tecnolog\u00eda.<\/p>\n<p><strong>Comunicaci\u00f3n<\/strong>:<br \/>\nAsesoramiento, implementaci\u00f3n y seguimiento de un plan de comunicaci\u00f3n adaptado al entorno virtual que permita la informaci\u00f3n, concientizaci\u00f3n, motivaci\u00f3n, fidelizaci\u00f3n y pertenencia de todos los actores involucrados en el Proceso de Ense\u00f1anza- Aprendizaje mediante los diferentes canales digitales disponibles.<\/p>\n<p><strong><em>Por otras im\u00e1genes, audios o entrevistas no dude en contactarse<\/em><\/strong><\/p>\n<p><strong><em>Todo el material de prensa en <a href=\"https:\/\/quasarcomunicacion.com.ar\/web\/identidadargentina\/\"> https:\/\/quasarcomunicacion.com.ar\/web\/identidadargentina\/<\/a> <\/em><\/strong><\/p>\n<p><strong><em> Contactos de Prensa<\/em><\/strong><\/p>\n<table width=\"100%\">\n<tbody>\n<tr>\n<td width=\"50%\"><strong> Mar\u00eda Bel\u00e9n Lillo<\/strong><strong> &#8211; Asistente de Cuentas<\/strong><\/p>\n<p><b> Directo<\/b><strong>: <\/strong> 0230-4664772<br \/>\n<b> Skype:<\/b> quasarcomunicacion<br \/>\n<b> Instagram<\/b>: @quasarcomunicacion<br \/>\n<b> Twitter:<\/b> @quasarpilar<br \/>\n<b> Gr<\/b><b>upo y p\u00e1gina en Facebook: <\/b> www.facebook.com\/<a href=\"mailto:mfipata@gmail.com\">Quasar<\/a>Comunicacion<br \/>\n<b> Web:<\/b> <a href=\"http:\/\/www.quasarcomunicacion.com.ar\"> www.quasarcomunicacion.com.ar<\/a><\/p>\n<p><b> Mail<\/b><strong>:<\/strong> <a href=\"mailto:fernanda@quasarcomunicacion.com.ar\"> asistente<\/a><a href=\"mailto:fernanda@quasarcomunicacion.com.ar\">@quasarcomunicacion.com.ar<\/a><\/td>\n<td width=\"50%\"><strong> Lic. Mar\u00eda Fernanda Ipata &#8211; Directora<br \/>\n<\/strong> <b><br \/>\n<\/b> <b> M\u00f3vil:<\/b> 0230-15-4584535<br \/>\n<b> Whatsapp<\/b><b>:<\/b><a href=\"https:\/\/bit.ly\/2J4cUvm\"> 11 5312 6795<\/a><br \/>\n<a href=\"https:\/\/bit.ly\/2Sn1zLP\"> Enviar whatsapp aqu\u00ed<\/a><br \/>\n<b> Skype:<\/b> quasarcomunicacion<br \/>\n<b> LinkedIn<\/b><strong>:\u00a0 <\/strong> <strong> <a href=\"http:\/\/www.linkedin.com\/in\/mfipata\"> http:\/\/www.linkedin.com\/in\/mfipata<\/a><\/strong><br \/>\n<a href=\"https:\/\/www.linkedin.com\/company\/quasarcomunicacion\"> https:\/\/www.linkedin.com\/company\/quasarcomunicacion<\/a><br \/>\n<b> Instagram y Facebook:<\/b> @quasarcomunicacion <b><br \/>\nWeb:<\/b> <a href=\"http:\/\/www.quasarcomunicacion.com.ar\"> www.quasarcomunicacion.com.ar<\/a><br \/>\n<b> Mail<\/b><strong>:<\/strong><a href=\"mailto:fernanda@quasarcomunicacion.com.ar\"> fernanda@quasarcomunicacion.com.ar<\/a><br \/>\n<b> Telegram: https:\/\/t.me\/QuasarComunicacion<\/b><br \/>\n<b> Canal de Telegram para acceder a comunicados:<\/b> https:\/\/t.me\/comunicadosQC<\/td>\n<\/tr>\n<\/tbody>\n<\/table>\n","protected":false},"excerpt":{"rendered":"<p>El pr\u00f3ximo s\u00e1bado 12 de junio de 11 a 20 hs, Ecosistema Cultural de Identidad Argentina organiza una Jornada de [&hellip;]<\/p>\n","protected":false},"author":2,"featured_media":10954,"comment_status":"open","ping_status":"open","sticky":false,"template":"","format":"standard","meta":[],"categories":[2],"tags":[],"_links":{"self":[{"href":"https:\/\/quasarcomunicacion.com.ar\/web\/wp-json\/wp\/v2\/posts\/10960"}],"collection":[{"href":"https:\/\/quasarcomunicacion.com.ar\/web\/wp-json\/wp\/v2\/posts"}],"about":[{"href":"https:\/\/quasarcomunicacion.com.ar\/web\/wp-json\/wp\/v2\/types\/post"}],"author":[{"embeddable":true,"href":"https:\/\/quasarcomunicacion.com.ar\/web\/wp-json\/wp\/v2\/users\/2"}],"replies":[{"embeddable":true,"href":"https:\/\/quasarcomunicacion.com.ar\/web\/wp-json\/wp\/v2\/comments?post=10960"}],"version-history":[{"count":3,"href":"https:\/\/quasarcomunicacion.com.ar\/web\/wp-json\/wp\/v2\/posts\/10960\/revisions"}],"predecessor-version":[{"id":10963,"href":"https:\/\/quasarcomunicacion.com.ar\/web\/wp-json\/wp\/v2\/posts\/10960\/revisions\/10963"}],"wp:featuredmedia":[{"embeddable":true,"href":"https:\/\/quasarcomunicacion.com.ar\/web\/wp-json\/wp\/v2\/media\/10954"}],"wp:attachment":[{"href":"https:\/\/quasarcomunicacion.com.ar\/web\/wp-json\/wp\/v2\/media?parent=10960"}],"wp:term":[{"taxonomy":"category","embeddable":true,"href":"https:\/\/quasarcomunicacion.com.ar\/web\/wp-json\/wp\/v2\/categories?post=10960"},{"taxonomy":"post_tag","embeddable":true,"href":"https:\/\/quasarcomunicacion.com.ar\/web\/wp-json\/wp\/v2\/tags?post=10960"}],"curies":[{"name":"wp","href":"https:\/\/api.w.org\/{rel}","templated":true}]}}