{"id":1096,"date":"2012-11-27T18:15:41","date_gmt":"2012-11-27T18:15:41","guid":{"rendered":"http:\/\/quasarcomunicacion.wordpress.com\/?p=1096"},"modified":"2012-11-27T18:15:41","modified_gmt":"2012-11-27T18:15:41","slug":"el-polo-educativo-pilar-cerro-el-ano-premiando-a-los-mejores-alumnos-y-al-educador-del-ano","status":"publish","type":"post","link":"https:\/\/quasarcomunicacion.com.ar\/web\/el-polo-educativo-pilar-cerro-el-ano-premiando-a-los-mejores-alumnos-y-al-educador-del-ano\/","title":{"rendered":"El Polo Educativo Pilar cerr\u00f3 el a\u00f1o premiando a los mejores alumnos y al Educador del A\u00f1o"},"content":{"rendered":"<p>Los protagonistas de esta nueva entrega de<b>Premios al M\u00e9rito<\/b>\u00a0del<b>\u00a0Polo Educativo Pilar<\/b>\u00a0estuvieron durante todo el acto sobre el escenario siendo el centro de la celebraci\u00f3n. All\u00ed, m\u00e1s de un centenar de alumnos de escuelas p\u00fablicas y privadas recibieron sus<b>Premios al M\u00e9rito<\/b>\u00a0en el Auditorio de la USAL. En la misma ocasi\u00f3n se premi\u00f3 a Valeria Macedo como la\u00a0<b>Educadora del A\u00f1o<\/b>\u00a0y se entregaron los diplomas a los alumnos participantes de la d\u00e9cima edici\u00f3n de la\u00a0<b>ExpoArte<\/b>2012 que permaneci\u00f3 abierta hasta el 30 de noviembre en Tortugas Open Mall.<!--more--><br \/>\n<img alt=\"\" src=\"http:\/\/www.quasarcomunicacion.com.ar\/poloeducativo\/2012\/premios.gif\" \/><br \/>\nDesde la conducci\u00f3n del evento aseguraron que \u00absta es la ceremonia m\u00e1s significativa para todos los que formamos este Polo Educativo Pilar. Este es un a\u00f1o muy especial para todos nosotros porque la instituci\u00f3n cumple 10 a\u00f1os de muchos sue\u00f1os, de muchos compromisos, con mucho trabajo\u00bb, dijeron.<br \/>\nA la vez que prosiguieron \u00abentre los logros est\u00e1n todos uds, nosotros buscamos ofrecerles algo mejor\u00bb.<br \/>\nDurante el acto, el Lic. Juan Ranwez, presidente del\u00a0<b>Polo Educativo Pilar<\/b>dirigi\u00f3 unas palabras agradeciendo a los presentes, \u00bb a trav\u00e9s de estos premios cumplimos con uno de nuestros objetivos, promocionar y desarrollar la educaci\u00f3n en el partido de Pilar a fin de lograr un nivel de excelencia \u00f3ptimo tanto en la escuela p\u00fablica y privada\u00bb.<br \/>\n\u00abEn este premio al m\u00e9rito, reconocemos a los mejores alumnos de la escuela secundaria, no s\u00f3lo a nivel acad\u00e9mico sino tambi\u00e9n como personas, relacionado con la formaci\u00f3n \u00e9tica del ciudadano y la consolidaci\u00f3n de los valores b\u00e1sicos\u00bb, dijo Ranwez.<br \/>\nRespecto de la entrega de los diplomas a los participantes de la Expo Arte 2012, Ranwez dijo que \u00abdistinguimos a estos alumnos, promocionando adem\u00e1s del enorme caudal de conocimiento y tecnolog\u00edas que el mundo actual exige, en la formaci\u00f3n de competencias creativas, la imaginaci\u00f3n y la capacidad de innovaci\u00f3n, originalidad\u00bb.<br \/>\n<b>El Educador del A\u00f1o: Valeria Macedo<\/b><br \/>\nPor cuarto a\u00f1o consecutivo se entreg\u00f3 el\u00a0<b>Premio al Educador del A\u00f1o<\/b>que es otorgado por el\u00a0<b>Polo Educativo Pilar<\/b>\u00a0con el fin de consagrar las buenas pr\u00e1cticas docentes, la profesionalizaci\u00f3n de la tarea diaria, el honrar la profesi\u00f3n y el ofrecer una capacitaci\u00f3n especial.<br \/>\nEn esta ocasi\u00f3n, el concurso fue abierto a los tres niveles de ense\u00f1anza y debi\u00f3 girar sobre Neurociencia y Motivaci\u00f3n.<br \/>\nLlegaron a la final tres docentes:\u00a0<b>Mar\u00eda In\u00e9s Macch<\/b>i que se present\u00f3 con el pseud\u00f3nimo de \u201cElsa Ber\u201d es Profesora de Ense\u00f1anza Primaria, Licenciada en Gesti\u00f3n de la Calidad Educativa de la Universidad del Salvador y Psic\u00f3loga Social de la Escuela Argentina de Psicolog\u00eda Social y actualmente se desempe\u00f1a como docente en el St. Matthew\u2019s College North.\u00a0<b>Valeria Macedo<\/b>, \u201cScarlett O\u201d, es Profesora Nacional de Ingl\u00e9s egresada del Instituto Nacional del Profesorado Joaqu\u00edn V. Gonz\u00e1lez.\u00a0 Posee el First Certificate in English, IGCSE First Language English, IGCSE English Literature, IGCSE Biology y IGCSE History todos de la Universidad de Cambridge y es docente del Bede\u2019s Grammar School. Por \u00faltimo,<b>Emiliano<\/b>\u00a0Villagra con el pseud\u00f3nimo \u201cFulco\u201d es Licenciado en Gesti\u00f3n Educativa con especializaci\u00f3n en Investigaci\u00f3n Educacional de la Universidad Nacional de Lan\u00fas, es Profesor Especializado en Ense\u00f1anza Media y Superior de Ciencias Antropol\u00f3gicas de la Facultad de Filosof\u00eda y Letras de la UBA y ejerce la docencia en el Godspell College<br \/>\nEl presidente del\u00a0<b>Polo Educativo,<\/b>\u00a0Juan Ranwez, dijo que \u00abentregamos el premio al educador del a\u00f1o, este ha sido seleccionado por un prestigioso jurado a base de los trabajos presentados tomando en cuenta el m\u00e9todo did\u00e1ctico e innovador, as\u00ed como el reconocimiento a la labor docente<br \/>\nEn esta oportunidad, la ganadora fue la docente Valeria Macedo, del Bede\u00b4s Grammar School, quien se suma a Karina Araceli Seifert, docente del Dailan School &amp; Sports (ganadora 2011), Mirta Frank (2010) y Mariela Laura Mellado (2009)<br \/>\nEl premio consiste en un viaje a Estados Unidos por dos semanas para interactuar con docentes de ese pa\u00eds y visitar escuelas a fin de compartir a su regreso la experiencia con el resto de los docentes.<br \/>\n<b>Expoarte<\/b><br \/>\nTambi\u00e9n se entregaron los certificados a los alumnos que participaron de la<b>Expoarte 2012\u00a0<\/b>\u00a0organizada por d\u00e9cimo a\u00f1o consecutivo por el\u00a0<b>Polo Educativo Pilar.\u00a0<\/b>Las obras en exposici\u00f3n podr\u00e1n visitarse hasta el 30 de noviembre en el Tortugas Open Mall. Participan alumnos de Nivel Inicial, Primaria y Secundaria de todas las escuelas y colegios de Pilar.<br \/>\nEste a\u00f1o participaron 19 colegios m\u00e1s tres escuelas invitadas, quienes presentaron 4 obras por instituci\u00f3n.<\/p>\n","protected":false},"excerpt":{"rendered":"<p>Los protagonistas de esta nueva entrega dePremios al M\u00e9rito\u00a0del\u00a0Polo Educativo Pilar\u00a0estuvieron durante todo el acto sobre el escenario siendo el [&hellip;]<\/p>\n","protected":false},"author":2,"featured_media":0,"comment_status":"open","ping_status":"open","sticky":false,"template":"","format":"standard","meta":[],"categories":[2],"tags":[],"_links":{"self":[{"href":"https:\/\/quasarcomunicacion.com.ar\/web\/wp-json\/wp\/v2\/posts\/1096"}],"collection":[{"href":"https:\/\/quasarcomunicacion.com.ar\/web\/wp-json\/wp\/v2\/posts"}],"about":[{"href":"https:\/\/quasarcomunicacion.com.ar\/web\/wp-json\/wp\/v2\/types\/post"}],"author":[{"embeddable":true,"href":"https:\/\/quasarcomunicacion.com.ar\/web\/wp-json\/wp\/v2\/users\/2"}],"replies":[{"embeddable":true,"href":"https:\/\/quasarcomunicacion.com.ar\/web\/wp-json\/wp\/v2\/comments?post=1096"}],"version-history":[{"count":0,"href":"https:\/\/quasarcomunicacion.com.ar\/web\/wp-json\/wp\/v2\/posts\/1096\/revisions"}],"wp:attachment":[{"href":"https:\/\/quasarcomunicacion.com.ar\/web\/wp-json\/wp\/v2\/media?parent=1096"}],"wp:term":[{"taxonomy":"category","embeddable":true,"href":"https:\/\/quasarcomunicacion.com.ar\/web\/wp-json\/wp\/v2\/categories?post=1096"},{"taxonomy":"post_tag","embeddable":true,"href":"https:\/\/quasarcomunicacion.com.ar\/web\/wp-json\/wp\/v2\/tags?post=1096"}],"curies":[{"name":"wp","href":"https:\/\/api.w.org\/{rel}","templated":true}]}}