{"id":10943,"date":"2021-04-28T13:45:42","date_gmt":"2021-04-28T13:45:42","guid":{"rendered":"https:\/\/quasarcomunicacion.com.ar\/web\/?p=10943"},"modified":"2021-04-28T13:45:42","modified_gmt":"2021-04-28T13:45:42","slug":"identidad-argentina-presento-a-sus-primeros-lideres-de-desarrollo-territorial-en-argentina","status":"publish","type":"post","link":"https:\/\/quasarcomunicacion.com.ar\/web\/identidad-argentina-presento-a-sus-primeros-lideres-de-desarrollo-territorial-en-argentina\/","title":{"rendered":"Identidad Argentina present\u00f3 a sus primeros \u00abL\u00edderes de Desarrollo Territorial en Argentina\u00bb"},"content":{"rendered":"<p><strong>Identidad Argentina<\/strong> realiz\u00f3 el Acto de colaci\u00f3n de sus primeros 18 l\u00edderes regionales con representantes de varias provincias del pa\u00eds, los cuales se capacitaron y certificaron en el marco del <strong>Programa L\u00edderes de Desarrollo Territorial en Argentina.<\/strong><!--more--><\/p>\n<p>La certificaci\u00f3n la lograron luego de participar de diversas instancias de Selecci\u00f3n, Capacitaci\u00f3n y finalmente Certificaci\u00f3n (procesos que comenzaron en febrero con 1273 postulantes de todo el pa\u00eds). Estos 18 profesionales formar\u00e1n parte de una <strong>Red de L\u00edderes de Identidad Argentina<\/strong>, con la misi\u00f3n de acercar, federalizar y democratizar la Innovaci\u00f3n, el Conocimiento, la Cultura, la Educaci\u00f3n y el Desarrollo en todo el pa\u00eds. La empresa adelant\u00f3 que lanzar\u00e1 una segunda convocatoria para el mes de agosto.<\/p>\n<p>El Acto tuvo lugar el pasado jueves 22 de abril, a las 18hs, y fue transmitido en vivo por el canal de Youtube de <strong>Identidad Argentina<\/strong>: <a href=\"https:\/\/www.youtube.com\/c\/IdentidadArgentina\"> https:\/\/www.youtube.com\/c\/IdentidadArgentina<\/a> donde qued\u00f3 grabado para volver a verse.<\/p>\n<p>Los j\u00f3venes que recibieron su certificado, en el marco de un emotivo acto institucional, al que asisti\u00f3 toda la comunidad de expertos, colaboradores, profesores, y organizaciones aliadas de<strong> Identidad Argentina<\/strong>, junto a amigos, familiares y sociedad en general, fueron: Noelia Anah\u00ed Lescano, docente de Concepci\u00f3n (Tucum\u00e1n); Mat\u00edas Scasso, Lic en Econom\u00eda de R\u00edo Cuarto (C\u00f3rdoba); Patricia Alejandra Saravia, profesora de EGB 1 y 2 de San Salvador de Jujuy (Jujuy); Julieta Gazzin, Arquitecta de Viedma (R\u00edo Negro); Julio Romero, Lic. en Ciencia Pol\u00edtica, especialista en Producci\u00f3n y An\u00e1lisis de Pol\u00edticas P\u00fablicas, doctorando en Administraci\u00f3n y Pol\u00edticas P\u00fablicas de C\u00f3rdoba capital (C\u00f3rdoba); Mar\u00eda Eugenia L\u00f3pez, Lic en Administraci\u00f3n, instructora, productora y profesora de m\u00fasica de General Rodr\u00edguez (Buenos Aires); Juan Carlos Guazzone, Lic. en Comunicaci\u00f3n Social de Comodoro Rivadavia (Chubut); Natalia Carolina Mart\u00ednez, Lic. en Gesti\u00f3n Ambiental de C\u00f3rdoba capital (oriunda de Jujuy); Magal\u00ed Clo\u00e9 Stemberg, Lic. y Prof. en Ciencias de la Educaci\u00f3n de CABA (Buenos Aires); Juan Pablo Millicay, Lic. En Sistemas de La Rioja Capital (La Rioja); Gloria Beatriz Gamboa, docente de Luis Guill\u00f3n (Buenos Aires); Paula Iris Figueroa, Lic. en Gesti\u00f3n de RRHH de Rosario de la Frontera (Salta); Florencia Schiebelbein, ingeniera Qu\u00edmica de Vicente L\u00f3pez (Buenos Aires); Federico Lozano, Lic. en Relaciones Internacionales de C\u00f3rdoba (C\u00f3rdoba); Julieta Luisina Carla Leyes, contadora P\u00fablica Nacional de Resistencia (Chaco); Agust\u00edn Daniel Rivarola, coach laboral y Scrum Master de R\u00edo Tercero (C\u00f3rdoba); Agostina Lara Rodr\u00edguez, Lic. Gesti\u00f3n Organizacional y RRHH de La Rioja Capital (La Rioja); Paola Plaza Medrano, Ingeniera Electromec\u00e1nica de Pico Truncado (Santa Cruz).<\/p>\n<p><a href=\"https:\/\/quasarcomunicacion.com.ar\/web\/wp-content\/uploads\/2021\/04\/lideresmapa.gif\"><img class=\"aligncenter\" src=\"https:\/\/quasarcomunicacion.com.ar\/web\/wp-content\/uploads\/2021\/04\/lideresmapa.gif\" \/><\/a><\/p>\n<p><em>\u201cHemos decidido hacer este acto porque uno de nuestros valores es la institucionalidad, creemos firmemente en la institucionalidad porque ello legitima, logra acuerdos, logra el respeto hacia el otro. Y aqu\u00ed asumimos con ustedes un compromiso social\u201d<\/em>, asegur\u00f3 el Mgter. Guillermo Su\u00e1rez, fundador y CEO de I<strong>dentidad Argentina.<\/strong><\/p>\n<p><em>\u201cEstamos convencidos que la innovaci\u00f3n es parte del poder mirar diferente, si queremos lograr resultados distintos como pa\u00eds tenemos que hacer acciones diferentes. Y si queremos hacer acciones diferentes nosotros tenemos que tener desde nuestro lugar una mirada y una disposici\u00f3n para el hacer diferente. Por eso este programa de l\u00edderes, para brindar herramientas a cada uno de uds para que formen parte de una red para hacer acciones distintas\u201d<\/em>, agreg\u00f3 Su\u00e1rez.<\/p>\n<p>Este ambicioso proyecto de <strong>Identidad Argentina<\/strong>, que se funda en sus valores de federalismo y desarrollo territorial, busca acompa\u00f1ar la profesionalizaci\u00f3n y el crecimiento de los ecosistemas locales, constituyendo adem\u00e1s, enormes posibilidades de empleabilidad. Este dato no es menor en un contexto tan complejo iniciado en el 2020 en el marco de la pandemia, que ha dejado a muchos profesionales por debajo de la l\u00ednea de pobreza, acentu\u00e1ndose esta realidad en el interior del pa\u00eds.<\/p>\n<p>El \u201c<strong>Programa de L\u00edderes de Desarrollo Territorial en Argentina\u201d<\/strong> nace con la impronta de: Federalizar la Innovaci\u00f3n, el Conocimiento y la Cultura en las Econom\u00edas Regionales; fortalecer las oportunidades de empleo locales; profesionalizar a los L\u00edderes en todo el pa\u00eds, a trav\u00e9s de capacitaciones certificadas, desarrollo de habilidades y competencias y otras alternativas de formaci\u00f3n y crecimiento; crear una red estrat\u00e9gica a lo largo de todo el territorio nacional, para la creaci\u00f3n colectiva de actividades, eventos, proyectos, entre otras acciones; acompa\u00f1ar y potenciar el crecimiento de individuos y organizaciones de todas las provincias de Argentina, desde el profesionalismo y expertise de sus propios actores locales, en el marco de un Programa que promueve la inclusi\u00f3n, la integraci\u00f3n y el federalismo.<\/p>\n<p>El objetivo de este novedoso programa de <strong>Identidad Argentina<\/strong>, con un alto impacto social, econ\u00f3mico y cultural, es formar y certificar en Argentina a profesionales capaces de gestionar, estrat\u00e9gicamente y con inteligencia territorial, la promoci\u00f3n de toda la oferta de la empresa acompa\u00f1ando el crecimiento de cada organizaci\u00f3n p\u00fablica y\/o privada en TODO EL PA\u00cdS.<\/p>\n<p><a href=\"https:\/\/quasarcomunicacion.com.ar\/web\/wp-content\/uploads\/2021\/04\/lideresoradores.gif\"><img class=\"aligncenter\" src=\"https:\/\/quasarcomunicacion.com.ar\/web\/wp-content\/uploads\/2021\/04\/lideresoradores.gif\" \/><\/a><\/p>\n<p><em>\u00abAl dise\u00f1ar este Programa global de nuestra organizaci\u00f3n, con alto compromiso federal, pens\u00e1bamos en cu\u00e1ntos profesionales estar\u00edan en b\u00fasqueda de una oportunidad de crecimiento profesional y econ\u00f3mico, especialmente involucrados en generar cambios y transformaciones positivas en sus econom\u00edas locales\u201d<\/em>, comenta la Lic. Aldana Rodr\u00edguez Vlk, Directora de Desarrollo Global de <strong>Identidad Argentina<\/strong>.<\/p>\n<p><em>\u201cLos invitamos a ser parte de un Programa inclusivo y federal, para trabajar en conjunto y sinergia, desde la Innovaci\u00f3n y el Conocimiento, sobre las necesidades puntuales de sus provincias y regiones, acompa\u00f1ando su liderazgo territorial, conocimiento y expertise locales\u201d,<\/em> contin\u00faa Rodr\u00edguez Vlk, quien estuvo a cargo del dise\u00f1o y conducci\u00f3n de este programa.<\/p>\n<p>Junto al conocimiento y experiencia local y regional de estos j\u00f3venes, la Capacitaci\u00f3n tuvo un importante lugar en el Programa.<\/p>\n<p>Los L\u00edderes llevaron adelante un entrenamiento intensivo de 3 semanas, a trav\u00e9s de <strong>Academia Identidad Argentina<\/strong>, en donde adquirieron conocimientos y competencias comunicacionales y comerciales, herramientas de autoliderazgo, trabajo en equipo y gesti\u00f3n del tiempo, como as\u00ed tambi\u00e9n instancias evaluativas pr\u00e1cticas, para planificar y construir en conjunto un plan de acci\u00f3n orientado el desarrollo de sus ciudades y regiones.<\/p>\n<p><em>\u201cEl Programa se dise\u00f1\u00f3 principalmente con el enfoque de promover y propiciar el desarrollo de competencias blandas, para afrontar los actuales desaf\u00edos de un entorno en constante cambio\u201d,<\/em> coment\u00f3 la Lic. Aldana Rodr\u00edguez Vlk.<\/p>\n<p>Asimismo, la <strong>Formaci\u00f3n de L\u00edderes de Desarrollo Territorial de Identidad Argentina<\/strong> tuvo por objetivo ayudarlos a identificar tanto en el sector p\u00fablico, social y privado, oportunidades de mejora y transformaci\u00f3n. Tambi\u00e9n, poder gestionar los v\u00ednculos, complementaci\u00f3n y fortalecimiento que existe en una estrategia de desarrollo local\/territorial y la econom\u00eda local, y c\u00f3mo se articulan estas estrategias dentro de una interfase con los diferentes actores locales.<\/p>\n<p><a href=\"https:\/\/quasarcomunicacion.com.ar\/web\/wp-content\/uploads\/2021\/04\/lideres1.gif\"><img class=\"aligncenter\" src=\"https:\/\/quasarcomunicacion.com.ar\/web\/wp-content\/uploads\/2021\/04\/lideres1.gif\" \/><\/a><\/p>\n<p><em>\u00abLa din\u00e1mica actual de un mundo en constante transformaci\u00f3n, y en particular sorprendidos por esta Pandemia Global, conlleva a pensar en nuevas formas de reflexi\u00f3n y de acci\u00f3n, aportando valor a la tarea y a las relaciones humanas, incluyendo la de uno mismo. Por tanto, se hace menester una formaci\u00f3n capaz de incorporar nuevas formas de ser, saber y saber hacer, conscientes y empoderados de devenir como actores protagonistas del cambio, cuidadosos del medio ambiente y de la construcci\u00f3n de relaciones humanas colaborativas y saludables que promuevan la convivencia respetuosa de las diferencias\u00bb,<\/em> agrega Mgter. Guillermo Su\u00e1rez, Fundador y CEO de <strong>Identidad Argentina.<\/strong><\/p>\n<p>Por parte de los primeros egresados, dirigi\u00f3 unas palabras Carolina Mart\u00ednez, ella es Lic. en Gesti\u00f3n Ambiental y se fue a C\u00f3rdoba capital a estudiar, siendo oriunda de Jujuy y como destac\u00f3 <em>\u201cyo siempre tengo presente las ra\u00edces, el amor por el lugar donde nac\u00ed, por esa realidad local\u201d<\/em>.<\/p>\n<p>Y respondi\u00f3 el \u00bfc\u00f3mo llegu\u00e9 hoy ac\u00e1?. <em>\u201cEn mi caso, me lleg\u00f3 la convocatoria a trav\u00e9s de las redes sociales y ah\u00ed algo vibr\u00f3 en mi con esa propuesta, me sent\u00ed identificada con algo que hab\u00eda en esa convocatoria e inici\u00e9 la postulaci\u00f3n. Cada etapa por la que pasamos fue muy enriquecedora y gratificante pasar cada instancia\u201d, <\/em>dijo Mart\u00ednez.<\/p>\n<p><em>\u201cC\u00f3mo l\u00edderes de desarrollo territorial tenemos un compromiso muy grande que formando parte de una red federal y respaldados por Identidad Argentina se nos abre una puerta llena de oportunidades para llevar a cada realidad local posibles soluciones que se adapten a problem\u00e1ticas reales\u201d,<\/em> finaliz\u00f3 la egresada.<\/p>\n<p><strong>SOBRE EL ACTO<\/strong><br \/>\nEl acto comenz\u00f3 con una banda de artistas nacionales, Dos M\u00e1s Uno, que dieron la bienvenida a todos los invitados al acto, Colaboradores, Expertos, Profesores, Aliados, Proveedores, Familias y Sociedad en general.<\/p>\n<p>En esa instancia fue el momento de las palabras de bienvenida a cargo de la Lic. Aldana Rodr\u00edguez Vlk, Directora de Desarrollo Global de Identidad Argentina, y el Mgter. Guillermo Su\u00e1rez, Fundador y CEO de Identidad Argentina.<\/p>\n<p>Luego, se invit\u00f3 a los Directores de las distintas unidades de Identidad Argentina a entregar los certificados. Sobre la pantalla se pudo ver a cada uno de los 18 L\u00edderes, recibiendo la certificaci\u00f3n tan esperada, junto a breves palabras de la Prof. Vanesa Alonso, Directora de Academia Identidad Argentina, la Lic. Jessica Elliott, Directora de Desarrollo Organizacional, la Lic. Luc\u00eda Dellagiovanna, Directora de Innovaci\u00f3n en el Aprendizaje, a Jorge Guajardo, Director de Ecosistema Cultural y al Lic. Luis Vucovich, Director de Gobierno Territorial, quien tambi\u00e9n fue parte de la conducci\u00f3n de este Programa.<\/p>\n<p>Sobre el final del acto, dirigi\u00f3 unas palabras una de los L\u00edderes, la Lic. Natalia Carolina Mart\u00ednez, desde C\u00f3rdoba capital (oriunda de Jujuy).<\/p>\n<p><strong>SOBRE LAS INSTANCIAS DEL PROGRAMA<\/strong><br \/>\n&#8211; Se inscribieron en el Programa, m\u00e1s de 1200 profesionales de todo el pa\u00eds, quienes atravesaron por distintas instancias de Selecci\u00f3n, Capacitaci\u00f3n y Certificaci\u00f3n.<br \/>\n&#8211; Se llev\u00f3 a cabo una Charla de sensibilizaci\u00f3n sobre el Programa.<br \/>\n&#8211; Tambi\u00e9n se realizaron entrevistas y encuentros individuales con los postulantes, para conocer de cerca sus aspiraciones, expectativas y potencialidades locales.<br \/>\n&#8211; Los preseleccionados llevaron adelante una capacitaci\u00f3n intensiva y robusta, a trav\u00e9s de la plataforma Innova Virtual de Academia Identidad Argentina, en diversas competencias comunicacionales, comerciales, de liderazgo y equipo, que dur\u00f3 2 semanas, m\u00e1s una tercera semana de realizaci\u00f3n de un Trabajo final, donde ellos construyeron un Plan de trabajo y acci\u00f3n orientado a identificar tanto en el sector p\u00fablico, social y privado, oportunidades de mejora y transformaci\u00f3n, pensar estrategias de fortalecimiento territorial y desarrollo cultural en cada una de sus provincias. El enfoque fue promover y propiciar el desarrollo de competencias blandas, para afrontar los actuales desaf\u00edos de un entorno en constante cambio.<\/p>\n<p>Al recordar las distintas etapas de la convocatoria y compartir con los asistentes al acto sobre los motivos por los cuales los L\u00edderes hab\u00edan elegido postularse, la Lic. Aldana Rodr\u00edguez Vlk, a cargo del proyecto, expres\u00f3 su alegr\u00eda y orgullo como empresa, de <em>\u201cratificar a\u00fan m\u00e1s el prop\u00f3sito del Programa, y de Identidad Argentina, al coincidir con m\u00e1s de 1200 profesionales argentinos y argentinas en el pa\u00eds, sobre la importancia de ser agentes de cambio, part\u00edcipes en una empresa dedicada a la industria de la innovaci\u00f3n y el conocimiento, de la educaci\u00f3n y la formaci\u00f3n permanente como motor de transformaci\u00f3n y crecimiento, de la diversidad, la inclusi\u00f3n y la integraci\u00f3n de las econom\u00edas regionales, de sus ganas de capacitarse y certificarse con orientaci\u00f3n al Liderazgo, y con todo, contribuir desarrollo social, cultural y econ\u00f3mico de nuestras diferentes regiones\u201d.<\/em><\/p>\n<p><strong>SOBRE EL ROL DEL L\u00cdDER DE DESARROLLO TERRITORIAL<\/strong><br \/>\nCon estos primeros l\u00edderes, <strong>Identidad Argentina<\/strong> busca convertir la idea de desarrollo territorial en una gu\u00eda para la acci\u00f3n colectiva humana. Y esto requiere de compromiso, sentido de pertenencia y despliegue de la organizaci\u00f3n y de los medios necesarios, para alcanzar los prop\u00f3sitos acordados.<\/p>\n<p>Si la declaraci\u00f3n de lo que es el desarrollo no se acompa\u00f1a de acciones que le sean consistentes, no pasar\u00e1 de ser una mera intenci\u00f3n o probablemente una buena teor\u00eda. En la construcci\u00f3n de este compromiso, el territorio desempe\u00f1a el papel de c\u00e9lula y escala b\u00e1sica, pilar de un andamiaje complejo, en donde han de ponerse en movimiento las m\u00e1s variadas escalas de la geograf\u00eda y de la acci\u00f3n humana.<\/p>\n<p>Desde <strong>Identidad Argentina <\/strong>aseguran que \u00aben la actualidad, y en el marco de procesos de estancamiento econ\u00f3mico (o retracci\u00f3n en algunos sectores) y p\u00e9rdida de empleo se observa una reinstalaci\u00f3n en la agenda local de la cuesti\u00f3n del desarrollo econ\u00f3mico local, que convive junto a nuevas tem\u00e1ticas como el gobierno abierto involucrando lo digital en el marco de las consecuencias por la Pandemia\u00bb.<\/p>\n<p>Y aqu\u00ed cobran importancia estos nuevos l\u00edderes que fueron formados y dotados de innovadoras herramientas para poder fomentar este desarrollo local que supone otras cuestiones adem\u00e1s de pensar en el territorio, y la m\u00e1s importante es entender el concepto de desarrollo como crecimiento econ\u00f3mico con impacto social, es decir, aquella actividad econ\u00f3mica que no s\u00f3lo motoriza el crecimiento econ\u00f3mico del lugar, sino que, al mismo tiempo, mejora las condiciones de vida mediante una mejor distribuci\u00f3n del excedente, que genere mejoras en los ingresos de la poblaci\u00f3n.<\/p>\n<p>El trabajo de estos nuevos l\u00edderes ser\u00e1 el de llevar el concepto de desarrollo local a sus comunidades. \u00ab<em>El desarrollo local como estrategia de crecimiento debe entenderse como la capacidad de llevar adelante un proyecto que considera y toma en cuenta las potencialidades territoriales, sociales, naturales, t\u00e9cnicas, econ\u00f3micas, institucionales y culturales de manera sustentable. Esto significa pensar \u00abdesde abajo\u00bb, teniendo en cuenta cu\u00e1les son los recursos disponibles para, de ese modo y en funci\u00f3n de los actores y potencialidades existentes, promover actividades socio-productivas\u00bb,<\/em> ampl\u00edan desde <strong>Identidad Argentina<\/strong>.<\/p>\n<p>En esa direcci\u00f3n, articular la din\u00e1mica local con la implementaci\u00f3n de un nuevo estilo de intervenci\u00f3n social es fundamental para el desarrollo integral. El objetivo es lograr una convergencia entre desarrollo local y pol\u00edticas sociales, laborales y productivas a partir de la din\u00e1mica propia de cada territorio. Se trata de pensar estrategias seg\u00fan lo local, lo regional o lo provincial que tengan un verdadero impacto sobre las personas, las familias y las comunidades.<\/p>\n<p>Esto se relaciona directamente con el concepto de desarrollo integral, donde el desarrollo humano, social y econ\u00f3mico se complementan en una estrategia que involucra a todos los sectores, para mejorar las oportunidades de acceso al empleo.<\/p>\n<p><em>\u00abHoy por hoy vemos la necesidad de buscar soluciones a la problem\u00e1tica de los desocupados y subocupados, y para todos los actores que se encuentran en la econom\u00eda informal y trabajan con reglas totalmente distintas a las de la econom\u00eda formal. Por otro lado, se debe articular con el sector privado porque no debe pensarse que la econom\u00eda formal y la informal constituyen circuitos separados\u00bb<\/em>, agregan desde <strong>Identidad Argentina<\/strong>.<\/p>\n<p>En la Argentina conviven la econom\u00eda formal y la informal (emprendedores, cuenta-propistas, quienes realizan \u00abchangas\u00bb) con poca articulaci\u00f3n. Es clave para planificar un desarrollo local sustentable trabajar con los dos modelos econ\u00f3micos, mediante la generaci\u00f3n de cadenas de valor en el marco de la econom\u00eda formal, para desarrollar circuitos, intercambios y articulaci\u00f3n con la informal.<\/p>\n<p>Por eso, cada l\u00edder ser\u00e1 en su comunidad:<\/p>\n<ul>\n<li>Dise\u00f1ador y principal responsable del espacio conversacional y de gesti\u00f3n institucional, comercial en su territorio logrando generar posibilidades y oportunidades de cambio y crecimiento.<\/li>\n<li>Agente de intervenci\u00f3n que, usando el poder de sus conversaciones, sea capaz de transformar realidades y paradigmas potenciando sus argumentos en la Innovaci\u00f3n y el Conocimiento<\/li>\n<li>Inspirador de Inspiradores a pensar diferente para lograr resultados distintos.<\/li>\n<li>Dise\u00f1ador de estrategia territorial basado en la Educaci\u00f3n, Cultura y Fortalecimiento Institucional a los fines de:<br \/>\no Gestionar los resultados.<br \/>\no Gestionar de procesos.<br \/>\no Pensar desde la Innovaci\u00f3n y aprendizaje.<br \/>\no Re-legitimar el error.<br \/>\no Implicarse en riesgos.<br \/>\no Disolver miedo y generar confianza localmente.<br \/>\no Fijar \u00abpisos\u00bb a partir de los cuales se permita que los resultados lo sorprendan.<br \/>\no Proveer espacios de \u00abautonom\u00eda responsable.<\/li>\n<\/ul>\n<p><strong>BENEFICIOS DE L\u00cdDERES<\/strong><br \/>\nOportunidad de crecimiento econ\u00f3mico y desarrollo profesional en la empresa.<br \/>\nFormar parte de una empresa nacional dedicada a la Innovaci\u00f3n y el Conocimiento.<br \/>\nPosibilidad de permanecer y desarrollarse en sus propias ciudades y regiones, siendo parte de una red de L\u00edderes de Desarrollo Territorial en Argentina.<br \/>\nConvertirse en un agente de Cambio y Transformaci\u00f3n en su comunidad, cooperando en su contexto social al desarrollo de las econom\u00edas locales, a la Democratizaci\u00f3n de la Educaci\u00f3n y al Crecimiento colectivo mediante Identidad Argentina.<br \/>\nPlan de Entrenamiento y Formaci\u00f3n continua: Capacitaci\u00f3n permanente en diversas \u00e1reas de expertise de Identidad Argentina, todas certificadas por Academia Identidad Argentina.<\/p>\n<p>Pod\u00e9s conocer m\u00e1s sobre el programa en https:\/\/landings.identidadargentina.com.ar\/lideres\/<\/p>\n<p><strong>Acerca de Identidad Argentina<\/strong><\/p>\n<p><strong>Identidad Argentina<\/strong> es una empresa nacional, dedicada a la Industria de la Innovaci\u00f3n y el Conocimiento, para el desarrollo, transformaci\u00f3n y crecimiento de las organizaciones privadas, p\u00fablicas y mixtas en Argentina, por medio de diversas alternativas de servicios y productos, en el \u00e1mbito de la Educaci\u00f3n, la Cultura, y la Econom\u00eda a trav\u00e9s de sus Unidades Estrat\u00e9gicas: <strong>Academia Identidad Argentina<\/strong>, <strong> Ecosistema Cultural<\/strong>, <strong>Desarrollo Organizacional <\/strong>e <strong>Innovaci\u00f3n en el Aprendizaje<\/strong>.<\/p>\n<p><em><u>\u00bfQui\u00e9nes somos?<\/u><\/em><\/p>\n<p>Fundada como una empresa nativa digital, el equipo de conducci\u00f3n y colaboradores, con experiencia y trayectoria en el \u00e1mbito educativo, acad\u00e9mico y profesional, se encuentra distribuido geogr\u00e1ficamente en el pa\u00eds. Asimismo, y creyendo en el esp\u00edritu colaborativo y sin\u00e9rgico de la Innovaci\u00f3n y el Conocimiento, para el desarrollo de las organizaciones y los ecosistemas locales donde se encuentran, distingue a <strong>Identidad Argentina<\/strong>:<\/p>\n<p><strong>Red de Partners y Expertos Estrat\u00e9gicos<\/strong>: Especialistas en las diversas \u00e1reas disciplinarias y profesionales, reconocidos nacional e internacionalmente.<\/p>\n<p><strong>Red de Nodos Estrat\u00e9gicos y L\u00edderes de Desarrollo Territorial en Argentina<\/strong>: Embajadores de la marca con experiencia y conocimiento local, esenciales para brindar un valor diferencial en todo el pa\u00eds.<\/p>\n<p><strong>Alianzas Estrat\u00e9gicas<\/strong>: son parte de organizaciones del sector, apostando a sinergia institucionales y la econom\u00eda colaborativa.<\/p>\n<p><u>Visi\u00f3n<\/u>: Ser usina de\u00a0soluciones integrales, inteligentes, para el Fortalecimiento Institucional y Desarrollo Territorial de las organizaciones en el Pa\u00eds, promoviendo su crecimiento sustentable, econ\u00f3mico e inclusivo.<\/p>\n<p><u>V<\/u><u>alores<\/u>: Federalismo, Innovaci\u00f3n, Institucionalidad.<\/p>\n<p>La propuesta de valor se apoya en los diversos servicios y productos que ofrecen a trav\u00e9s de:<\/p>\n<p><strong> Ecosistema Cultural<\/strong>: Con la misi\u00f3n de federalizar y democratizar el Arte, la Lectura, la Cultura y la Educaci\u00f3n en todo el pa\u00eds, ofrecen una variada propuesta cultural a trav\u00e9s de la Tienda Online <a href=\"http:\/\/www.ecosistemacultural.com\"> www.ecosistemacultural.com<\/a>, y la primera Tienda Sustentable, ubicada en C\u00f3rdoba Capital, La Docta, en una esquina Patrimonio Cultural, del emblem\u00e1tico Barrio Alberdi.<\/p>\n<p>Asimismo, y desde la Innovaci\u00f3n, esta unidad se dedica a la Promoci\u00f3n, Gesti\u00f3n y Producci\u00f3n Cultural, por medio de una atractiva y diversa agenda cultural online y presencial (desde la tienda sustentable) y proyectos como \u201cCaja de Tiempo\u201d, el club de lectura desarrollado junto a Por Qu\u00e9 Leer.<\/p>\n<p><strong>Academia Identidad Argentina<\/strong>: A trav\u00e9s de un propio Sistema Integral de Aprendizaje Virtual (InnovaVirtual), dise\u00f1an, producen y dictan m\u00e1s de 12 Programas de formaci\u00f3n profesional y desarrollo de competencias t\u00e9cnicas, vinculados a especializaciones y expertise de alta demanda en el mercado, basados en la Innovaci\u00f3n y el Conocimiento. Los mismos son 100% online, y est\u00e1n certificados por la <strong> C\u00e1mara Argentina para la Formaci\u00f3n Profesional y Capacitaci\u00f3n Laboral.<\/strong><\/p>\n<p><strong><em>InnovaVirtual<\/em><\/strong> propone una manera innovadora, inteligente, din\u00e1mica y accesible de incorporar los conocimientos, habilidades y experiencias, desde cualquier lugar del pa\u00eds y la regi\u00f3n.<\/p>\n<p><strong>Innovaci\u00f3n en el Aprendizaje: <\/strong>Para acompa\u00f1ar las necesidades de formaci\u00f3n, capacitaci\u00f3n, desarrollo de competencias y habilidades, y actualizaci\u00f3n profesional y t\u00e9cnica de las organizaciones y sus equipos, dise\u00f1an Programas de formaci\u00f3n a medida, robustas y a trav\u00e9s de la Red de Profesores y Expertos estrat\u00e9gicos en tem\u00e1ticas de Innovaci\u00f3n y Conocimiento. El modelo de aprendizaje que proponen, se basa en el conocimiento y experiencia individual, colectiva e inspiracional.<\/p>\n<p><strong>Desarrollo Organizacional<\/strong>: Brindan Consultor\u00eda y Asesoramiento profesional a todo tipo de organizaciones, a trav\u00e9s de una vasta Red de Expertos en \u00e1reas disciplinarias afines a la transformaci\u00f3n cultural y digital, gesti\u00f3n del talento humano, equipos de alto desempe\u00f1o, ciberseguridad, auditor\u00eda de procesos y sistemas, gesti\u00f3n de franquicias, posicionamiento de marca, gobierno abierto, y otras \u00e1reas relativas al conocimiento e innovaci\u00f3n.<\/p>\n<p><strong>Datos de contacto:<\/strong><br \/>\n<strong>Facebook<\/strong>: Identidad-Argentina<br \/>\n<strong>Instagram<\/strong>: @identidad.argentina<br \/>\n<strong>Spotify<\/strong> Identidad Argentina<br \/>\n<strong>Linkedin<\/strong>: Identidad Argentina<br \/>\n<strong>Twitter<\/strong>: IdentidadArgen2<br \/>\n<strong>Whatsapp<\/strong>: +54 911 5596 9538<br \/>\n<strong>Web:<\/strong> <a href=\"http:\/\/identidadargentina.com.ar\/\"> http:\/\/identidadargentina.com.ar\/<\/a><\/p>\n<p><strong>Los programas de Formaci\u00f3n de Identidad Argentina<\/strong><\/p>\n<p><strong>Academia IA<\/strong>, fundada sobre los cimientos de la Innovaci\u00f3n y el Conocimiento, tiene la <em>\u00abmisi\u00f3n de federalizar la formaci\u00f3n profesional en todo el territorio nacional, brindando respuesta a las nuevas necesidades de adquirir conocimientos, habilidades y pr\u00e1cticas, para el desarrollo profesional de individuos y el crecimiento de las organizaciones\u00bb<\/em>, sostiene Guillermo Su\u00e1rez. CEO de <strong> Identidad Argentina.\u00a0<\/strong><\/p>\n<p>En febrero inician los\u00a0cursos virtuales de\u00a0<strong>Academia Identidad Argentina <\/strong>de dos meses de duraci\u00f3n y con un innovador m\u00e9todo de cursada. Ya est\u00e1 abierta la inscripci\u00f3n para sumarse a los cursos sobre: <strong> Ciberseguridad, Herramientas Econ\u00f3micas orientadas a lo jur\u00eddico, Administraci\u00f3n y Gesti\u00f3n de Franquicias, Gesti\u00f3n de Equipos de Alto Rendimiento, Violencia de G\u00e9nero Digital, Secretos de la Escritura Creativa, Recursos Humanos 4.0, Productividad laboral y bienestar personal, y Herramientas de la actuaci\u00f3n para potenciar tu creatividad.<\/strong> Todos a cargo de Profesores con amplia y reconocida trayectoria a nivel nacional e internacional en su \u00e1rea de expertise.<\/p>\n<p>Toda la formaci\u00f3n y capacitaci\u00f3n se encuentra certificada por la C\u00e1mara Argentina de Formaci\u00f3n Profesional y Capacitaci\u00f3n Laboral.<\/p>\n<p>Es en los programas de formaci\u00f3n que cobra relevancia el propio sistema integral de aprendizaje virtual ideado por <strong>Identidad Argentina<\/strong> llamado <strong> InnovaVirtual.<\/strong><\/p>\n<p><strong>Acerca de InnovaVirtual<\/strong><\/p>\n<p>\u00ab<strong>InnovaVirtual\u00a0<\/strong>es nuestro sistema integral de Aprendizaje Virtual, que propone una manera innovadora, inteligente, din\u00e1mica y accesible de incorporar los conocimientos, habilidades y experiencias, desde cualquier lugar del pa\u00eds y la regi\u00f3n\u00bb, indican desde <strong>Identidad Argentina<\/strong>.<\/p>\n<p>Estos servicios estrat\u00e9gicos son:<\/p>\n<p><strong>Plataforma<\/strong>: Es una plataforma de aprendizaje dise\u00f1ada para proporcionarle a educadores, administradores y estudiantes un sistema integrado \u00fanico, robusto y seguro para crear ambientes de aprendizaje personalizados<\/p>\n<p><strong>Dise\u00f1o Instruccional: <\/strong>Asistencia en el dise\u00f1o o adaptabilidad de los programas de estudios al entorno virtual de acuerdo a los objetivos de aprendizaje y el desarrollo de competencias requeridas.<br \/>\nAtendiendo a las herramientas de mediaci\u00f3n did\u00e1ctica tales como aprendizaje por problemas, casos, proyectos, gamming, retos, prototipos, ensayos, retos, entre otros. La creaci\u00f3n de creaci\u00f3n de ambientes de aprendizajes activos y participativos y el dise\u00f1o de estrategias de evaluaci\u00f3n formativas y de proceso.<\/p>\n<p><strong>Producci\u00f3n de Contenidos:<\/strong> Asistencia en el dise\u00f1o, desarrollo y producci\u00f3n del material de estudio adapt\u00e1ndolo a los entornos virtuales y a cualquier dispositivo electr\u00f3nico.<\/p>\n<p><strong>Capacitaci\u00f3n:<\/strong><br \/>\nEntrenamiento al cuerpo Directivo, Docente y Colaboradores para la implemetaci\u00f3n y desarrollo del plan de estudios definido en entornos virtuales.<br \/>\nEntrenamiento a los participantes y alumno en la inducci\u00f3n a su aprendizaje mediado por tecnolog\u00eda.<\/p>\n<p><strong>Comunicaci\u00f3n<\/strong>:<br \/>\nAsesoramiento, implementaci\u00f3n y seguimiento de un plan de comunicaci\u00f3n adaptado al entorno virtual que permita la informaci\u00f3n, concientizaci\u00f3n, motivaci\u00f3n, fidelizaci\u00f3n y pertenencia de todos los actores involucrados en el Proceso de Ense\u00f1anza- Aprendizaje mediante los diferentes canales digitales disponibles.<\/p>\n<p><strong><em>Por otras im\u00e1genes, audios o entrevistas no dude en contactarse<\/em><\/strong><\/p>\n<p><strong><em> Contactos de Prensa<\/em><\/strong><\/p>\n<table width=\"100%\">\n<tbody>\n<tr>\n<td width=\"50%\"><strong> Candela Villanueva &#8211; Asistente de Cuentas<\/p>\n<p><\/strong> <b> Directo<\/b><strong>: <\/strong> 0230-4664772<br \/>\n<b> Skype:<\/b> quasarcomunicacion<br \/>\n<b> Instagram<\/b>: @quasarcomunicacion<br \/>\n<b> Twitter:<\/b> @quasarpilar<br \/>\n<b> Gr<\/b><b>upo y p\u00e1gina en Facebook: <\/b> www.facebook.com\/<a href=\"mailto:mfipata@gmail.com\">Quasar<\/a>Comunicacion<br \/>\n<b> Web:<\/b> <a href=\"http:\/\/www.quasarcomunicacion.com.ar\"> www.quasarcomunicacion.com.ar<\/a><\/p>\n<p><b> Mail<\/b><strong>:<\/strong> <a href=\"mailto:fernanda@quasarcomunicacion.com.ar\"> candela<\/a><a href=\"mailto:fernanda@quasarcomunicacion.com.ar\">@quasarcomunicacion.com.ar<\/a><\/td>\n<td width=\"50%\"><strong> Lic. Mar\u00eda Fernanda Ipata &#8211; Directora<br \/>\n<\/strong> <b><br \/>\n<\/b> <b> M\u00f3vil:<\/b> 0230-15-4584535<br \/>\n<b> Whatsapp<\/b><b>:<\/b><a href=\"https:\/\/bit.ly\/2J4cUvm\"> 11 5312 6795<\/a><br \/>\n<a href=\"https:\/\/bit.ly\/2Sn1zLP\"> Enviar whatsapp aqu\u00ed<\/a><br \/>\n<b> Skype:<\/b> quasarcomunicacion<br \/>\n<b> LinkedIn<\/b><strong>:\u00a0 <\/strong> <strong> <a href=\"http:\/\/www.linkedin.com\/in\/mfipata\"> http:\/\/www.linkedin.com\/in\/mfipata<\/a><\/strong><br \/>\n<a href=\"https:\/\/www.linkedin.com\/company\/quasarcomunicacion\"> https:\/\/www.linkedin.com\/company\/quasarcomunicacion<\/a><br \/>\n<b> Instagram y Facebook:<\/b> @quasarcomunicacion <b><br \/>\nWeb:<\/b> <a href=\"http:\/\/www.quasarcomunicacion.com.ar\"> www.quasarcomunicacion.com.ar<\/a><br \/>\n<b> Mail<\/b><strong>:<\/strong><a href=\"mailto:fernanda@quasarcomunicacion.com.ar\"> fernanda@quasarcomunicacion.com.ar<\/a><br \/>\n<b> Canal de Telegram para acceder a comunicados:<\/b> https:\/\/t.me\/comunicadosQC<\/td>\n<\/tr>\n<\/tbody>\n<\/table>\n","protected":false},"excerpt":{"rendered":"<p>Identidad Argentina realiz\u00f3 el Acto de colaci\u00f3n de sus primeros 18 l\u00edderes regionales con representantes de varias provincias del pa\u00eds, [&hellip;]<\/p>\n","protected":false},"author":2,"featured_media":10942,"comment_status":"open","ping_status":"open","sticky":false,"template":"","format":"standard","meta":[],"categories":[2],"tags":[],"_links":{"self":[{"href":"https:\/\/quasarcomunicacion.com.ar\/web\/wp-json\/wp\/v2\/posts\/10943"}],"collection":[{"href":"https:\/\/quasarcomunicacion.com.ar\/web\/wp-json\/wp\/v2\/posts"}],"about":[{"href":"https:\/\/quasarcomunicacion.com.ar\/web\/wp-json\/wp\/v2\/types\/post"}],"author":[{"embeddable":true,"href":"https:\/\/quasarcomunicacion.com.ar\/web\/wp-json\/wp\/v2\/users\/2"}],"replies":[{"embeddable":true,"href":"https:\/\/quasarcomunicacion.com.ar\/web\/wp-json\/wp\/v2\/comments?post=10943"}],"version-history":[{"count":1,"href":"https:\/\/quasarcomunicacion.com.ar\/web\/wp-json\/wp\/v2\/posts\/10943\/revisions"}],"predecessor-version":[{"id":10944,"href":"https:\/\/quasarcomunicacion.com.ar\/web\/wp-json\/wp\/v2\/posts\/10943\/revisions\/10944"}],"wp:featuredmedia":[{"embeddable":true,"href":"https:\/\/quasarcomunicacion.com.ar\/web\/wp-json\/wp\/v2\/media\/10942"}],"wp:attachment":[{"href":"https:\/\/quasarcomunicacion.com.ar\/web\/wp-json\/wp\/v2\/media?parent=10943"}],"wp:term":[{"taxonomy":"category","embeddable":true,"href":"https:\/\/quasarcomunicacion.com.ar\/web\/wp-json\/wp\/v2\/categories?post=10943"},{"taxonomy":"post_tag","embeddable":true,"href":"https:\/\/quasarcomunicacion.com.ar\/web\/wp-json\/wp\/v2\/tags?post=10943"}],"curies":[{"name":"wp","href":"https:\/\/api.w.org\/{rel}","templated":true}]}}