{"id":1092,"date":"2012-11-27T17:45:11","date_gmt":"2012-11-27T17:45:11","guid":{"rendered":"http:\/\/quasarcomunicacion.wordpress.com\/?p=1092"},"modified":"2012-11-27T17:45:11","modified_gmt":"2012-11-27T17:45:11","slug":"se-viene-pilar-de-feria-navidad-2012","status":"publish","type":"post","link":"https:\/\/quasarcomunicacion.com.ar\/web\/se-viene-pilar-de-feria-navidad-2012\/","title":{"rendered":"Se viene Pilar de Feria NAVIDAD 2012"},"content":{"rendered":"<p><span style=\"font-family:Verdana;font-size:small;\">El pr\u00f3ximo s\u00e1bado 8 de diciembre de 16 a 20 hs se realizar\u00e1 una nueva edici\u00f3n de PILAR DE FERIA NAVIDAD 2012 para que los vecinos de la zona adquieran sus regalos para estas fiestas a precios especiales directamente al emprendedor.<!--more--><\/span><br \/>\n<span style=\"font-family:Verdana;font-size:small;\"><img loading=\"lazy\" class=\"aligncenter\" alt=\"\" src=\"http:\/\/www.quasarcomunicacion.com.ar\/pilardeferia\/2012\/feriapp3.gif\" height=\"375\" width=\"500\" \/><\/span><br \/>\n<span style=\"font-family:Verdana;font-size:small;\">La cita es en Estanislao L\u00f3pez (ex ruta Ruta 8) N\u00ba 446, entre Ituzaing\u00f3 y Tratado del Pilar (ruta 25) a media cuadra del Autom\u00f3vil Club (ACA). Para los que vienen por Panamericana es altura Km 54 de ramal Pilar (bajada Mc Donald`s)<\/span><br \/>\n<span style=\"font-family:Verdana;font-size:small;\">Para m\u00e1s informaci\u00f3n pueden ingresar en www.facebook.com\/pilardeferia o www.pilardeferia.com.ar, enviar un mail a info@pilardeferia.com.ar o comunicarse telef\u00f3nicamente al\u00a0\u00a0<img alt=\"\" src=\"\/\/lifbcibllhkdhoafpjfnlhfpfgnpldfl\/numbers_button_skype_logo.png\" \/>0230-4664772\u00a0\/ 011-15-6742-7635 \/ ID 558*3763<\/span><br \/>\n<span style=\"font-family:Verdana;font-size:small;\">La entrada es libre y gratuita y como en cada ocasi\u00f3n habr\u00e1 actividades para toda la familia.<\/span><br \/>\n<img loading=\"lazy\" class=\"aligncenter\" alt=\"\" src=\"http:\/\/www.quasarcomunicacion.com.ar\/pilardeferia\/2012\/navidad.gif\" height=\"345\" width=\"500\" \/><br \/>\n<span style=\"font-family:Verdana;font-size:small;\">Tambi\u00e9n, un perfil solidario: el Hogar San Cayetano de Pilar montar\u00e1 un sector art\u00edstico para los m\u00e1s chicos y brindar\u00e1 un taller de decoraci\u00f3n de cupcakes navide\u00f1os a la vez que ofrecer\u00e1 su tradicional Feria del plato a beneficio de la instituci\u00f3n.<\/span><br \/>\n<span style=\"font-family:Verdana;font-size:small;\">Adem\u00e1s, podr\u00e1n comprar los ladrillos del muro solidario que el Club de Leones de Pilar mont\u00f3 par ayudar al Hogar.<\/span><br \/>\n<img loading=\"lazy\" class=\"alignright\" alt=\"\" src=\"http:\/\/www.quasarcomunicacion.com.ar\/pilardeferia\/2012\/feriapp4.gif\" height=\"225\" width=\"300\" \/><span style=\"font-family:Verdana;font-size:small;\">Como en cada ocasi\u00f3n, la m\u00fasica tendr\u00e1 su espacio. La feria comenzar\u00e1 con la actuaci\u00f3n de Tarttaruga y un show de baile para cerrar con la actuaci\u00f3n de Paula Torres y su conjunto.<\/span><br \/>\n<span style=\"font-family:Verdana;font-size:small;\">No se suspende por lluvia, espacio cubierto. Promociones exclusivas y sorteos entre los asistentes<\/span><br \/>\n<span style=\"font-family:Verdana;font-size:small;\">Es de destacar que Pilar de Feria recibi\u00f3 el reconocimiento de Inter\u00e9s Municipal.<\/span><br \/>\n<span style=\"font-family:Verdana;font-size:small;\">Cabe destacar que<\/span>\u00a0<span style=\"font-family:Verdana;font-size:small;\"><b>Pilar de Feria\u00a0<\/b>es un evento tem\u00e1tico que se realiza de forma peri\u00f3dica tendiente a la promoci\u00f3n de productos de emprendedores, artesanos y artistas de la zona. El mismo siempre es con entrada libre y gratuita para toda la comunidad, fomentando adem\u00e1s actividades culturales y deportivas de vecinos de la zona.<\/span><br \/>\n<img loading=\"lazy\" class=\"alignleft\" alt=\"\" src=\"http:\/\/www.quasarcomunicacion.com.ar\/pilardeferia\/2012\/declaracion.gif\" height=\"263\" width=\"300\" \/><span style=\"font-family:Verdana;font-size:small;\">A tan solo un a\u00f1o de su creaci\u00f3n, ya se desarrollaron 4 ediciones de la Feria para Emprendedores: Pilar de Feria Edici\u00f3n Navidad, Edici\u00f3n Verano, Edici\u00f3n de Shopping y D\u00eda de la Madre<\/span><br \/>\n&nbsp;<br \/>\n<span style=\"font-family:Verdana;font-size:small;\">En cada oportunidad se le da al evento un tinte solidario realizando actividades a beneficio o bien permitiendo la exhibici\u00f3n de emprendedores de instituciones de la zona o bien la difusi\u00f3n y promoci\u00f3n de su trabajo.<\/span><br \/>\n<span style=\"font-family:Verdana;font-size:small;\">\u00abCada d\u00eda surgen m\u00e1s microemprendedores que necesitan volver al mercado formal para poder tener una alternativa laboral.\u00a0 Muchos de ellos son sost\u00e9n de familia ya que en su gran mayor\u00eda, son mujeres que realizan alguna artesan\u00eda o desarrollan alg\u00fan talento propio. Ellos no tienen un lugar donde exponer y vender su producto o servicio y llegar de esta forma al p\u00fablico consumidor que les permita un ingreso extra o principal de dinero a la familia\u00bb, indican desde la organizaci\u00f3n.<\/span><br \/>\n<b><span style=\"font-family:Verdana;font-size:small;\">Beneficios de Pilar de Feria para el P\u00daBLICO EN GENERAL<\/span><\/b><br \/>\n<span style=\"font-family:Verdana;font-size:small;\">\uf0d8 Brinda a la comunidad de Pilar y alrededores un espacio para comprar directamente al productor\/artesano Sin intermediarios<br \/>\n\uf0d8 Se convierte en un paseo gratuito para la familia ya que siempre se brindan shows, demostraciones, degustaciones, actividades SIEMPRE SIN CARGO. Tanto el ingreso como las actividades son GRATUITAS<br \/>\n\uf0d8 Se adquieren productos a precios bajos ya que se los compran directamente al productor<br \/>\n\uf0d8 Se conocen nuevas propuestas<br \/>\n\uf0d8 M\u00e1s all\u00e1 del evento puntual de la feria, se brindan capacitaciones GRATUITAS abiertas a toda la poblaci\u00f3n sobre Marketing y Publicidad, Marketing Ferial, y dem\u00e1s charlas brindadas por especialistas y de inter\u00e9s de los emprendedores y la poblaci\u00f3n en su conjunto<\/span><br \/>\n<span style=\"font-family:Verdana;font-size:small;\"><b>Beneficios para los EMPRENDEDORES\/FERIANTES<\/b><\/span><br \/>\n<span style=\"font-family:Verdana;font-size:small;\">\uf0d8 Se brinda un espacio en sitios de relevancia a un muy bajo costo (el stand tiene un costo simb\u00f3lico, para pagar los gastos de la organizaci\u00f3n y el lugar donde se realiza)<br \/>\n\uf0d8 Se permite al emprendedor exhibir sus productos y servicios y llegar a un p\u00fablico objetivo<br \/>\n\uf0d8 Siempre hay un espacio solidario (una instituci\u00f3n se beneficia con alguna actividad e incluso se le ofrece stand sin cargo para vender sus productos)<br \/>\n\uf0d8 Reciben capacitaci\u00f3n espec\u00edfica absolutamente sin cargo<br \/>\n\uf0d8 Se ofrecen herramientas gratuitas de difusi\u00f3n de sus productos antes, durante y despu\u00e9s de la feria<br \/>\n\uf0d8 Reciben asesoramiento profesional gratuito para mejorar su emprendimiento<br \/>\n\uf0d8 Se los contacta con empresas que le pueden brindar un servicio adicional. Por ejemplo, a todos los participantes se los est\u00e1 acercando a Provincia Microempresas, una empresa del Banco Provincia, para que puedan obtener cr\u00e9ditos a muy bajo costo<br \/>\n\uf0d8 Se acompa\u00f1a al emprendedor a seguir adelante con su emprendimiento a trav\u00e9s de un coaching personalizado en cada caso<br \/>\n\uf0d8 Se los contacta con instituciones que trabajan con emprendedores como INICIA y Fundaci\u00f3n Proyecto Emprender, entre otras<br \/>\n\uf0d8 Se fomentan alianzas entre los emprendedores para conseguir que estrat\u00e9gicamente asociados puedan continuar con su proyecto<br \/>\n\uf0d8 Los emprendedores de la zona tienen un lugar de encuentro, de difusi\u00f3n, de conocimiento<br \/>\n\uf0d8 Se les ofrece un espacio virtual donde compartir sus logros tanto en las redes sociales con las fan page\u00a0<a href=\"http:\/\/www.facebook.com\/pilardeferia\">www.facebook.com\/pilardeferia<\/a>\u00a0 o con el grupo Emprender HOY. Adem\u00e1s, se les brinda espacio en los sitios<a href=\"http:\/\/www.pilardeferia.com.ar\/\">www.pilardeferia.com.ar<\/a>\u00a0 o\u00a0<a href=\"http:\/\/www.emprenderhoy.com.ar\/\">www.emprenderhoy.com.ar<\/a><\/span><br \/>\n<span style=\"font-family:Verdana;font-size:small;\">Para m\u00e1s informaci\u00f3n pueden ingresar en www.facebook.com\/pilardeferia o www.pilardeferia.com.ar, enviar un mail a info@pilardeferia.com.ar o comunicarse telef\u00f3nicamente al\u00a0\u00a00230-4664772\u00a0\/ 011-15-6742-7635 \/ ID 558*3763<\/span><br \/>\n<span style=\"font-family:Verdana;font-size:small;\">Acceso a toda la informaci\u00f3n e im\u00e1genes en alta definici\u00f3n ingresando en<br \/>\n<a href=\"http:\/\/www.quasarcomunicacion.com.ar\/pilardeferia\">www.quasarcomunicacion.com.ar\/pilardeferia<\/a><\/span><\/p>\n","protected":false},"excerpt":{"rendered":"<p>El pr\u00f3ximo s\u00e1bado 8 de diciembre de 16 a 20 hs se realizar\u00e1 una nueva edici\u00f3n de PILAR DE FERIA [&hellip;]<\/p>\n","protected":false},"author":2,"featured_media":0,"comment_status":"open","ping_status":"open","sticky":false,"template":"","format":"standard","meta":[],"categories":[2],"tags":[],"_links":{"self":[{"href":"https:\/\/quasarcomunicacion.com.ar\/web\/wp-json\/wp\/v2\/posts\/1092"}],"collection":[{"href":"https:\/\/quasarcomunicacion.com.ar\/web\/wp-json\/wp\/v2\/posts"}],"about":[{"href":"https:\/\/quasarcomunicacion.com.ar\/web\/wp-json\/wp\/v2\/types\/post"}],"author":[{"embeddable":true,"href":"https:\/\/quasarcomunicacion.com.ar\/web\/wp-json\/wp\/v2\/users\/2"}],"replies":[{"embeddable":true,"href":"https:\/\/quasarcomunicacion.com.ar\/web\/wp-json\/wp\/v2\/comments?post=1092"}],"version-history":[{"count":0,"href":"https:\/\/quasarcomunicacion.com.ar\/web\/wp-json\/wp\/v2\/posts\/1092\/revisions"}],"wp:attachment":[{"href":"https:\/\/quasarcomunicacion.com.ar\/web\/wp-json\/wp\/v2\/media?parent=1092"}],"wp:term":[{"taxonomy":"category","embeddable":true,"href":"https:\/\/quasarcomunicacion.com.ar\/web\/wp-json\/wp\/v2\/categories?post=1092"},{"taxonomy":"post_tag","embeddable":true,"href":"https:\/\/quasarcomunicacion.com.ar\/web\/wp-json\/wp\/v2\/tags?post=1092"}],"curies":[{"name":"wp","href":"https:\/\/api.w.org\/{rel}","templated":true}]}}