{"id":1086,"date":"2012-11-26T17:09:55","date_gmt":"2012-11-26T17:09:55","guid":{"rendered":"http:\/\/quasarcomunicacion.wordpress.com\/?p=1086"},"modified":"2012-11-26T17:09:55","modified_gmt":"2012-11-26T17:09:55","slug":"pena-a-beneficio-del-hogar-san-cayetano-en-pilar-point","status":"publish","type":"post","link":"https:\/\/quasarcomunicacion.com.ar\/web\/pena-a-beneficio-del-hogar-san-cayetano-en-pilar-point\/","title":{"rendered":"Pe\u00f1a a beneficio del Hogar San Cayetano en Pilar Point"},"content":{"rendered":"<p><span style=\"font-family:Verdana;font-size:small;\">El pr\u00f3ximo s\u00e1bado 1\u00ba de diciembre desde las 18 hs, en el patio exterior de\u00a0<\/span><b style=\"font-size:small;\">Pilar Point<\/b><span style=\"font-family:Verdana;font-size:small;\">\u00a0se realizar\u00e1 una<\/span><b style=\"font-size:small;\">\u00a0Pe\u00f1a a Beneficio del Hogar de Ni\u00f1os San Cayetano<\/b><span style=\"font-family:Verdana;font-size:small;\">. El costo de la entrada es de 30 pesos e incluye importantes sorteos. Todo lo recaudado es para el mantenimiento de la instituci\u00f3n<!--more--><\/span><br \/>\n<img loading=\"lazy\" alt=\"\" src=\"http:\/\/www.quasarcomunicacion.com.ar\/sancayetano\/afichefolk.gif\" height=\"354\" width=\"500\" \/><br \/>\n<span style=\"font-family:Verdana;font-size:small;\"><b>Pilar Point<\/b>\u00a0est\u00e1 ubicado en Estanislao L\u00f3pez esquina Ituzaing\u00f3.<\/span><br \/>\n<span style=\"font-family:Verdana;font-size:small;\">Las entradas pueden adquirirse llamando al\u00a0\u00a0<img alt=\"\" src=\"\/\/lifbcibllhkdhoafpjfnlhfpfgnpldfl\/numbers_button_skype_logo.png\" \/>0230-4421020\u00a0o en Dolce Kaf\u00e9 (planta baja de\u00a0<b>Pilar Point<\/b>)<\/span><br \/>\n<span style=\"font-family:Verdana;font-size:small;\">Organizado por el programa\u00a0<b>Entre Mate y Mate (Radio X Pilar)<\/b>\u00a0actuar\u00e1n los grupos Nuevos Vientos, el D\u00fao en Solo, Juan Jos\u00e9 y su conjunto, Laura Ponce, Ballet Quimera, Agrupaci\u00f3n Matreros y Mar\u00eda del Pilar. El evento contar\u00e1 con la amenizaci\u00f3n de Valdimiro Curzi Martelli, locutor de FM Signos.<\/span><br \/>\n<span style=\"font-family:Verdana;font-size:small;\">Durante la jornada, podr\u00e1n colaborar con el Hogar adquiriendo ladrillos del Muro Solidario o artesan\u00edas hechas por la instituci\u00f3n.<\/span><br \/>\n<span style=\"font-family:Verdana;font-size:small;\">Para m\u00e1s informaci\u00f3n, pueden contactarse a hsancayetano@gmail.com o al\u00a0\u00a0<img alt=\"\" src=\"\/\/lifbcibllhkdhoafpjfnlhfpfgnpldfl\/numbers_button_skype_logo.png\" \/>0230-4421020.<\/span><br \/>\n<b><span style=\"font-family:Verdana;font-size:small;\">Acerca del Hogar San Cayetano<\/span><\/b><br \/>\n<span style=\"font-family:Verdana;font-size:xx-small;\"><img loading=\"lazy\" alt=\"\" src=\"http:\/\/www.quasarcomunicacion.com.ar\/sancayetano\/logo.gif\" height=\"270\" width=\"300\" \/>Como es de p\u00fablico conocimiento el hogar de ni\u00f1os San Cayetano ha tenido serios problemas econ\u00f3micos y para poder llegar a recaudar el presupuesto necesario para que el hogar contin\u00fae en funcionamiento y se incorporen nuevos ni\u00f1os, es imprescindible la ayuda de toda la comunidad, es por eso que necesitamos de aportantes individuales que se comprometan en forma mensual y permanente con una ayuda solidaria, es por ello que hemos emprendido una campa\u00f1a para sumar aportantes individuales para el mantenimiento del Hogar San Cayetano.<\/span><br \/>\n<span style=\"font-family:Verdana;font-size:xx-small;\">En la actualidad, a trav\u00e9s del aporte que brindan particulares, dos empresas y las becas provinciales, contamos con el cincuenta por ciento del presupuesto que necesitamos para que el hogar funcione en plenitud, el importe que cada uno pueda aportar, por m\u00ednimo que parezca, es lo que necesitamos para seguir funcionando e incorporar m\u00e1s chicos.<\/span><br \/>\nContacto\u00a0<a href=\"http:\/\/www.hsancayetanopilar.com.ar\/\">http:\/\/www.hsancayetanopilar.com.ar<\/a>\u00a0\u00f3\u00a0<a href=\"mailto:hsancayetano@gmail.com\">hsancayetano@gmail.com<\/a><\/p>\n","protected":false},"excerpt":{"rendered":"<p>El pr\u00f3ximo s\u00e1bado 1\u00ba de diciembre desde las 18 hs, en el patio exterior de\u00a0Pilar Point\u00a0se realizar\u00e1 una\u00a0Pe\u00f1a a Beneficio [&hellip;]<\/p>\n","protected":false},"author":2,"featured_media":0,"comment_status":"open","ping_status":"open","sticky":false,"template":"","format":"standard","meta":[],"categories":[2],"tags":[],"_links":{"self":[{"href":"https:\/\/quasarcomunicacion.com.ar\/web\/wp-json\/wp\/v2\/posts\/1086"}],"collection":[{"href":"https:\/\/quasarcomunicacion.com.ar\/web\/wp-json\/wp\/v2\/posts"}],"about":[{"href":"https:\/\/quasarcomunicacion.com.ar\/web\/wp-json\/wp\/v2\/types\/post"}],"author":[{"embeddable":true,"href":"https:\/\/quasarcomunicacion.com.ar\/web\/wp-json\/wp\/v2\/users\/2"}],"replies":[{"embeddable":true,"href":"https:\/\/quasarcomunicacion.com.ar\/web\/wp-json\/wp\/v2\/comments?post=1086"}],"version-history":[{"count":0,"href":"https:\/\/quasarcomunicacion.com.ar\/web\/wp-json\/wp\/v2\/posts\/1086\/revisions"}],"wp:attachment":[{"href":"https:\/\/quasarcomunicacion.com.ar\/web\/wp-json\/wp\/v2\/media?parent=1086"}],"wp:term":[{"taxonomy":"category","embeddable":true,"href":"https:\/\/quasarcomunicacion.com.ar\/web\/wp-json\/wp\/v2\/categories?post=1086"},{"taxonomy":"post_tag","embeddable":true,"href":"https:\/\/quasarcomunicacion.com.ar\/web\/wp-json\/wp\/v2\/tags?post=1086"}],"curies":[{"name":"wp","href":"https:\/\/api.w.org\/{rel}","templated":true}]}}