{"id":10838,"date":"2021-03-04T13:47:20","date_gmt":"2021-03-04T13:47:20","guid":{"rendered":"https:\/\/quasarcomunicacion.com.ar\/web\/?p=10838"},"modified":"2021-03-04T13:47:20","modified_gmt":"2021-03-04T13:47:20","slug":"la-camara-pyme-de-pilar-realizo-el-primer-encuentro-de-nuevos-socios-de-2021","status":"publish","type":"post","link":"https:\/\/quasarcomunicacion.com.ar\/web\/la-camara-pyme-de-pilar-realizo-el-primer-encuentro-de-nuevos-socios-de-2021\/","title":{"rendered":"La C\u00e1mara Pyme de Pilar realiz\u00f3 el primer encuentro de nuevos socios de 2021"},"content":{"rendered":"<p>La <strong>C\u00e1mara de la Peque\u00f1a y Mediana Empresa de Pilar<\/strong> contin\u00faa con una campa\u00f1a de socios y realiz\u00f3 el primer encuentro del a\u00f1o d\u00e1ndole la bienvenida a los nuevos integrantes que se sumaron este 2021.<\/p>\n<p>Se pueden seguir las actividades y novedades de la C\u00e1mara en las redes sociales: <a href=\"https:\/\/linktr.ee\/cpymepilar\">https:\/\/linktr.ee\/cpymepilar<\/a><!--more--><\/p>\n<p>Con el foco puesto en la innovaci\u00f3n y la generaci\u00f3n de nuevas oportunidades de negocios para sus asociados, la C\u00e1mara con m\u00e1s de 20 a\u00f1os de experiencia continuar\u00e1 este 2021 utilizando la tecnolog\u00eda para generar espacios colaborativos.<\/p>\n<p>En esta oportunidad, a trav\u00e9s de Zoom, hubo un encuentro entre socios activos y nuevos socios para conocerlos y generar networking entre ellos. Adem\u00e1s, se compartieron los objetivos y servicios de la instituci\u00f3n que se basan en el trabajo colaborativo impulsado desde la Entidad que aglutina a las pymes del distrito y de distritos vecinos que tambi\u00e9n se sumaron.<\/p>\n<p>Los participantes pudieron reunirse en mini rondas con otros socios para presentarse y contar al resto qu\u00e9 tienen para ofrecer y qu\u00e9 est\u00e1n necesitando.<\/p>\n<p>Esta modalidad de espacios de networking y mini rondas de negocios continuar\u00e1 durante 2021 como as\u00ed tambi\u00e9n las capacitaciones virtuales que en 2020 reuni\u00f3 a m\u00e1s de 900 inscriptos.<\/p>\n<p>Hoy la C\u00e1mara est\u00e1 integrada por hombres y mujeres,\u00a0y est\u00e1 presidida por Silvio Ferraro, quien indic\u00f3 que \u00abac\u00e1 estamos para unirnos y para poder estar con otros empresarios y emprendedores podamos tener estas discusiones, intercambiar experiencias, compartir situaciones y poder ofrecer todo lo que necesitamos para el desarrollo de nuestros proyectos\u00bb.<\/p>\n<p><a href=\"https:\/\/quasarcomunicacion.com.ar\/web\/wp-content\/uploads\/2021\/03\/nuevossociosmarzo.gif\"><img class=\"aligncenter\" src=\"https:\/\/quasarcomunicacion.com.ar\/web\/wp-content\/uploads\/2021\/03\/nuevossociosmarzo.gif\" \/><\/a><\/p>\n<p>Luego, en una presentaci\u00f3n audiovisual, Ferraro defini\u00f3 a la Entidad como una \u00abgran caja de\u00a0 herramientas\u00bb. \u00abComo instituci\u00f3n trabajamos para conseguir esas herramientas que le permitir\u00e1n el desarrollo en cada una de sus actividades. Esto lo logramos a trav\u00e9s de un gran equipo con el que venimos trabajando desde hace muchos a\u00f1os\u00bb.<\/p>\n<p>Tambi\u00e9n hicieron menci\u00f3n al gran n\u00famero de capacitaciones que brindan, en estos momentos de manera virtual. Remarc\u00f3 el \u00e1rea de asesoramiento conformado por un Cuerpo de Asesores y que est\u00e1 abierto a nuevas incorporaciones.<\/p>\n<p>Se hizo hincapi\u00e9 en las actividades, fundamentalmente en las tradicionales rondas de negocios de la entidad que permite llegar a grandes empresas a las cuales tal vez no se llega de otra forma. \u00abEn esta ronda se genera una interesante sinergia con otras pymes, una herramienta muy importante para presentar nuestros productos o servicios a grandes empresas y a otras pymes\u00bb, agreg\u00f3 Ferraro.<\/p>\n<p>Para este 2021, la Entidad est\u00e1 trabajando en un espacio de coworking que se adapte a las necesidades de las empresas.<\/p>\n<p>Desde su creaci\u00f3n la C\u00e1mara Pyme de Pilar foment\u00f3 convenios con otras Instituciones como AIME (Asociaci\u00f3n Iberoamericana de Mujeres Empresarias), la CEPIP (C\u00e1mara Empresaria del Parque Industrial Pilar), es socio institucional del Consejo Consultivo de la C\u00e1mara Argentina de Comercio (CAC), miembro de la Uni\u00f3n Industrial de la Provincia de Buenos Aires (UIPBA), la FIE\u00a0Argentina (Federaci\u00f3n Interamericana Empresarial) y la USAM (Universidad de San Mart\u00edn).<\/p>\n<p>En estas d\u00e9cadas integraron la comisi\u00f3n la Mujer y el Trabajo de la Uni\u00f3n Industrial Argentina (UIA), fueron panelistas por Argentina en el Congreso Iberoamericano de Mujeres Empresarias (CIME), llevaron adelante el programa televisivo multipremiado llamado Impacto Productivo, lanzaron ProUmPi (la Universidad P\u00fablica de Pilar), hicieron actividades junto a la Uni\u00f3n Industrial de Pilar, editaron la primera revista para Mujeres Empresarias de la regi\u00f3n, participaron del Foro de Mujeres del Mercosur, etc.<\/p>\n<p><a href=\"https:\/\/quasarcomunicacion.com.ar\/web\/wp-content\/uploads\/2021\/03\/nuevossociosmarzo1.gif\"><img class=\"aligncenter\" src=\"https:\/\/quasarcomunicacion.com.ar\/web\/wp-content\/uploads\/2021\/03\/nuevossociosmarzo1.gif\" \/><\/a><\/p>\n<p>Firmaron infinidad de convenios, por ejemplo con la C\u00e1mara de Micro, Peque\u00f1a y Mediana Empresa de Z\u00e1rate (CAPyME), con el Consejo Superior de la Universidad de Luj\u00e1n, con el Ministerio de Trabajo de la Provincia de Buenos Aires, con la Universidad del Salvador, con la Subsecretar\u00eda de Promoci\u00f3n y Desarrollo de Microempresas del Ministerio de Producci\u00f3n y el Empleo de la Provincia de Buenos Aires, con Austral Salud, Medif\u00e9 y la lista es interminable.<\/p>\n<p>La <strong>C\u00e1mara Pyme de Pilar<\/strong> busca fortalecer, promover y desarrollar la tarea empresarial por medio de la capacitaci\u00f3n y la formaci\u00f3n de nuevos contactos actuando como n\u00facleo para el desarrollo de negocios. Su propuesta tiende a obtener un crecimiento conjunto, donde las experiencias vayan enriqueciendo las posibilidades de cada empresa, respondiendo as\u00ed a las necesidades cambiantes del mercado global.<\/p>\n<p>Los interesados en sumarse a la Entidad podr\u00e1 asociarse con precios promocionales durante este mes de marzo haciendo click aqu\u00ed <a href=\"https:\/\/cpymepilar.org.ar\/asociese\/\">https:\/\/cpymepilar.org.ar\/asociese\/<\/a><\/p>\n<p>M\u00e1s info y link para asociarse en <a href=\"https:\/\/cpymepilar.org.ar\/\"> https:\/\/cpymepilar.org.ar\/<\/a><\/p>\n<p><strong><em>Por otras im\u00e1genes, audios o entrevistas no dude en contactarse<\/em><\/strong><\/p>\n<p><strong><em> Contactos de Prensa<\/em><\/strong><\/p>\n<table width=\"100%\">\n<tbody>\n<tr>\n<td width=\"50%\"><strong> Candela Villanueva &#8211; Asistente de Cuentas<\/p>\n<p><\/strong> <b> Directo<\/b><strong>: <\/strong> 0230-4664772<br \/>\n<b> Skype:<\/b> quasarcomunicacion<br \/>\n<b> Instagram<\/b>: @quasarcomunicacion<br \/>\n<b> Twitter:<\/b> @quasarpilar<br \/>\n<b> Gr<\/b><b>upo y p\u00e1gina en Facebook: <\/b> www.facebook.com\/<a href=\"mailto:mfipata@gmail.com\">Quasar<\/a>Comunicacion<br \/>\n<b> Web:<\/b> <a href=\"http:\/\/www.quasarcomunicacion.com.ar\"> www.quasarcomunicacion.com.ar<\/a><\/p>\n<p><b> Mail<\/b><strong>:<\/strong> <a href=\"mailto:fernanda@quasarcomunicacion.com.ar\"> candela<\/a><a href=\"mailto:fernanda@quasarcomunicacion.com.ar\">@quasarcomunicacion.com.ar<\/a><\/td>\n<td width=\"50%\"><strong> Lic. Mar\u00eda Fernanda Ipata &#8211; Directora<br \/>\n<\/strong> <b><br \/>\n<\/b> <b> M\u00f3vil:<\/b> 0230-15-4584535<br \/>\n<b> Whatsapp<\/b><b>:<\/b><a href=\"https:\/\/bit.ly\/2J4cUvm\"> 11 5312 6795<\/a><br \/>\n<a href=\"https:\/\/bit.ly\/2Sn1zLP\"> Enviar whatsapp aqu\u00ed<\/a><br \/>\n<b> Skype:<\/b> quasarcomunicacion<br \/>\n<b> LinkedIn<\/b><strong>:\u00a0 <\/strong> <strong> <a href=\"http:\/\/www.linkedin.com\/in\/mfipata\"> http:\/\/www.linkedin.com\/in\/mfipata<\/a><\/strong><br \/>\n<a href=\"https:\/\/www.linkedin.com\/company\/quasarcomunicacion\"> https:\/\/www.linkedin.com\/company\/quasarcomunicacion<\/a><br \/>\n<b> Instagram y Facebook:<\/b> @quasarcomunicacion <b><br \/>\nWeb:<\/b> <a href=\"http:\/\/www.quasarcomunicacion.com.ar\"> www.quasarcomunicacion.com.ar<\/a><br \/>\n<b> Mail<\/b><strong>:<\/strong><a href=\"mailto:fernanda@quasarcomunicacion.com.ar\"> fernanda@quasarcomunicacion.com.ar<\/a><br \/>\n<b> Telegram: https:\/\/t.me\/QuasarComunicacion<\/b><br \/>\n<b> Canal de Telegram para acceder a comunicados:<\/b> https:\/\/t.me\/comunicadosQC<\/td>\n<\/tr>\n<\/tbody>\n<\/table>\n","protected":false},"excerpt":{"rendered":"<p>La C\u00e1mara de la Peque\u00f1a y Mediana Empresa de Pilar contin\u00faa con una campa\u00f1a de socios y realiz\u00f3 el primer [&hellip;]<\/p>\n","protected":false},"author":2,"featured_media":10826,"comment_status":"open","ping_status":"open","sticky":false,"template":"","format":"standard","meta":[],"categories":[2],"tags":[],"_links":{"self":[{"href":"https:\/\/quasarcomunicacion.com.ar\/web\/wp-json\/wp\/v2\/posts\/10838"}],"collection":[{"href":"https:\/\/quasarcomunicacion.com.ar\/web\/wp-json\/wp\/v2\/posts"}],"about":[{"href":"https:\/\/quasarcomunicacion.com.ar\/web\/wp-json\/wp\/v2\/types\/post"}],"author":[{"embeddable":true,"href":"https:\/\/quasarcomunicacion.com.ar\/web\/wp-json\/wp\/v2\/users\/2"}],"replies":[{"embeddable":true,"href":"https:\/\/quasarcomunicacion.com.ar\/web\/wp-json\/wp\/v2\/comments?post=10838"}],"version-history":[{"count":1,"href":"https:\/\/quasarcomunicacion.com.ar\/web\/wp-json\/wp\/v2\/posts\/10838\/revisions"}],"predecessor-version":[{"id":10839,"href":"https:\/\/quasarcomunicacion.com.ar\/web\/wp-json\/wp\/v2\/posts\/10838\/revisions\/10839"}],"wp:featuredmedia":[{"embeddable":true,"href":"https:\/\/quasarcomunicacion.com.ar\/web\/wp-json\/wp\/v2\/media\/10826"}],"wp:attachment":[{"href":"https:\/\/quasarcomunicacion.com.ar\/web\/wp-json\/wp\/v2\/media?parent=10838"}],"wp:term":[{"taxonomy":"category","embeddable":true,"href":"https:\/\/quasarcomunicacion.com.ar\/web\/wp-json\/wp\/v2\/categories?post=10838"},{"taxonomy":"post_tag","embeddable":true,"href":"https:\/\/quasarcomunicacion.com.ar\/web\/wp-json\/wp\/v2\/tags?post=10838"}],"curies":[{"name":"wp","href":"https:\/\/api.w.org\/{rel}","templated":true}]}}