{"id":1083,"date":"2012-11-23T14:26:13","date_gmt":"2012-11-23T14:26:13","guid":{"rendered":"http:\/\/quasarcomunicacion.wordpress.com\/?p=1083"},"modified":"2012-11-23T14:26:13","modified_gmt":"2012-11-23T14:26:13","slug":"seminario-gratuito-de-marketing-y-publicidad-para-emprendedores","status":"publish","type":"post","link":"https:\/\/quasarcomunicacion.com.ar\/web\/seminario-gratuito-de-marketing-y-publicidad-para-emprendedores\/","title":{"rendered":"Seminario Gratuito de Marketing y Publicidad para Emprendedores"},"content":{"rendered":"<p><span style=\"font-family:Verdana;font-size:small;\">El pr\u00f3ximo martes 27 de noviembre a las 20 hs, Pilar de Feria junto a Qu\u00e1sar Comunicaci\u00f3n y Emprender HOY ofrecer\u00e1 un nuevo\u00a0<b>Seminario Gratuito de Capacitaci\u00f3n en Marketing y Publicidad para Emprendedores\u00a0<\/b>en\u00a0el Centro de Jubilados de F\u00e1tima<\/span><span style=\"font-family:Verdana;font-size:small;\">(Isla Candelaria 255 &#8211; F\u00e1tima &#8211; Pilar). Se<\/span>\u00a0requiere inscripci\u00f3n previa escribiendo a\u00a0<a href=\"mailto:info@pilardeferia.com.ar\">info@pilardeferia.com.ar<\/a>\u00a0 \u00f3 llamando al 011-15-6742-7635.<!--more--><br \/>\nLos cupos son limitados. Entrada libre y gratuita. Se entregar\u00e1n certificados de asistencia<span style=\"font-family:Verdana;font-size:small;\">.<\/span><br \/>\n<img loading=\"lazy\" alt=\"\" src=\"http:\/\/www.quasarcomunicacion.com.ar\/pilardeferia\/2012\/seminario5.gif\" height=\"375\" width=\"500\" \/><br \/>\n<span style=\"font-family:Verdana;font-size:small;\">Adem\u00e1s, en esta oportunidad estar\u00e1n presentes integrantes de\u00a0<b>Provincia Microempresas\u00a0<\/b>para presentar una l\u00ednea de servicios financieros de calidad para trabajadores independientes.<\/span><br \/>\n<span style=\"font-family:Verdana;font-size:small;\">Estas charlas de capacitaci\u00f3n se dan en el marco del MES DE LOS EMPRENDEDORES EN PILAR.<\/span><br \/>\n<span style=\"font-family:Verdana;font-size:small;\">El evento es organizado por\u00a0<b>Pilar de Feria<\/b>\u00a0y ser\u00e1 dictado por la directora de la consultora boutique de prensa,\u00a0<b>Qu\u00e1sar Comunicaci\u00f3n<\/b>, la Lic. Mar\u00eda Fernanda Ipata<\/span><br \/>\n<span style=\"font-family:Verdana;font-size:small;\">Cada participante, adem\u00e1s de su certificado recibir\u00e1 v\u00eda mail la presentaci\u00f3n multimedial.<\/span><br \/>\n<span style=\"font-family:Verdana;font-size:small;\">El seminario cuenta con el auspicio de\u00a0<b>Pilar Hoy, Provincia Microempresas, Emprender HOY y Pilar GPS<\/b>.<\/span><br \/>\n<span style=\"font-family:Verdana;font-size:small;\">En cada encuentro de capacitaci\u00f3n se busca fomentar el networking entre los asistentes, por lo cual se solicita se concurra provisto de tarjetas personales o material de difusi\u00f3n para favorecer el intercambio.<\/span><br \/>\n<img loading=\"lazy\" alt=\"\" src=\"http:\/\/www.quasarcomunicacion.com.ar\/pilardeferia\/2012\/seminario6.gif\" height=\"375\" width=\"500\" \/><br \/>\n<span style=\"font-family:Verdana;font-size:small;\">Durante la charla,\u00a0 se brindar\u00e1n los lineamientos generales para\u00a0 encarar la comunicaci\u00f3n de su emprendimiento, c\u00f3mo ponerle un buen nombre o marca a la idea, se desarrollar\u00e1n los conceptos de marketing, publicidad y emprendedores. Se hablar\u00e1 de las redes sociales, la imagen corporativa, el marketing ferial, entre otros t\u00f3picos de inter\u00e9s de los asistentes.<\/span><br \/>\n<span style=\"font-family:Verdana;font-size:small;\">Adem\u00e1s, a trav\u00e9s del uso efectivo de la comunicaci\u00f3n, se brindar\u00e1n sugerencias para conseguir ventas efectivas.<\/span><br \/>\n<span style=\"font-family:Verdana;font-size:small;\">En el Seminario se buscar\u00e1 abordar conceptos que permitan conocer \u00bfc\u00f3mo\u00a0convivo con el dise\u00f1o, el arte, el precio, los costos, la calidad, el valor percibido y obtengo resultados beneficiosos?\u00bb\u00a0<\/span><br \/>\n<img loading=\"lazy\" alt=\"\" src=\"http:\/\/www.quasarcomunicacion.com.ar\/pilardeferia\/2012\/seminario3.gif\" height=\"383\" width=\"500\" \/><br \/>\n<span style=\"font-family:Verdana;font-size:small;\">\u00abLa idea es poder brindar herramientas b\u00e1sicas para que cada emprendedor que ya tiene en mente un emprendimiento o est\u00e1 en medio de su ejecuci\u00f3n piense en algunas cuestiones relacionadas con la elecci\u00f3n de la marca, el logotipo, la imagen corporativa, la web institucional, presencia en redes sociales, etc.\u00bb, explic\u00f3 la Lic. Mar\u00eda Fernanda Ipata, siempre haciendo hincapi\u00e9 en que \u00abS\u00f3lo lo que se comunica existe\u00bb.<\/span><br \/>\n<span style=\"font-family:Verdana;font-size:small;\">Los interesados podr\u00e1n acceder a m\u00e1s informaci\u00f3n en facebook en<a href=\"http:\/\/www.facebook.com\/pilardeferia\">www.facebook.com\/pilardeferia<\/a>\u00a0o sumarse al grupo Emprender Hoy<\/span><br \/>\n<span style=\"font-family:Verdana;font-size:small;\">Cabe destacar que<\/span>\u00a0<span style=\"font-family:Verdana;font-size:small;\"><b>Pilar de Feria r<\/b>ecibi\u00f3 recientemente el reconocimiento municipal. Se trataes un evento tem\u00e1tico que se realizar de forma peri\u00f3dica tendiente a la promoci\u00f3n de productos de emprendedores, artesanos y artistas de la zona. El mismo siempre es con entrada libre y gratuita para toda la comunidad, fomentando adem\u00e1s actividades culturales y deportivas de vecinos de la zona.<\/span><br \/>\n<span style=\"font-family:Verdana;font-size:small;\">A tan solo un a\u00f1o de su creaci\u00f3n, ya se desarrollaron 4 ediciones de la Feria para Emprendedores: Pilar de Feria Edici\u00f3n Navidad, Edici\u00f3n Verano, Edici\u00f3n de Shopping y D\u00eda de la Madre. Actualmente se encuentran organizando la quinta edici\u00f3n,\u00a0<b>PILAR DE FERIA NAVIDAD 2012\u00a0<\/b>que tendr\u00e1 lugar el 8 de diciembre en el Complejo Psiquis (Ruta 8 N\u00ba 446, Pilar)<\/span><br \/>\n<b><span style=\"font-family:Verdana;font-size:small;\">Acerca de Qu\u00e1sar Comunicaci\u00f3n<\/span><\/b><br \/>\n<span style=\"font-family:Verdana;font-size:xx-small;\">Qu\u00e1sar Comunicaci\u00f3n es una empresa especializada en estrategias de comunicaci\u00f3n, comunicaci\u00f3n interna, relaciones p\u00fablicas, organizaci\u00f3n de eventos, Community Manager y difusi\u00f3n period\u00edstica; intr\u00ednsecamente ligada a los medios de informaci\u00f3n.<\/span><br \/>\n<span style=\"font-family:Verdana;font-size:xx-small;\">La informaci\u00f3n de los clientes llega, a trav\u00e9s de Qu\u00e1sar Comunicaci\u00f3n, a los periodistas y medios de comunicaci\u00f3n que a su vez la difundir\u00e1n al p\u00fablico objetivo.<\/span><br \/>\n<span style=\"font-family:Verdana;font-size:xx-small;\">Con la gesti\u00f3n en redes sociales tambi\u00e9n llegan a los consumidores finales y clientes de su empresa.\u00a0<\/span><br \/>\n<span style=\"font-family:Verdana;font-size:xx-small;\">Adem\u00e1s, la consultora posee un gran n\u00famero de suscriptores que se engloba dentro del p\u00fablico general, sin ser periodistas o comunicadores.\u00a0<\/span><br \/>\n<span style=\"font-family:Verdana;font-size:xx-small;\">Qu\u00e1sar Comunicaci\u00f3n ofrece a Empresas y Organizaciones servicios de:<\/span><br \/>\n<span style=\"font-family:Verdana;font-size:xx-small;\">Utilizando innovadoras tecnolog\u00edas, Qu\u00e1sar\u00a0 Comunicaci\u00f3n sabe c\u00f3mo crear inter\u00e9s en segmentos espec\u00edficos y generar resultados a trav\u00e9s del an\u00e1lisis de las necesidades de su instituci\u00f3n, brindando un asesoramiento integral acerca de qu\u00e9 comunicar, a qui\u00e9n comunic\u00e1rselo y c\u00f3mo dirigir exitosamente la informaci\u00f3n a los medios y target objetivo.<\/span><br \/>\n<span style=\"font-family:Verdana;font-size:xx-small;\">\u00a0Contrariamente a lo que com\u00fanmente se cree, contratar a una consultora de estas caracter\u00edsticas es, en relaci\u00f3n costo-beneficio, absolutamente accesible ya que se adaptan los servicios a sus necesidades y a su realidad organizacional, ya sea en proyectos puntuales, in company o near shore.<\/span><br \/>\n<span style=\"font-family:Verdana;font-size:small;\">Acceso a toda la informaci\u00f3n e im\u00e1genes en alta definici\u00f3n ingresando en<br \/>\n<a href=\"http:\/\/www.quasarcomunicacion.com.ar\/pilardeferia\">www.quasarcomunicacion.com.ar\/pilardeferia<\/a><\/span><\/p>\n","protected":false},"excerpt":{"rendered":"<p>El pr\u00f3ximo martes 27 de noviembre a las 20 hs, Pilar de Feria junto a Qu\u00e1sar Comunicaci\u00f3n y Emprender HOY [&hellip;]<\/p>\n","protected":false},"author":2,"featured_media":0,"comment_status":"open","ping_status":"open","sticky":false,"template":"","format":"standard","meta":[],"categories":[2],"tags":[],"_links":{"self":[{"href":"https:\/\/quasarcomunicacion.com.ar\/web\/wp-json\/wp\/v2\/posts\/1083"}],"collection":[{"href":"https:\/\/quasarcomunicacion.com.ar\/web\/wp-json\/wp\/v2\/posts"}],"about":[{"href":"https:\/\/quasarcomunicacion.com.ar\/web\/wp-json\/wp\/v2\/types\/post"}],"author":[{"embeddable":true,"href":"https:\/\/quasarcomunicacion.com.ar\/web\/wp-json\/wp\/v2\/users\/2"}],"replies":[{"embeddable":true,"href":"https:\/\/quasarcomunicacion.com.ar\/web\/wp-json\/wp\/v2\/comments?post=1083"}],"version-history":[{"count":0,"href":"https:\/\/quasarcomunicacion.com.ar\/web\/wp-json\/wp\/v2\/posts\/1083\/revisions"}],"wp:attachment":[{"href":"https:\/\/quasarcomunicacion.com.ar\/web\/wp-json\/wp\/v2\/media?parent=1083"}],"wp:term":[{"taxonomy":"category","embeddable":true,"href":"https:\/\/quasarcomunicacion.com.ar\/web\/wp-json\/wp\/v2\/categories?post=1083"},{"taxonomy":"post_tag","embeddable":true,"href":"https:\/\/quasarcomunicacion.com.ar\/web\/wp-json\/wp\/v2\/tags?post=1083"}],"curies":[{"name":"wp","href":"https:\/\/api.w.org\/{rel}","templated":true}]}}