{"id":1080,"date":"2012-11-22T17:32:42","date_gmt":"2012-11-22T17:32:42","guid":{"rendered":"http:\/\/quasarcomunicacion.wordpress.com\/?p=1080"},"modified":"2012-11-22T17:32:42","modified_gmt":"2012-11-22T17:32:42","slug":"finaliza-el-ciclo-de-musica-de-camara-un-viaje-desde-el-barroco-al-romanticismo","status":"publish","type":"post","link":"https:\/\/quasarcomunicacion.com.ar\/web\/finaliza-el-ciclo-de-musica-de-camara-un-viaje-desde-el-barroco-al-romanticismo\/","title":{"rendered":"Finaliza el Ciclo de M\u00fasica de C\u00e1mara &quot;Un viaje desde el barroco al romanticismo&quot;"},"content":{"rendered":"<p><i style=\"font-size:small;\">\u00a0<\/i><span style=\"font-family:Verdana;font-size:small;\">El s\u00e1bado 24 de Noviembre a partir de las 20hs se realizar\u00e1 el \u00faltimo concierto del\u00a0<\/span><b style=\"font-size:small;\">Ciclo de M\u00fasica de C\u00e1mara \u201cUn viaje desde el Barroco al Romanticismo\u201d<\/b><span style=\"font-family:Verdana;font-size:small;\">, presentado en la Biblioteca Popular Bartolom\u00e9 Mitre (Belgrano 553- Pilar)<!--more--><\/span><br \/>\n<img loading=\"lazy\" alt=\"\" src=\"http:\/\/www.quasarcomunicacion.com.ar\/varios\/auspicios\/ciclonoviembre.gif\" height=\"707\" width=\"500\" \/><br \/>\n<span style=\"font-family:Verdana;font-size:small;\">Durante esta ocasi\u00f3n Walter Marcelo Ogloblin en piano y Diego Humberto Mantuani en viol\u00edn interpretar\u00e1n obras de Schubert, Chopin, Beethoven, Massenet, Rachmaninoff, y Kreisler, y analizar\u00e1n el profundo v\u00ednculo entre estos artistas y sus obras.<\/span><br \/>\n<span style=\"font-family:Verdana;font-size:small;\">Las entradas anticipadas tienen un valor de $30 y pueden adquirirse escribiendo a diegomantuani@gmail.com o en la Biblioteca Popular Bartolome Mitre. Por otra parte, las entradas en puerta el d\u00eda del concierto costar\u00e1n $35.<\/span><br \/>\n<span style=\"font-family:Verdana;font-size:small;\">Apoyan la iniciativa El Diario Regional de Pilar, Electr\u00f3nica JG Pilar, Qu\u00e1sar Comunicaci\u00f3n, Gianelli Seguros Generales, TEVSA Ingenier\u00eda &amp; Construcci\u00f3n; Pilar GPS la Gu\u00eda de Productos y Servicios, N\u00e9lida Micelli Catering para Eventos, M\u00fasica Pilar, Matute Libros y Pilar Hoy Noticias<\/span><br \/>\n<b><span style=\"font-family:Verdana;font-size:small;\">Acerca de Diego Humberto Mantuani &#8211; Viol\u00edn<\/span><\/b><br \/>\n<img loading=\"lazy\" alt=\"\" src=\"http:\/\/www.quasarcomunicacion.com.ar\/varios\/auspicios\/mantuani3.gif\" height=\"529\" width=\"500\" \/><br \/>\n<span style=\"font-family:Verdana;font-size:small;\">Naci\u00f3 en Buenos Aires en el a\u00f1o 1981. A la edad de 12 a\u00f1os inicio sus estudios de guitarra cl\u00e1sica con el maestro Arnaldo Balocco, iniciando luego sus estudios de viol\u00edn con el maestro Alejandro Beraldi &#8211; integrante de la Orquesta Estable del Teatro Col\u00f3n- en el Conservatorio Nacional L\u00f3pez Buchardo. Al mismo tiempo ha tomado clases de armon\u00eda y composici\u00f3n con el maestro Roque De Pedro y continuado su perfeccionamiento violin\u00edstico con el maestro Abraham Bucchalter &#8211; Ex integrante de la Orquesta Sinf\u00f3nica Nacional.<\/span><br \/>\n<span style=\"font-family:Verdana;font-size:small;\">Actualmente contin\u00faa sus estudios de perfeccionamiento t\u00e9cnico e interpretativo bajo la tutela del maestro Julio Zoppi (Orquesta Estable del Teatro Colon, Orquesta Sinf\u00f3nica Nacional, Camerata Bariloche, Becario del Cleveland Institute of Music).<\/span><br \/>\n<span style=\"font-family:Verdana;font-size:small;\">Ha integrado diversos conjuntos de c\u00e1mara y las siguientes orquestas: Orquesta de C\u00e1mara Juvenil de Buenos Aires, Orquesta Acad\u00e9mica del Teatro Colon, Orquesta Acad\u00e9mica de Buenos Aires, Orquesta Sinf\u00f3nica de la Universidad del Salvador y la Orquesta Sinf\u00f3nica de la Facultad de Medicina.<br \/>\nEn el a\u00f1o 2011 fue convocado integrar el sexteto t\u00edpico de tango \u201cLa Ganz\u00faa\u201d, dirigido por H\u00e9ctor Bacci.<\/span><br \/>\n<span style=\"font-family:Verdana;font-size:small;\">En Julio de ese mismo a\u00f1o fue seleccionado entre violinistas de Argentina y de pa\u00edses lim\u00edtrofes para participar como alumno activo en el primer Curso Internacional de M\u00fasica de C\u00e1mara llevado a cabo en la ciudad de Formosa, el cual fue dictado por los maestros Peter Thomas (Viol\u00edn-Director), Alan Kovacs (Viola), Eduardo Vasallo (Violoncello) y Maria Cristina Filoso (piano).<br \/>\nAsimismo, colabora como columnista con la revista ABC Cooltural desde el a\u00f1o 2010.<\/span><br \/>\n<span style=\"font-family:Verdana;font-size:small;\">Con gran pasi\u00f3n por la docencia, se desempe\u00f1a como profesor de viol\u00edn, guitarra, teor\u00eda y solfeo en el \u00e1mbito privado y particular, desde el a\u00f1o 1999 a la actualidad.<\/span><br \/>\n<b><span style=\"font-family:Verdana;font-size:small;\">Acerca\u00a0 de Walter Marcelo Ogloblin<\/span><\/b><br \/>\n<img loading=\"lazy\" alt=\"\" src=\"http:\/\/www.quasarcomunicacion.com.ar\/varios\/auspicios\/oglobin.gif\" height=\"344\" width=\"500\" \/><br \/>\n<span style=\"font-family:Verdana;font-size:small;\">Naci\u00f3 y vive en Argentina, estudio m\u00fasica en el Centro Musical Estudio, del cual egreso como maestro de teor\u00eda , solfeo y piano. Su maestro en este instrumento fue el profesor Osvaldo Phiel, Director del Conservatorio Nacional de Chilecito.<\/span><br \/>\n<span style=\"font-family:Verdana;font-size:small;\">Como instrumentista participo de formaciones de m\u00fasica de c\u00e1mara, tango y bandas de rock.<\/span><br \/>\n<span style=\"font-family:Verdana;font-size:small;\">Actualmente es el pianista del sexteto de tango La Ganz\u00faa y del duo de c\u00e1mara Mantuani-Ogloblin, particioando en distintos eventos como m\u00fasico invitado para sumarse a la transmisi\u00f3n del arte musical en sus variadas formas. Ejerce actividad docente en el Partido de Pilar.<\/span><\/p>\n","protected":false},"excerpt":{"rendered":"<p>\u00a0El s\u00e1bado 24 de Noviembre a partir de las 20hs se realizar\u00e1 el \u00faltimo concierto del\u00a0Ciclo de M\u00fasica de C\u00e1mara [&hellip;]<\/p>\n","protected":false},"author":2,"featured_media":0,"comment_status":"open","ping_status":"open","sticky":false,"template":"","format":"standard","meta":[],"categories":[2],"tags":[],"_links":{"self":[{"href":"https:\/\/quasarcomunicacion.com.ar\/web\/wp-json\/wp\/v2\/posts\/1080"}],"collection":[{"href":"https:\/\/quasarcomunicacion.com.ar\/web\/wp-json\/wp\/v2\/posts"}],"about":[{"href":"https:\/\/quasarcomunicacion.com.ar\/web\/wp-json\/wp\/v2\/types\/post"}],"author":[{"embeddable":true,"href":"https:\/\/quasarcomunicacion.com.ar\/web\/wp-json\/wp\/v2\/users\/2"}],"replies":[{"embeddable":true,"href":"https:\/\/quasarcomunicacion.com.ar\/web\/wp-json\/wp\/v2\/comments?post=1080"}],"version-history":[{"count":0,"href":"https:\/\/quasarcomunicacion.com.ar\/web\/wp-json\/wp\/v2\/posts\/1080\/revisions"}],"wp:attachment":[{"href":"https:\/\/quasarcomunicacion.com.ar\/web\/wp-json\/wp\/v2\/media?parent=1080"}],"wp:term":[{"taxonomy":"category","embeddable":true,"href":"https:\/\/quasarcomunicacion.com.ar\/web\/wp-json\/wp\/v2\/categories?post=1080"},{"taxonomy":"post_tag","embeddable":true,"href":"https:\/\/quasarcomunicacion.com.ar\/web\/wp-json\/wp\/v2\/tags?post=1080"}],"curies":[{"name":"wp","href":"https:\/\/api.w.org\/{rel}","templated":true}]}}