{"id":10753,"date":"2021-01-27T13:14:18","date_gmt":"2021-01-27T13:14:18","guid":{"rendered":"https:\/\/quasarcomunicacion.com.ar\/web\/?p=10753"},"modified":"2021-01-27T18:01:31","modified_gmt":"2021-01-27T18:01:31","slug":"el-11-y-12-de-febrero-el-polo-educativo-pilar-realizara-el-xvii-congreso-de-educacion-en-formato-online-2","status":"publish","type":"post","link":"https:\/\/quasarcomunicacion.com.ar\/web\/el-11-y-12-de-febrero-el-polo-educativo-pilar-realizara-el-xvii-congreso-de-educacion-en-formato-online-2\/","title":{"rendered":"El 11 y 12 de febrero el Polo Educativo Pilar realizar\u00e1 el XVII Congreso de Educaci\u00f3n en formato online"},"content":{"rendered":"<p>El pr\u00f3ximo 11 y 12 de febrero, en formato virtual, el <strong>Polo Educativo Pilar<\/strong> organiza el <strong> XVII Congreso de Educaci\u00f3n<\/strong>. Durante dos jornadas se abordar\u00e1 la tem\u00e1tica <strong>\u201cUna nueva Era: REnacimiento y REinvenci\u00f3n de los sistemas educativos\u201d. <\/strong>El mismo est\u00e1 dirigido a directivos y docentes de institutos de ense\u00f1anza\u00a0de gesti\u00f3n p\u00fablica y privada, investigadores y\u00a0 profesionales relacionados con la educaci\u00f3n de Argentina y el mundo. Como cada a\u00f1o, los docentes de escuelas de gesti\u00f3n p\u00fablica de Pilar y de colegios asociados al <strong>Polo Educativo Pilar<\/strong> participan sin cargo, s\u00f3lo es requisito inscribirse en el link <a href=\"http:\/\/www.poloeducativopilar.org.ar\/inscripcion\"> www.poloeducativopilar.org.ar\/inscripcion<\/a>.<!--more--><\/p>\n<p>Informes y consultas escribiendo a <a href=\"mailto:info@poloeducativopilar.org.ar\"> info@poloeducativopilar.org.ar<\/a> Inscripci\u00f3n online en <a href=\"http:\/\/www.poloeducativopilar.org.ar\/inscripcion\"> www.poloeducativopilar.org.ar\/inscripcion<\/a>\u00a0 Todos los detalles en <a href=\"https:\/\/linktr.ee\/poloeducativopilar\"> <span style=\"font-weight: 400;\"> https:\/\/linktr.ee\/poloeducativopilar<\/span><\/a><\/p>\n<p>Adem\u00e1s, este a\u00f1o el Congreso contar\u00e1 con un int\u00e9rprete en lenguaje de se\u00f1as para hacerlo accesible a personas con dificultades para oir.<\/p>\n<p><a href=\"https:\/\/quasarcomunicacion.com.ar\/web\/wp-content\/uploads\/2020\/01\/auditorio3.gif\"><img class=\"aligncenter\" src=\"https:\/\/quasarcomunicacion.com.ar\/web\/wp-content\/uploads\/2020\/01\/auditorio3.gif\" \/><\/a><\/p>\n<p>En esta edici\u00f3n virtual que tendr\u00e1 como eje lo ocurrido en 2020 y los cambios que acarre\u00f3 la pandemia, el Congreso se desarrollar\u00e1 en dos jornadas, el Jueves 11 y viernes 12 de febrero\u00a0 de 9 a 13 hs. y de 15 a 19 hs.<\/p>\n<p>El programa de actividades se desarrollar\u00e1 de la siguiente manera:<\/p>\n<p><b> Jueves 11 de febrero\u00a0<\/b><\/p>\n<p><span style=\"font-weight: 400;\"> 9:00 <\/span> <b> \u00abEl prop\u00f3sito y la urgencia de transformaci\u00f3n sist\u00e9mica de la educaci\u00f3n\u00bb<\/b><span style=\"font-weight: 400;\">. MEN\u00c9NDEZ, PEPE<\/span><\/p>\n<p><span style=\"font-weight: 400;\"> 10:20 <\/span> <b> \u201cEl maestro que cambi\u00f3 tu vida\u201d.<\/b><span style=\"font-weight: 400;\"> JOHANSEN, FEDERICO con GUADAGNOLI MARIELA y MU\u00d1OZ, CAROLINA (F. Varkey)<\/span><\/p>\n<p><span style=\"font-weight: 400;\"> 11:00 <\/span> <b> \u00abDocentes innovadores: la educaci\u00f3n emocional en la escuela\u201d.<\/b><span style=\"font-weight: 400;\"> LATORRE, GLORIA<\/span><\/p>\n<p><span style=\"font-weight: 400;\"> 12:00 <\/span> <b> \u201cJaque Mate al modelo de educaci\u00f3n tradicional. Reflexiones y conclusiones a partir de los acontecimientos 2020\u201d<\/b><span style=\"font-weight: 400;\">. GONZ\u00c1LEZ MILBRANDT, M. BEL\u00c9N<\/span><\/p>\n<p><span style=\"font-weight: 400;\"> 14:25 <\/span> <b> \u00abRedescubriendo la naturaleza como aula\u201d<\/b><span style=\"font-weight: 400;\">. DUNN, PETER (La Lucena) y PROVVISIONATO, MARIA LAURA.<\/span><\/p>\n<p><span style=\"font-weight: 400;\"> 15:00 <\/span> <b> \u00abDiscalculia y Tecnolog\u00edas del Futuro\u00bb.<\/b><span style=\"font-weight: 400;\"> RIEZNIK, ANDRES<\/span><\/p>\n<p><span style=\"font-weight: 400;\"> 16:00 <\/span> <b> \u00abEl legado educativo de la pandemia\u00bb.<\/b><span style=\"font-weight: 400;\"> LA GRECA, JOS\u00c9 MAR\u00cdA y ALVAREZ KLAR, DARIO<\/span><\/p>\n<p><span style=\"font-weight: 400;\"> 17:00<\/span> <b> Taller Tik Tok educativo<\/b><span style=\"font-weight: 400;\">. GIMENEZ, CAROLINA<\/span><\/p>\n<p><span style=\"font-weight: 400;\"> 17:45 <\/span> <b> \u00abRedise\u00f1o del ecosistema educativo, educaci\u00f3n mediada por tecnolog\u00eda\u00bb.<\/b><span style=\"font-weight: 400;\">\u00a0 OTTAVIANO, MELANIA\u00a0<\/span><\/p>\n<p>&nbsp;<\/p>\n<p><b> Viernes 12 de febrero<\/b><\/p>\n<p><span style=\"font-weight: 400;\"> 9:00 <\/span> <b> \u201cEducar para el Bienestar: 10 propuestas para revalorizar los v\u00ednculos en la escuela\u201d<\/b><span style=\"font-weight: 400;\">. BERTOLINI, GRACE<\/span><\/p>\n<p><span style=\"font-weight: 400;\"> 10:00 <\/span> <b> Germinare y su aporte a una mejor educaci\u00f3n.<\/b><span style=\"font-weight: 400;\"> COQUET, SO<\/span>LANGE; PROVVISIONATO, MAR\u00cfA LAURA y ANDRADE, MARCELA<\/p>\n<p><span style=\"font-weight: 400;\"> 10:40 <\/span> <b> \u00abMentes Transformadoras. Vos innovas, el mundo cambia\u00bb. <\/b> <span style=\"font-weight: 400;\"> LARRARTE, LILIANA y ROLDAN SCHUTH, GRACIELA<\/span><\/p>\n<p><span style=\"font-weight: 400;\"> 11:10 <\/span> <b> \u00abUn cambio de paradigma: La lengua de se\u00f1as como segunda lengua. Biling\u00fcismo dentro del sistema educativo\u00bb<\/b><span style=\"font-weight: 400;\">. NUDMAN, ELISA<\/span><\/p>\n<p><span style=\"font-weight: 400;\"> 12:10 <\/span> <b> \u00abLa pasi\u00f3n se educa, construyendo un mundo de ojos brillantes\u00bb.<\/b><span style=\"font-weight: 400;\"> SCHUJMAN, ALEJANDRO<\/span><\/p>\n<p><span style=\"font-weight: 400;\"> 14:25 <\/span> <b> \u201cLas aulas a las que regresaremos\u201d.<\/b><span style=\"font-weight: 400;\"> RENAULT, GABRIELA<\/span><\/p>\n<p><span style=\"font-weight: 400;\"> 15:00 <\/span> <b> \u00abInteligencia socioemocional aplicada en tiempos desafiantes\u00bb.<\/b><span style=\"font-weight: 400;\"> FERNANDES, SILVINA<\/span><\/p>\n<p><span style=\"font-weight: 400;\"> 16:00 <\/span> <b> \u00abLa REconstrucci\u00f3n de las pr\u00e1cticas evaluativas. Una nueva relaci\u00f3n entre evaluador y evaluando\u00bb<\/b><span style=\"font-weight: 400;\">. S\u00c1NCHEZ, MAR\u00cdA LAURA<\/span><\/p>\n<p><span style=\"font-weight: 400;\"> 17:00 <\/span> <b> Fracaso y aprendizaje, \u00bfqu\u00e9 nos ense\u00f1a la pandemia?.<\/b><span style=\"font-weight: 400;\"> SEGURA, JUAN MARIA \/ PROVENZANO, FABI\u00c1N\u00a0 y RIVERA MARCELO<\/span><\/p>\n<p><span style=\"font-weight: 400;\"> 18:00 <\/span> <b> \u00abHumanizando la virtualidad desde la mirada de las neurociencias\u00bb.<\/b><span style=\"font-weight: 400;\"> PRAT GAY, LUCRECIA<\/span><\/p>\n<p>En esta edici\u00f3n, Revista Colegio (@revistacolegio) es \u00abMedia Sponsor\u00bb del Congreso. Y se suman Matic Solutions, Sesi y Glifing como sponsors. Adem\u00e1s, acompa\u00f1an las siguientes instituciones: Fundaci\u00f3n Germinare, HUB Educaci\u00f3n &amp; Innovaci\u00f3n, La Lucena, Qu\u00e1sar Comunicaci\u00f3n, Fundaci\u00f3n Nobleza Obliga, Fundaci\u00f3n Tinc, Proyecto Dane y Fundaci\u00f3n Varkey.<\/p>\n<p>Ya est\u00e1n abiertas las inscripciones en <a href=\"http:\/\/www.poloeducativopilar.org.ar\/inscripcion\"> www.poloeducativopilar.org.ar\/inscripcion. <\/a><\/p>\n<p>Si pertenecen a otros colegios\/instituciones o son profesionales independientes el costo de la inscripci\u00f3n es de $ 4.000 por persona. Por 3 o m\u00e1s participantes inscriptos de la misma instituci\u00f3n 10% de descuento.<\/p>\n<p>Para m\u00e1s informaci\u00f3n escribir a info@poloeducativopilar.org.ar o a trav\u00e9s de la p\u00e1gina web <a href=\"http:\/\/www.poloeducativopilar.org.ar\"> www.poloeducativopilar.org.ar<\/a>. Tambi\u00e9n podr\u00e1 hacer consultas en Facebook o instagram @poloeducativo\u00a0 Todos los detalles del Congreso en <a href=\"https:\/\/linktr.ee\/poloeducativopilar\"> <span style=\"font-weight: 400;\"> https:\/\/linktr.ee\/poloeducativopilar<\/span><\/a><\/p>\n<table width=\"100%\">\n<tbody>\n<tr>\n<td width=\"50%\"><strong> Candela Villanueva &#8211; Asistente de Cuentas<\/strong><\/p>\n<p><b> Directo<\/b><strong>: <\/strong> 0230-4664772<br \/>\n<b> Skype:<\/b> quasarcomunicacion<br \/>\n<b> Instagram<\/b>: @quasarcomunicacion<br \/>\n<b> Twitter:<\/b> @quasarpilar<br \/>\n<b> Gr<\/b><b>upo y p\u00e1gina en Facebook: <\/b> www.facebook.com\/<a href=\"mailto:mfipata@gmail.com\">Quasar<\/a>Comunicacion<br \/>\n<b> Web:<\/b> <a href=\"http:\/\/www.quasarcomunicacion.com.ar\"> www.quasarcomunicacion.com.ar<\/a><\/p>\n<p><b> Mail<\/b><strong>:<\/strong> <a href=\"mailto:fernanda@quasarcomunicacion.com.ar\"> candela<\/a><a href=\"mailto:fernanda@quasarcomunicacion.com.ar\">@quasarcomunicacion.com.ar<\/a><\/td>\n<td width=\"50%\"><strong> Lic. Mar\u00eda Fernanda Ipata &#8211; Directora<br \/>\n<\/strong> <b><br \/>\n<\/b> <b> M\u00f3vil:<\/b> 0230-15-4584535<br \/>\n<b> Whatsapp<\/b><b>:<\/b><a href=\"https:\/\/bit.ly\/2J4cUvm\"> 11 5312 6795<\/a><br \/>\n<a href=\"https:\/\/bit.ly\/2Sn1zLP\"> Enviar whatsapp aqu\u00ed<\/a><br \/>\n<b> Skype:<\/b> quasarcomunicacion<br \/>\n<b> LinkedIn<\/b><strong>:\u00a0 <\/strong> <strong> <a href=\"http:\/\/www.linkedin.com\/in\/mfipata\"> http:\/\/www.linkedin.com\/in\/mfipata<\/a><\/strong><br \/>\n<a href=\"https:\/\/www.linkedin.com\/company\/quasarcomunicacion\"> https:\/\/www.linkedin.com\/company\/quasarcomunicacion<\/a><br \/>\n<b> Instagram y Facebook:<\/b> @quasarcomunicacion <b><br \/>\nWeb:<\/b> <a href=\"http:\/\/www.quasarcomunicacion.com.ar\"> www.quasarcomunicacion.com.ar<\/a><br \/>\n<b> Mail<\/b><strong>:<\/strong><a href=\"mailto:fernanda@quasarcomunicacion.com.ar\"> fernanda@quasarcomunicacion.com.ar<\/a><br \/>\n<b> Canal de Telegram para acceder a comunicados:<\/b> https:\/\/t.me\/comunicadosQC<\/td>\n<\/tr>\n<\/tbody>\n<\/table>\n<p><strong> Acerca del Polo Educativo Pilar<\/strong><\/p>\n<p>El\u00a0<strong>Polo Educativo Pilar\u00a0<\/strong>es una asociaci\u00f3n civil sin fines de lucro que fue fundada en el a\u00f1o 2002, que re\u00fane a instituciones educativas tanto p\u00fablicas como privadas y tiene como objetivo principal el promover y desarrollar la educaci\u00f3n, p\u00fablica y privada, en todo el distrito.<\/p>\n<p>La asociaci\u00f3n nace a partir de 1999 cuando los directivos de los j\u00f3venes colegios privados de Pilar, junto con los que llevaban m\u00e1s a\u00f1os en la ciudad, comienzan a reunirse para considerar sus problem\u00e1ticas comunes. Este hecho, in\u00e9dito en la educaci\u00f3n privada en la Argentina, alcanza un alto grado de sinergia cuando los Colegios deciden trazar un plan para convertir al Partido de Pilar en una localidad que sea conocida por su alto nivel educativo, tanto en las instituciones privadas como en las p\u00fablicas. Con esa idea, un grupo original de 14 Colegios de distintos niveles, funda el\u00a0<strong>Polo Educativo Pilar<\/strong>.<\/p>\n<p>Cabe destacar que entidad obtuvo su personer\u00eda jur\u00eddica en diciembre de 2004 bajo el Nro. 7000\/04 expedido por la Inspecci\u00f3n de Persona jur\u00eddica de la Provincia de Buenos Aires. En el a\u00f1o 2003 es declarada entidad de Bien P\u00fablico por el Municipio de Pilar por Decreto Municipal Nro. 6679\/2003.<\/p>\n","protected":false},"excerpt":{"rendered":"<p>El pr\u00f3ximo 11 y 12 de febrero, en formato virtual, el Polo Educativo Pilar organiza el XVII Congreso de Educaci\u00f3n. [&hellip;]<\/p>\n","protected":false},"author":2,"featured_media":10026,"comment_status":"open","ping_status":"open","sticky":false,"template":"","format":"standard","meta":[],"categories":[2],"tags":[],"_links":{"self":[{"href":"https:\/\/quasarcomunicacion.com.ar\/web\/wp-json\/wp\/v2\/posts\/10753"}],"collection":[{"href":"https:\/\/quasarcomunicacion.com.ar\/web\/wp-json\/wp\/v2\/posts"}],"about":[{"href":"https:\/\/quasarcomunicacion.com.ar\/web\/wp-json\/wp\/v2\/types\/post"}],"author":[{"embeddable":true,"href":"https:\/\/quasarcomunicacion.com.ar\/web\/wp-json\/wp\/v2\/users\/2"}],"replies":[{"embeddable":true,"href":"https:\/\/quasarcomunicacion.com.ar\/web\/wp-json\/wp\/v2\/comments?post=10753"}],"version-history":[{"count":2,"href":"https:\/\/quasarcomunicacion.com.ar\/web\/wp-json\/wp\/v2\/posts\/10753\/revisions"}],"predecessor-version":[{"id":10755,"href":"https:\/\/quasarcomunicacion.com.ar\/web\/wp-json\/wp\/v2\/posts\/10753\/revisions\/10755"}],"wp:featuredmedia":[{"embeddable":true,"href":"https:\/\/quasarcomunicacion.com.ar\/web\/wp-json\/wp\/v2\/media\/10026"}],"wp:attachment":[{"href":"https:\/\/quasarcomunicacion.com.ar\/web\/wp-json\/wp\/v2\/media?parent=10753"}],"wp:term":[{"taxonomy":"category","embeddable":true,"href":"https:\/\/quasarcomunicacion.com.ar\/web\/wp-json\/wp\/v2\/categories?post=10753"},{"taxonomy":"post_tag","embeddable":true,"href":"https:\/\/quasarcomunicacion.com.ar\/web\/wp-json\/wp\/v2\/tags?post=10753"}],"curies":[{"name":"wp","href":"https:\/\/api.w.org\/{rel}","templated":true}]}}